{"id":1029,"date":"2012-08-30T12:23:19","date_gmt":"2012-08-30T10:23:19","guid":{"rendered":"http:\/\/www.darkart.cz\/?p=1029"},"modified":"2012-11-27T19:13:14","modified_gmt":"2012-11-27T17:13:14","slug":"digitalni-malba-na-konferenci-splash-2012","status":"publish","type":"post","link":"https:\/\/darkart.cz\/?p=1029","title":{"rendered":"Digit\u00e1ln\u00ed malba na konferenci SPLASH 2012"},"content":{"rendered":"<p style=\"text-align: justify;\"><a href=\"http:\/\/www.darkart.cz\/wp-content\/2012\/08\/digital_p.jpg\" rel=\"lightbox[pics1029]\"><img loading=\"lazy\" class=\"alignleft size-thumbnail wp-image-1030\" title=\"digital_p\" src=\"http:\/\/www.darkart.cz\/wp-content\/2012\/08\/digital_p-200x67.jpg\" alt=\"\" width=\"200\" height=\"67\" srcset=\"https:\/\/darkart.cz\/wp-content\/2012\/08\/digital_p-200x67.jpg 200w, https:\/\/darkart.cz\/wp-content\/2012\/08\/digital_p-1024x345.jpg 1024w, https:\/\/darkart.cz\/wp-content\/2012\/08\/digital_p.jpg 1186w\" sizes=\"(max-width: 200px) 100vw, 200px\" \/><\/a>Grafick\u00e1 konference <a title=\"SPLASH\" href=\"http:\/\/www.get-splashed.cz\" target=\"_blank\">SPLASH<\/a> po\u0159\u00e1dan\u00e1 8.-9. z\u00e1\u0159\u00ed v Praze nov\u011b p\u0159in\u00e1\u0161\u00ed n\u011bco i pro z\u00e1jemce o digit\u00e1ln\u00ed malbu. Pokud nezav\u00e1h\u00e1te a i v takto \u0161ibeni\u010dn\u00edm term\u00ednu akci nav\u0161t\u00edv\u00edte, budete m\u00edt mo\u017enost si v ostr\u00e9m provozu vyzkou\u0161et profesion\u00e1ln\u00ed grafick\u00e9 tablety firmy Wacom. T\u011b\u0161it se m\u016f\u017eete na modely Intuos, Cintiq 22HD a nejvy\u0161\u0161\u00ed model Cintiq 24HD Touch. Podle po\u0159adatel\u016f by m\u011bly b\u00fdt p\u0159ipraveny i v\u00fdstavn\u00ed slevy pro p\u0159\u00edpadn\u00e9 z\u00e1jemce, kte\u0159\u00ed by se obr\u00e1tili na sponzora a zaji\u0161\u0165ovatele tablet\u016f, firmu AW|Graph. Mo\u017enost osobn\u011b si vyzkou\u0161et pr\u00e1v\u011b tablety Cintiq je pom\u011brn\u011b vz\u00e1cn\u00e1, co\u017e je jeden z d\u016fvod\u016f, pro\u010d o akci informuji. Druh\u00fdm d\u016fvodem je pak p\u0159edn\u00e1\u0161ka &#8220;Z\u00e1klady digit\u00e1ln\u00ed malby&#8221; na kterou po p\u0159est\u00e1vce navazuje podrobn\u011bj\u0161\u00ed &#8220;Specifick\u00e9 postupy a techniky v digit\u00e1ln\u00ed malb\u011b&#8221;. M\u011blo by j\u00edt o jak\u00fdsi z\u00e1kladn\u00ed k\u00e1men podpory 2D autor\u016f v r\u00e1mci konference SPLASH, na kter\u00e9m by se stav\u011blo i v budoucnu. Ujal jsem se role p\u0159edn\u00e1\u0161ej\u00edc\u00edho a b\u011bhem dvou hodin se pokus\u00edm vysv\u011btlit maximum z v\u00fd\u0161e jmenovan\u00fdch t\u00e9mat. V\u00edce informac\u00ed najdete na webu konference: <a title=\"SPLASH\" href=\"http:\/\/www.get-splashed.cz\" target=\"_blank\">www.get-splashed.cz<\/a><\/p>\n","protected":false},"excerpt":{"rendered":"<p>Grafick\u00e1 konference SPLASH po\u0159\u00e1dan\u00e1 8.-9. z\u00e1\u0159\u00ed v Praze nov\u011b p\u0159in\u00e1\u0161\u00ed n\u011bco i pro z\u00e1jemce o digit\u00e1ln\u00ed malbu. Pokud nezav\u00e1h\u00e1te a i v takto \u0161ibeni\u010dn\u00edm term\u00ednu akci nav\u0161t\u00edv\u00edte, budete m\u00edt mo\u017enost si v ostr\u00e9m provozu vyzkou\u0161et profesion\u00e1ln\u00ed grafick\u00e9 tablety firmy Wacom. T\u011b\u0161it se m\u016f\u017eete na modely Intuos, Cintiq 22HD a nejvy\u0161\u0161\u00ed model Cintiq 24HD Touch. Podle [&hellip;]<\/p>\n","protected":false},"author":1,"featured_media":0,"comment_status":"open","ping_status":"open","sticky":false,"template":"","format":"standard","meta":{"ngg_post_thumbnail":0},"categories":[31],"tags":[143,93,142,123],"_links":{"self":[{"href":"https:\/\/darkart.cz\/index.php?rest_route=\/wp\/v2\/posts\/1029"}],"collection":[{"href":"https:\/\/darkart.cz\/index.php?rest_route=\/wp\/v2\/posts"}],"about":[{"href":"https:\/\/darkart.cz\/index.php?rest_route=\/wp\/v2\/types\/post"}],"author":[{"embeddable":true,"href":"https:\/\/darkart.cz\/index.php?rest_route=\/wp\/v2\/users\/1"}],"replies":[{"embeddable":true,"href":"https:\/\/darkart.cz\/index.php?rest_route=%2Fwp%2Fv2%2Fcomments&post=1029"}],"version-history":[{"count":4,"href":"https:\/\/darkart.cz\/index.php?rest_route=\/wp\/v2\/posts\/1029\/revisions"}],"predecessor-version":[{"id":1033,"href":"https:\/\/darkart.cz\/index.php?rest_route=\/wp\/v2\/posts\/1029\/revisions\/1033"}],"wp:attachment":[{"href":"https:\/\/darkart.cz\/index.php?rest_route=%2Fwp%2Fv2%2Fmedia&parent=1029"}],"wp:term":[{"taxonomy":"category","embeddable":true,"href":"https:\/\/darkart.cz\/index.php?rest_route=%2Fwp%2Fv2%2Fcategories&post=1029"},{"taxonomy":"post_tag","embeddable":true,"href":"https:\/\/darkart.cz\/index.php?rest_route=%2Fwp%2Fv2%2Ftags&post=1029"}],"curies":[{"name":"wp","href":"https:\/\/api.w.org\/{rel}","templated":true}]}}