{"id":112,"date":"2004-11-13T18:22:48","date_gmt":"2004-11-13T16:22:48","guid":{"rendered":"http:\/\/www.darkart.cz\/?p=112"},"modified":"2008-05-02T13:42:18","modified_gmt":"2008-05-02T11:42:18","slug":"hr-giger-v-parizi","status":"publish","type":"post","link":"https:\/\/darkart.cz\/?p=112","title":{"rendered":"H.R. Giger v Pa\u0159\u00ed\u017ei"},"content":{"rendered":"<p style=\"text-align: justify;\"><a title=\"giger_paris\" rel=\"lightbox[pics112]\" href=\"http:\/\/www.darkart.cz\/wp-content\/giger_paris.jpg\"><img loading=\"lazy\" class=\"attachment wp-att-113 alignleft\" style=\"float: left; margin-right: 10px;\" src=\"http:\/\/www.darkart.cz\/wp-content\/giger_paris.thumbnail.jpg\" alt=\"giger_paris\" width=\"200\" height=\"163\" \/><\/a>Le monde selon HR Giger<br \/>\nvelk\u00e1 retrospektivn\u00ed v\u00fdstava v Pa\u0159\u00ed\u017ei<br \/>\n16.9.2004 &#8211; 06. 03. 2005<\/p>\n<p class=\"MsoNormal\">text: Honza Pod\u0161kubka<br \/>\n<a style=\"text-decoration: none; font-family: Arial; font-size: 10pt; font-weight: bold;\" href=\"http:\/\/www.presse-hallesaintpierre.org\/\" target=\"_blank\"><\/a><\/p>\n<p class=\"MsoNormal\" style=\"text-align: justify;\">Samotn\u00e1 cesta pro mne            za\u010d\u00edn\u00e1 u\u017e v p\u00e1tek, jeliko\u017e let\u00edme brzy r\u00e1no v sobotu.<\/p>\n<p class=\"MsoNormal\" style=\"text-align: justify;\">Jedu do Prahy o den d\u0159\u00edve,            d\u00e1v\u00e1m si  p\u00e1r dobr\u00fdch piv a jdeme s Angelem k n\u011bmu dom\u016f, kde budu            nocovat. Angelo mi ukazuje jeho nov\u00e9 p\u0159\u00edr\u016fstky ve sb\u00edrce, n\u011bco po 10.            uleh\u00e1m. Moc toho ale nenasp\u00edm, z\u00edtra je p\u0159ece ten velk\u00fd den.<\/p>\n<p class=\"MsoNormal\" style=\"text-align: justify;\">Ve \u010dty\u0159i vst\u00e1v\u00e1me a            jedeme na leti\u0161t\u011b, m\u00e1me sebou je\u0161t\u011b Angelova spolupracovn\u00edka Honzu.            Rozhodli jsme se pro letadlo, proto\u017ee cena je skoro stejn\u00e1 jako u            autobusu, ale let trv\u00e1 jen 1,5 hodiny. Po vy\u0159\u00edzen\u00ed v\u0161ech formalit jsme            v letadle, kter\u00e9 vzl\u00e9t\u00e1 p\u0159esn\u011b podle letov\u00e9ho \u0159\u00e1du. O p\u016fl osm\u00e9 jsme            v Pa\u0159\u00ed\u017ei na leti\u0161ti.<!--more--> Kupujeme si dvoudenn\u00ed j\u00edzdenku na metro (27EUR) a            p\u0159esouv\u00e1me se do centra. Po dev\u00e1t\u00e9 jsme u galerie. Metro stav\u00ed kousek            od n\u00ed. Fot\u00edme se u reklamn\u00edho pl\u00e1tna s Li I, vevnit\u0159 se samoz\u0159ejm\u011b            fotografovat nesm\u00ed. To u\u017e v\u00edme. M\u00e1me je\u0161t\u011b hodinu do otev\u0159en\u00ed, tak            jdeme ke kostelu Sacre Coeur, kter\u00fd je hned vedle.<\/p>\n<p class=\"MsoNormal\" style=\"text-align: justify;\">\n<p class=\"MsoNormal\" style=\"text-align: justify;\">Po des\u00e1t\u00e9 tedy vstupujeme            do j\u00e1my lvov\u00e9. Vlevo kav\u00e1rna, vpravo pokladna a obch\u016fdek s knihami.            Kupujeme vstupenku za 7EUR, odkl\u00e1d\u00e1me batohy a hur\u00e1 na Gigera. Za            \u010dern\u00fdm z\u00e1v\u011bsem, nad n\u00edm\u017e je logo Gigerova muzea, je to, pro\u010d jsem se            plaho\u010dil do Pa\u0159\u00ed\u017ee. Cel\u00e1 m\u00edstnost je \u010dern\u00e1 a spo\u0159e osv\u011btlen\u00e1. Hned            vlevo za vitr\u00ednou jsou v\u011bci od McFarlana. Ji\u017e vydan\u00e1 so\u0161ka Li II, t\u0159i            d\u00edly z dosud nevy\u0161l\u00e9ho Passage Templu a Giger gnome, co\u017e je takov\u00e1            so\u0161ka ve stylu fantasy, kde sk\u0159\u00edtka p\u0159edstavuje s\u00e1m Mistr &#8211; je zde i            se svou ko\u010dkou. Ale pojdme d\u00e1l, ke skute\u010dn\u00e9mu um\u011bn\u00ed &#8211; hned vedle jsou            dva kusy nedokon\u010den\u00fdch airbrush\u00ed, na kter\u00fdch je vid\u011bt, jak Giger            pracoval.<\/p>\n<p class=\"MsoNormal\" style=\"text-align: justify;\">P\u0159esouv\u00e1me se d\u00e1l, a tady            u\u017e to za\u010d\u00edn\u00e1 jeden skvost vedle druh\u00e9ho, jen nam\u00e1tkou:<\/p>\n<p class=\"MsoNormal\" style=\"text-align: justify;\">National Park, Cataract,            Spell I, Crowley,\u2026 a hlavn\u011b cel\u00fd Passage Temple. Jak se druh\u00fd den            dozv\u00edd\u00e1me od Marca, ta nejd\u016fle\u017eit\u011bj\u0161\u00ed v\u011bc na v\u00fdstav\u011b. Jedn\u00e1 se vlastn\u011b            o m\u00edstnost do kter\u00e9 se vstupuje jednou st\u011bnou, kter\u00e1 m\u00e1 otvor ve tvaru            \u010dlov\u011bka, otvor asi d\u011blal Giger na sebe, proto\u017ee j\u00e1 m\u00e1m probl\u00e9m se t\u00edm            mal\u00fdm otvorem dostat dovnit\u0159. Vyl\u00e9z\u00e1m z Templu a sleduji hologram Sil            z horroru Mutant (v origin\u00e1le Species).<\/p>\n<p class=\"MsoNormal\" style=\"text-align: justify;\">Uprost\u0159ed m\u00edstnosti je            n\u00e1bytek z muzea, Harkonnenovy \u017eidle a st\u016fl, vedle vitr\u00edna s notn\u011b            po\u0161kozenou origin\u00e1ln\u00ed hlavou vet\u0159elce z prvn\u00ed \u010d\u00e1sti s\u00e1gy. Je zde i            cel\u00fd vet\u0159elec. V zadn\u00ed \u010d\u00e1sti se vrac\u00edme k p\u0159edairbrushov\u00e9 \u00e9\u0159e Gigera.            A tady je m\u016fj obl\u00edbenec Aleph. Jsem uchv\u00e1cen. Vedle n\u011bj p\u00e1r            perokreseb, a portfolio Ein fressen fur der Psychiater. Vych\u00e1z\u00edme            z \u010dern\u00e9 m\u00edstnosti a po schodech nahoru p\u0159ich\u00e1z\u00edme do b\u00edl\u00e9 m\u00edstnosti,            kter\u00e9 v\u00e9vod\u00ed Spell IV, je zde zase mnoho a mnoho airbrush\u00ed, nam\u00e1tkou            NY City s\u00e9rie, Kim I, dokonce i origin\u00e1l Li I, o kter\u00e9m jsem v\u016fbec            netu\u0161il, \u017ee existuje, znal jsem pouze fotogravuru..<\/p>\n<p class=\"MsoNormal\" style=\"text-align: justify;\">Je zde i hodn\u011b soch,            Biomechanoid 2002 je \u00fa\u017easn\u00fd.<\/p>\n<p class=\"MsoNormal\" style=\"text-align: justify;\">Sch\u00e1z\u00edme dol\u016f po schodech            plni maxim\u00e1ln\u00edho uspokojen\u00ed. Kupujeme katalog, kter\u00fd obsahuje v\u0161echny            vystaven\u00e9 kousky. Je v pevn\u00e9 vazb\u011b a stoj\u00ed 45EUR. V kav\u00e1rn\u011b si d\u00e1v\u00e1me            kaf\u00ed\u010dko a pak hur\u00e1 na hotel.<\/p>\n<p class=\"MsoNormal\" style=\"text-align: justify;\">Ten je jen kousek od            galerie. Pokoj pro t\u0159i osoby m\u00e1 dv\u011b toalety a dv\u011b sprchy a stoj\u00ed pouze            75EUR za noc, tak\u017ee pohoda. Sice kolem sam\u00fd sexshop, ale klid. Na            pokoji nech\u00e1v\u00e1me batohy a hur\u00e1 za architekturou Pa\u0159\u00ed\u017ee. Moji dva            spoluv\u00fdletn\u00edci jsou toti\u017e architekti. Ve\u010der kupujeme v\u00edno, trochu            popijeme a jdeme sp\u00e1t.<\/p>\n<p class=\"MsoNormal\" style=\"text-align: justify;\">Druh\u00fd den dopoledne op\u011bt            n\u011bjak\u00e9 pam\u00e1tky a pak zp\u011bt do galerie. D\u00e1v\u00e1me si kafe a slan\u00fd kol\u00e1\u010d se            sal\u00e1tem, kter\u00fd byl v\u00fdborn\u00fd. Po p\u016fl t\u0159et\u00ed dor\u00e1\u017e\u00ed Marco z Curychu.            Chv\u00edli si pov\u00edd\u00e1me o Gigerovi, a pak nast\u00e1v\u00e1 okam\u017eik, o kter\u00e9m jsem            snil \u0159adu posledn\u00edch let. Marco vytahuje mal\u00fd tubus. Otv\u00edr\u00e1 ho a            ukazuje mi obsah. Je to origin\u00e1ln\u00ed airbrush od Gigera. A j\u00e1 se st\u00e1v\u00e1m            vlastn\u00edkem toho skvostu. Jak Marco \u0159\u00edk\u00e1, jsem patrn\u011b prvn\u00ed ve v\u00fdchodn\u00ed            Evrop\u011b. V\u0161echna krev se mi \u017eene do hlavy, nem\u016f\u017eu ani mluvit, jen k\u00fdvu            hlavou. U\u017e v\u00edm jak se c\u00edtil \u0160ebrle, kdy\u017e vyhr\u00e1l olympi\u00e1du, je to            slastn\u00fd pocit. Schov\u00e1v\u00e1m malbu a jdeme s n\u00edm je\u0161t\u011b jednou dovnit\u0159            galerie, dost\u00e1v\u00e1me od n\u011bj informace k jednotliv\u00fdm obraz\u016fm.<\/p>\n<p class=\"MsoNormal\" style=\"text-align: justify;\">Pak se se slovy           \u201cSee you in Prague\u201d            lou\u010d\u00edme, vyr\u00e1\u017e\u00edme k Eiffelovce se rozlou\u010dit s Par\u00ed\u017e\u00ed. Ve\u010der s hodinov\u00fdm            zpo\u017ed\u011bn\u00edm odl\u00e9t\u00e1me dom\u016f.<\/p>\n<p class=\"MsoNormal\" style=\"text-align: justify;\">Mus\u00edm p\u0159iznat, v\u00fdstava            opravdu stoj\u00ed za to. M\u016f\u017eu srovn\u00e1vat i s muzeem, kde bylo dost kopi\u00ed,            kde\u017eto tady je p\u0159es 200 d\u011bl, sam\u00e9 origin\u00e1ly a jen p\u00e1r litografi\u00ed.            Jedin\u00e1 \u0161koda, \u017ee Giger nemohl vz\u00edt z muzea v\u0161echno. Pak by to bylo            \u00fapln\u011b bez chyby.<\/p>\n<p class=\"MsoNormal\" style=\"text-align: justify;\">Ale i tak ty dv\u011b n\u00e1v\u0161t\u011bvy            b\u011bhem dvou dn\u00ed byly m\u00e1lo, cht\u011blo by to tak t\u00fdden, je toho tam opravdu            hodn\u011b.<\/p>\n<p class=\"MsoNormal\" style=\"text-align: justify;\">Tak\u017ee kdo m\u00e1 pen\u00edze a \u010das,            tak doporu\u010duji si tam zalet\u011bt. Pokud je nem\u00e1te, tak si po\u010dkejte a snad            to v\u0161echno dob\u0159e dopadne a v\u00fdstava bude p\u0159\u00ed\u0161t\u00ed rok v Praze. A pokud            chcete vid\u011bt jak to tam vypad\u00e1 tak se mrkn\u011bt\u011b na:<\/p>\n<p class=\"MsoNormal\" style=\"text-align: justify;\"><a style=\"text-decoration: none; font-family: Arial; font-size: 10pt; font-weight: bold;\" href=\"http:\/\/www.unbreakable3.com\/giger\/index.htm\" target=\"_blank\"> http:\/\/www.unbreakable3.com\/giger\/index.htm<\/a><\/p>\n<p style=\"text-align: justify;\">odkaz na galerii: <a style=\"text-decoration: none; font-family: Arial; font-size: 10pt; font-weight: bold;\" href=\"http:\/\/www.presse-hallesaintpierre.org\/\" target=\"_blank\">http:\/\/www.presse-hallesaintpierre.org<\/a><\/p>\n<p style=\"text-align: justify;\">P\u0159\u00edb\u011bh            obrazu Li I:<\/p>\n<p style=\"text-align: justify;\"><a title=\"li-i-1974-70x100cm\" rel=\"lightbox[pics112]\" href=\"http:\/\/www.darkart.cz\/wp-content\/li-i-1974-70x100cm.jpg\"><img loading=\"lazy\" class=\"attachment wp-att-114 alignleft\" style=\"float: left; margin-right: 10px;\" src=\"http:\/\/www.darkart.cz\/wp-content\/li-i-1974-70x100cm.thumbnail.jpg\" alt=\"li-i-1974-70x100cm\" width=\"200\" height=\"148\" \/><\/a>Jeden z            nejzn\u00e1m\u011bj\u0161\u00edch Gigerov\u00fdch obraz\u016f, Li I (na fotografii na pouta\u010di), byl            namalov\u00e1n airbrushem na pap\u00edr akrylov\u00fdmi barvami, jako v\u011bt\u0161ina            Gigerov\u00fdch origin\u00e1ln\u00edch maleb. Nicm\u00e9n\u011b je velmi m\u00e1lo zn\u00e1m\u00fdm faktem, \u017ee            origin\u00e1ln\u00ed malba byla zni\u010dena Gigerovou p\u0159\u00edtelkyn\u00ed Li, kr\u00e1tce po tom,            co ji dokon\u010dil. Roztrhala obraz na \u010dty\u0159i kusy se slovy: &#8220;Ud\u011blal jsi m\u011b            o\u0161klivou!&#8221; Gigerovo mistrovsk\u00e9 d\u00edlo tak p\u0159e\u017eilo ve 190 fotogravur\u00e1ch, kter\u00e9 byly            publikov\u00e1ny v roce 1978 (t\u0159i roky po tom, co se Li zast\u0159elila). Li I            edice je tak dal\u0161\u00ed, kterou kdy Giger vytvo\u0159il fotogravurn\u00ed            technikou (dal\u0161\u00ed obrazy nap\u0159. Friedrich K\u00fchn a n\u011bkter\u00e9 dal\u0161\u00ed, na nich\u017e            ale Giger d\u00e1le nepracoval). V\u0161ech 190 tisk\u016f v t\u00e9to edici m\u016f\u017ee b\u00fdt pova\u017eov\u00e1no za            origin\u00e1ly, proto\u017ee Giger na ka\u017ed\u00e9m z nich pracoval airbrushem, aby            zes\u00edlil v\u0161echny sv\u011btl\u00e9 plochy a odlesky. Origin\u00e1ln\u00ed malba nebyla nikdy            obnovena. Tento pravdiv\u00fd p\u0159\u00edb\u011bh je nazna\u010den v knize Giger\u00b4s            Necronomicon. Porovn\u00e1n\u00edm popisku obrazu Li I na stran\u011b 30 s ostatn\u00edmi            popisky pod dal\u0161\u00edmi obrazy v knize. V\u0161echny ostatn\u00ed origin\u00e1ln\u00ed malby            jsou pops\u00e1ny jako pr\u00e1ce akrylem na pap\u00ed\u0159e nalepen\u00e9m na d\u0159ev\u011bn\u00e9 desce,            jen Li I origin\u00e1l je pops\u00e1n jako fotogravura. Edice byla vyprod\u00e1na v            roce 1983. V r\u00e1mci v\u00fdstavy je vystavov\u00e1n poni\u010den\u00fd origin\u00e1l.<\/p>\n","protected":false},"excerpt":{"rendered":"<p>Le monde selon HR Giger velk\u00e1 retrospektivn\u00ed v\u00fdstava v Pa\u0159\u00ed\u017ei 16.9.2004 &#8211; 06. 03. 2005 text: Honza Pod\u0161kubka Samotn\u00e1 cesta pro mne za\u010d\u00edn\u00e1 u\u017e v p\u00e1tek, jeliko\u017e let\u00edme brzy r\u00e1no v sobotu. Jedu do Prahy o den d\u0159\u00edve, d\u00e1v\u00e1m si p\u00e1r dobr\u00fdch piv a jdeme s Angelem k n\u011bmu dom\u016f, kde budu nocovat. Angelo mi [&hellip;]<\/p>\n","protected":false},"author":1,"featured_media":0,"comment_status":"open","ping_status":"open","sticky":false,"template":"","format":"standard","meta":{"ngg_post_thumbnail":0},"categories":[31],"tags":[36,37],"_links":{"self":[{"href":"https:\/\/darkart.cz\/index.php?rest_route=\/wp\/v2\/posts\/112"}],"collection":[{"href":"https:\/\/darkart.cz\/index.php?rest_route=\/wp\/v2\/posts"}],"about":[{"href":"https:\/\/darkart.cz\/index.php?rest_route=\/wp\/v2\/types\/post"}],"author":[{"embeddable":true,"href":"https:\/\/darkart.cz\/index.php?rest_route=\/wp\/v2\/users\/1"}],"replies":[{"embeddable":true,"href":"https:\/\/darkart.cz\/index.php?rest_route=%2Fwp%2Fv2%2Fcomments&post=112"}],"version-history":[{"count":0,"href":"https:\/\/darkart.cz\/index.php?rest_route=\/wp\/v2\/posts\/112\/revisions"}],"wp:attachment":[{"href":"https:\/\/darkart.cz\/index.php?rest_route=%2Fwp%2Fv2%2Fmedia&parent=112"}],"wp:term":[{"taxonomy":"category","embeddable":true,"href":"https:\/\/darkart.cz\/index.php?rest_route=%2Fwp%2Fv2%2Fcategories&post=112"},{"taxonomy":"post_tag","embeddable":true,"href":"https:\/\/darkart.cz\/index.php?rest_route=%2Fwp%2Fv2%2Ftags&post=112"}],"curies":[{"name":"wp","href":"https:\/\/api.w.org\/{rel}","templated":true}]}}