{"id":1131,"date":"2013-03-01T15:50:18","date_gmt":"2013-03-01T13:50:18","guid":{"rendered":"http:\/\/www.darkart.cz\/?p=1131"},"modified":"2013-03-01T15:50:18","modified_gmt":"2013-03-01T13:50:18","slug":"firma-czc-cz-neopravnene-uzila-mou-praci","status":"publish","type":"post","link":"https:\/\/darkart.cz\/?p=1131","title":{"rendered":"Firma CZC.cz neopr\u00e1vn\u011bn\u011b u\u017eila mou pr\u00e1ci"},"content":{"rendered":"<p style=\"text-align: justify;\"><a href=\"http:\/\/www.darkart.cz\/wp-content\/2012\/10\/news.jpg\" rel=\"lightbox[pics1131]\"><img loading=\"lazy\" class=\"size-thumbnail wp-image-1072 alignleft\" title=\"news\" src=\"http:\/\/www.darkart.cz\/wp-content\/2012\/10\/news-200x152.jpg\" alt=\"\" width=\"200\" height=\"152\" srcset=\"https:\/\/darkart.cz\/wp-content\/2012\/10\/news-200x152.jpg 200w, https:\/\/darkart.cz\/wp-content\/2012\/10\/news-500x380.jpg 500w, https:\/\/darkart.cz\/wp-content\/2012\/10\/news.jpg 768w\" sizes=\"(max-width: 200px) 100vw, 200px\" \/><\/a>Loni na podzim prob\u011bhnul incident, kter\u00fd se, nejenom mn\u011b, st\u00e1v\u00e1 pom\u011brn\u011b \u010dasto. M\u00e1 pr\u00e1ce byla neopr\u00e1vn\u011bn\u011b pou\u017eita pro komer\u010dn\u00ed \u00fa\u010dely firmou, kter\u00e1 samoz\u0159ejm\u011b disponuje prost\u0159edky, kter\u00fdmi by mohla takovou pr\u00e1ci pro sv\u00e9 \u00fa\u010dely z\u00edskat zcela leg\u00e1ln\u011b, f\u00e9rov\u011b a tak, jak je dobr\u00fdm zvykem. M\u00e1 star\u0161\u00ed grafika Cyberpunk symphony se objevila v newsletteru firmy CZC.cz z 4.10.2012, kter\u00fd chod\u00ed tis\u00edc\u016fm z\u00e1kazn\u00edk\u016f do jejich e-mailov\u00fdch schr\u00e1nek. Vmontovan\u00e1 do obrazovky notebooku poslou\u017eila jako ozvl\u00e1\u0161tn\u011bn\u00ed po\u010d\u00edta\u010de od HP, jak m\u016f\u017eete vid\u011bt na v\u00fd\u0159ezu z tohoto newsletteru, kter\u00fd je dodnes zrcadlen\u00fd a archivovan\u00fd na str\u00e1nk\u00e1ch CZC.cz (samoz\u0159ejm\u011b ji\u017e bez m\u00e9 grafiky).<!--more--><\/p>\n<p style=\"text-align: justify;\">Firma CZC.cz pou\u017eila tuto grafiku ve sv\u00e9m komer\u010dn\u00edm materi\u00e1lu, zrcadlen\u00e9m a archivovan\u00e9m i na jejich str\u00e1nk\u00e1ch zcela neopr\u00e1vn\u011bn\u011b, v p\u0159\u00edm\u00e9m rozporu s autorsk\u00fdm z\u00e1konem \u010cesk\u00e9 republiky. Firma CZC.cz nevlastnila a do dne\u0161n\u00edho dne nevlastn\u00ed jedin\u00fd z\u00e1konem uznateln\u00fd materi\u00e1l, kter\u00fd by ji oprav\u0148oval k u\u017eit\u00ed m\u00e9 pr\u00e1ce ve sv\u00e9m komer\u010dn\u00edm newsletteru.<\/p>\n<p style=\"text-align: justify;\">\nO neopr\u00e1vn\u011bn\u00e9m u\u017eit\u00ed jsem se dozv\u011bd\u011bl d\u00edky upozorn\u011bn\u00ed p\u0159\u00e1tel a proto\u017ee jsem byl s\u00e1m z\u00e1kazn\u00edkem CZC.cz, tak jsem si mohl paradoxn\u011b toto poru\u0161en\u00ed autorsk\u00e9ho z\u00e1kona prohl\u00e9dnout p\u0159\u00edmo ve sv\u00e9m mailboxu.<\/p>\n<p style=\"text-align: justify;\">\nTou dobou byl ji\u017e newsletter n\u011bkolik dn\u00ed &#8220;venku&#8221; a jak ka\u017ed\u00fd marketingov\u00fd specialista v\u00ed, prob\u00edhala jeho nejefektivn\u011bj\u0161\u00ed f\u00e1ze p\u016fsoben\u00ed. Po celou tuto dobu byla v materi\u00e1lu CZC.cz neopr\u00e1vn\u011bn\u011b za\u010dlen\u011bna m\u00e1 zm\u00edn\u011bn\u00e1 grafika. Samoz\u0159ejm\u011b jsem se ozval s t\u00edm, \u017ee grafika je u\u017eita neopr\u00e1vn\u011bn\u011b, \u017ee firma CZC.cz po\u0161kozuje moje autorsk\u00e1 pr\u00e1va a \u017ee si nep\u0159eji, aby byla moje grafika d\u00e1le v komer\u010dn\u00edm materi\u00e1lu p\u0159\u00edtomna. Na z\u00e1klad\u011b tohoto protestu musela firma CZC.cz grafiku odstranit, co\u017e byl nevyhnuteln\u00fd krok vypl\u00fdvaj\u00edc\u00ed ze z\u00e1kona.<\/p>\n<p style=\"text-align: justify;\">U slu\u0161n\u00fdch lid\u00ed a profesion\u00e1l\u016f, nikoliv v\u0161ak u firmy CZC.cz,\u00a0 n\u00e1sleduje obvykle omluva, kter\u00e1 m\u00e1 upravit po\u0161ramocen\u00e9 vztahy a n\u011bkdy tak\u00e9 kompenzace, jako vst\u0159\u00edcn\u00fd krok. Firma CZC.cz v\u0161ak neu\u010dinila ani jedno. Ni\u010deho takov\u00e9ho jsem se od CZC.cz dodnes nedo\u010dkal, m\u00edsto toho n\u00e1sledovala otravn\u00e1 a \u00fanavn\u00e1 tahanice s marketingov\u00fdm \u0159editelem Markem \u0160alandou, kter\u00fd zcela c\u00edlen\u011b odm\u00edtal p\u0159ijmout odpov\u011bdnost firmy CZC.cz za svoje marketingov\u00e9 materi\u00e1ly, ve kter\u00fdch neopr\u00e1vn\u011bn\u011b pou\u017eila mou grafiku, z\u00e1rove\u0148 neust\u00e1le ozna\u010doval jako odpov\u011bdnou osobu &#8220;extern\u00edho grafika&#8221; kter\u00e9ho v\u0161ak nikdy nejmenoval a dokonce se sna\u017eil odv\u00e9st pozornost citac\u00ed &#8220;\u00fadajn\u011b&#8221; jeho emailu, kter\u00fd nikdy nep\u0159i\u0161el do m\u00e9 emailov\u00e9 schr\u00e1nky, ani do spamov\u00e9ho ko\u0161e a pravd\u011bpodobn\u011b nebyl ani nikdy odesl\u00e1n. Je\u0161t\u011b divn\u011bj\u0161\u00ed byl fakt, \u017ee tento mail byl marketingov\u00fdm \u0159editelem citov\u00e1n bez podpisu osoby, kter\u00e1 jej \u00fadajn\u011b psala. Toto jedn\u00e1n\u00ed bylo katastrof\u00e1ln\u011b neprofesion\u00e1ln\u00ed a neust\u00e1le sliby o tom, jak se p\u0159ed\u00e1 v\u011bc firm\u011b k \u00a0vyj\u00e1d\u0159en\u00ed, mne p\u0159esv\u011bd\u010dily hlavn\u011b o tom, \u017ee v cel\u00e9m incidentu nen\u00ed ze strany CZC.cz sebemen\u0161\u00ed snaha o \u0159\u00e1dn\u00e9 urovn\u00e1n\u00ed sporu a o minim\u00e1ln\u00ed vst\u0159\u00edcn\u00fd krok s omluvou. Pozd\u011bji bylo jako tento vst\u0159\u00edcn\u00fd krok interptetov\u00e1no sta\u017een\u00ed m\u00e9 grafiky z newsletteru, co\u017e ale firma musela ud\u011blat tak jako tak, pokud by necht\u011bla riskovat \u017ealobu a prohran\u00fd soud.<\/p>\n<p style=\"text-align: justify;\">\nNa z\u00e1v\u011br bych cht\u011bl \u0159\u00edct, \u017ee mne jedn\u00e1n\u00ed CZC.cz velmi p\u0159ekvapilo t\u00edm, jak bylo drz\u00e9, neprofesion\u00e1ln\u00ed, arogantn\u00ed a vypjat\u00e9 v situaci, kdy chyba byla prokazateln\u011b na jejich stran\u011b a m\u011bli velmi mnoho prost\u0159edk\u016f k tomu probl\u00e9m v klidu urovnat. Znechucen\u00ed nad p\u0159\u00edstupem CZC.cz ve m\u011b p\u0159etrv\u00e1v\u00e1 st\u00e1le a cht\u011bl bych t\u00edmto varovat v\u0161echny kolegy, kte\u0159\u00ed vytv\u00e1\u0159ej\u00ed autorsk\u00e9 pr\u00e1ce, aby si d\u00e1vali pozor na to, kdo a za jak\u00fdm \u00fa\u010delem jejich pr\u00e1ce u\u017e\u00edv\u00e1 a nev\u00e1hali proti neopr\u00e1vn\u011bn\u00e9mu u\u017e\u00edv\u00e1n\u00ed protestovat.<\/p>\n","protected":false},"excerpt":{"rendered":"<p>Loni na podzim prob\u011bhnul incident, kter\u00fd se, nejenom mn\u011b, st\u00e1v\u00e1 pom\u011brn\u011b \u010dasto. M\u00e1 pr\u00e1ce byla neopr\u00e1vn\u011bn\u011b pou\u017eita pro komer\u010dn\u00ed \u00fa\u010dely firmou, kter\u00e1 samoz\u0159ejm\u011b disponuje prost\u0159edky, kter\u00fdmi by mohla takovou pr\u00e1ci pro sv\u00e9 \u00fa\u010dely z\u00edskat zcela leg\u00e1ln\u011b, f\u00e9rov\u011b a tak, jak je dobr\u00fdm zvykem. M\u00e1 star\u0161\u00ed grafika Cyberpunk symphony se objevila v newsletteru firmy CZC.cz z [&hellip;]<\/p>\n","protected":false},"author":1,"featured_media":0,"comment_status":"open","ping_status":"open","sticky":false,"template":"","format":"standard","meta":{"ngg_post_thumbnail":0},"categories":[62,46],"tags":[73],"_links":{"self":[{"href":"https:\/\/darkart.cz\/index.php?rest_route=\/wp\/v2\/posts\/1131"}],"collection":[{"href":"https:\/\/darkart.cz\/index.php?rest_route=\/wp\/v2\/posts"}],"about":[{"href":"https:\/\/darkart.cz\/index.php?rest_route=\/wp\/v2\/types\/post"}],"author":[{"embeddable":true,"href":"https:\/\/darkart.cz\/index.php?rest_route=\/wp\/v2\/users\/1"}],"replies":[{"embeddable":true,"href":"https:\/\/darkart.cz\/index.php?rest_route=%2Fwp%2Fv2%2Fcomments&post=1131"}],"version-history":[{"count":4,"href":"https:\/\/darkart.cz\/index.php?rest_route=\/wp\/v2\/posts\/1131\/revisions"}],"predecessor-version":[{"id":1135,"href":"https:\/\/darkart.cz\/index.php?rest_route=\/wp\/v2\/posts\/1131\/revisions\/1135"}],"wp:attachment":[{"href":"https:\/\/darkart.cz\/index.php?rest_route=%2Fwp%2Fv2%2Fmedia&parent=1131"}],"wp:term":[{"taxonomy":"category","embeddable":true,"href":"https:\/\/darkart.cz\/index.php?rest_route=%2Fwp%2Fv2%2Fcategories&post=1131"},{"taxonomy":"post_tag","embeddable":true,"href":"https:\/\/darkart.cz\/index.php?rest_route=%2Fwp%2Fv2%2Ftags&post=1131"}],"curies":[{"name":"wp","href":"https:\/\/api.w.org\/{rel}","templated":true}]}}