{"id":115,"date":"2005-04-13T22:00:48","date_gmt":"2005-04-13T20:00:48","guid":{"rendered":"http:\/\/www.darkart.cz\/?p=115"},"modified":"2008-05-01T16:03:34","modified_gmt":"2008-05-01T14:03:34","slug":"hr-giger-v-praze","status":"publish","type":"post","link":"https:\/\/darkart.cz\/?p=115","title":{"rendered":"H.R. Giger v Praze"},"content":{"rendered":"<p style=\"text-align: justify;\"><a title=\"poster_giger_mimo_dobro\" rel=\"lightbox[pics115]\" href=\"http:\/\/www.darkart.cz\/wp-content\/poster_giger_mimo_dobro.jpg\"><img loading=\"lazy\" class=\"attachment wp-att-117 alignleft\" style=\"float: left; margin-right: 10px;\" src=\"http:\/\/www.darkart.cz\/wp-content\/poster_giger_mimo_dobro.thumbnail.jpg\" alt=\"poster_giger_mimo_dobro\" width=\"200\" height=\"297\" \/><\/a>H.R. Giger mimo dobro<br \/>\nvelk\u00e1 retrospektivn\u00ed v\u00fdstava v Praze<br \/>\n13.04. &#8211; 13. 07. 2005<\/p>\n<p style=\"text-align: justify;\">\n<p style=\"text-align: justify;\">Ve            st\u0159edu, 13. dubna se to, na co \u010dekaly \u0159ady lid\u00ed dlouh\u00e9 m\u011bs\u00edce, stalo            skute\u010dnost\u00ed. Velk\u00e1 retrospektivn\u00ed v\u00fdstava H.R. Gigera byla otev\u0159ena v            prostorech N\u00e1rodn\u00edho technick\u00e9ho muzea v Praze. V\u00fdstava se do Prahy            p\u0159esunula z Pa\u0159\u00ed\u017ee a svou ojedin\u011blou koncepc\u00ed se \u0159ad\u00ed k tomu            nejzaj\u00edmav\u011bj\u0161\u00edmu v oblasti um\u011bn\u00ed za n\u011bkolik posledn\u00edch let. Vystaveno            je toti\u017e mnoho prac\u00ed ze soukrom\u00fdch sb\u00edrek, z nich\u017e n\u011bkter\u00e9 jsou na            v\u00fdstav\u011b k vid\u011bn\u00ed v\u016fbec poprv\u00e9. U\u017e jen z tohoto d\u016fvodu je doslova            h\u0159\u00edchem tuto jedine\u010dnou p\u0159\u00edle\u017eitost prop\u00e1snout, nebo\u0165 je velmi            pravd\u011bpodobn\u00e9, \u017ee v t\u00e9to podob\u011b se v\u00fdstava nebude nikdy opakovat. Na            v\u00fdstav\u011b m\u016f\u017eete obdivovat legend\u00e1rn\u00ed d\u00edla z atelieru H.R. Gigera, velk\u00e9            panelov\u00e9 obrazy, plastiky a instalace n\u00e1bytku. V\u00fdstava mohla b\u00fdt je\u0161t\u011b            rozs\u00e1hlej\u0161\u00ed, kdyby se j\u00ed \u00fa\u010dastnily i expon\u00e1ty z muzea ve \u0161v\u00fdcarsk\u00e9m            Gruy\u00e9res. N\u00e1jem prostor\u016f muzea ale stoj\u00ed m\u011bs\u00ed\u010dn\u011b velk\u00e9 pen\u00edze a H.R.            Giger si jej nemohl dovolit nechat skoro rok zav\u0159en\u00e9, proto n\u011bkter\u00e9            v\u011bci (obrazy ze s\u00e9rie Spell, plastiky Ghost Train a Sil a dal\u0161\u00ed            artefakty a malby v muzeu ponechal, jako\u017e i vzp\u0159\u00edmen\u00e9ho vet\u0159elce ve            vitr\u00edn\u011b, kter\u00e9ho jsem na v\u00fdstav\u011b v Praze opravdu postr\u00e1dal). I p\u0159es            tento fakt je v\u00fdstava n\u00e1dhernou p\u0159ehl\u00eddkou Gigerova fantastick\u00e9ho            um\u011bn\u00ed i dokonal\u00e9 \u0159emesln\u00e9 pr\u00e1ce s airbrushem.<!--more--><\/p>\n<p style=\"text-align: justify;\">Z\u00e1kulis\u00ed v\u00fdstavy skr\u00fdv\u00e1 mnoho zaj\u00edmav\u00fdch v\u011bc\u00ed, o kter\u00fdch snad            organiz\u00e1to\u0159i promluv\u00ed \u010dasem, nap\u0159\u00edklad bojkot Gigerovy v\u00fdstavy N\u00e1rodn\u00ed            galeri\u00ed v \u010dele s panem Kni\u017e\u00e1kem osobn\u011b a dokonce i \u00fadajn\u011b Spr\u00e1vou            Pra\u017esk\u00e9ho hradu a kancel\u00e1\u0159\u00ed prezidenta. Z tohoto d\u016fvodu byl velk\u00fd            probl\u00e9m sehnat odpov\u00eddaj\u00edc\u00ed v\u00fdstavn\u00ed prostory, kter\u00e9 by mohly v\u00fdstavu            pojmout. Na\u0161t\u011bst\u00ed prob\u011bhlo jedn\u00e1n\u00ed s N\u00e1rodn\u00edm technick\u00fdm muzeem, kter\u00e9            po\u017eadovan\u00e9 prostory m\u011blo, ale bohu\u017eel v havarijn\u00edm stavu. Jedn\u00e1n\u00ed o            prostorech prob\u00edhala n\u011bkdy na podzim 2004 tak\u017ee na rekonstrukci u\u017e            mnoho \u010dasu nezb\u00fdvalo, i kdy\u017e byla v\u00fdstava v Pa\u0159\u00ed\u017ei prodlou\u017eena.            M\u00e1lokdo si toti\u017e uv\u011bdomuje, \u017ee v\u00fdstava je poji\u0161t\u011bn\u00e1 na z\u00e1vratn\u00e9 sumy a            aby poji\u0161\u0165ovna uznala prostory, mus\u00ed b\u00fdt n\u00e1le\u017eit\u011b zkolaudov\u00e1ny. Proto            bychom m\u011bli ocenit to, \u017ee se v\u0161e povedlo v term\u00ednu, by\u0165 prostory            p\u0159ipom\u00ednaj\u00ed sp\u00ed\u0161e stavbu.<\/p>\n<p style=\"text-align: justify;\">D\u00edky            na\u0161emu napojen\u00ed na \u00fazkou skupinku lid\u00ed kolem H.R. Gigera jsme m\u011bli            mnoho informac\u00ed z prvn\u00ed ruky a v mnoha ohledech n\u00e1m tito lid\u00e9 pomohli.            Proto jsme mohli jist\u00fdm zp\u016fsobem sledovat d\u011bn\u00ed t\u011bch t\u0159\u00ed dn\u00ed, kdy se            v\u00fdstava otev\u00edrala pom\u011brn\u011b podrobn\u011b. V\u0161echno za\u010dalo v \u00fater\u00fd, v hudebn\u00edm            klubu Futurum na Sm\u00edchov\u011b, kde m\u011bl koncert Bruno Ferrari. Na chv\u00edli se            tam objevil i Giger, se sv\u00fdm doprovodem, z n\u011bho\u017e m\u011b zaujal asi nejv\u00edc            Leslie Barany, kter\u00fd doslova vyza\u0159oval energii. S\u00e1m mistr promluvil s            p\u00e1r lidmi, tu\u0161\u00edm, \u017ee dal kr\u00e1tk\u00fd rozhovor a nechal se vyfotografovat.            S\u00e1m se proch\u00e1zel po parket\u011b a mezi lidmi, \u010deho\u017e jsme vyu\u017eili a vrhli            se na n\u011bj s prosbou o fotku, s \u010d\u00edm\u017e nem\u011bl sebemen\u0161\u00ed probl\u00e9m a na slova            Honzy Pod\u0161kubky o l\u00e1sce k jeho um\u011bn\u00ed reagoval sv\u00fdm typick\u00fdm \u00fasm\u011bvem.            Bohu\u017eel kv\u016fli hluku v klubu nebyla \u017e\u00e1dn\u00e1 dal\u0161\u00ed konverzace p\u0159\u00edli\u0161            mo\u017en\u00e1, a nav\u00edc Giger za chv\u00edli zmizel. Spole\u010dn\u011b s Angelem jsme ud\u011blali            p\u00e1r fotek, ale zn\u00e1te to, bez po\u0159\u00e1dn\u00e9ho vybaven\u00ed se v klubu fot\u00ed t\u011b\u017eko.            O podrobnostech vernis\u00e1\u017ee n\u00e1s informoval David Jahn i Marco Witzig,            sb\u011bratel Gigerov\u00fdch obraz\u016f.<\/p>\n<p style=\"text-align: justify;\"><a title=\"02_giger_vernisaz_01\" rel=\"lightbox[pics115]\" href=\"http:\/\/www.darkart.cz\/wp-content\/02_giger_vernisaz_01.jpg\"><img loading=\"lazy\" class=\"attachment wp-att-137 alignleft\" style=\"float: left; margin-right: 10px;\" src=\"http:\/\/www.darkart.cz\/wp-content\/02_giger_vernisaz_01.thumbnail.jpg\" alt=\"02_giger_vernisaz_01\" width=\"200\" height=\"150\" \/><\/a>V\u00fdstavu            po\u0159\u00e1dala agentura           <a style=\"font-family: Arial; font-size: 10pt; font-weight: bold; text-decoration: none;\" href=\"http:\/\/www.pp-production.cz\/\" target=\"_blank\"> PP produciton<\/a> a           <a style=\"font-family: Arial; font-size: 10pt; font-weight: bold; text-decoration: none;\" href=\"http:\/\/www.ntm.cz\/\" target=\"_blank\"> N\u00e1rodn\u00ed technick\u00e9 muzeum<\/a> ve spolupr\u00e1ci s dal\u0161\u00edmi subjekty. Celkov\u011b            lze \u0159\u00edct, \u017ee organizace i celkov\u00e1 propagace v\u00fdstavy selhala a            zp\u016fsobila sv\u00fdm amaterismem probl\u00e9my nejednomu n\u00e1v\u0161t\u011bvn\u00edku vernis\u00e1\u017ee, i            druh\u00e9ho dne v\u00fdstavy. Po\u0159\u00e1daj\u00edc\u00ed agentura sice p\u0159ipravila v\u00fdstavu, ale            mnoho v\u011bc\u00ed a zvl\u00e1\u0161t\u011b vernis\u00e1\u017e nejen \u017ee nezvl\u00e1dla, ale je\u0161t\u011b se            zachovala k n\u00e1v\u0161t\u011bvn\u00edk\u016fm arogantn\u011b a p\u0159ez\u00edrav\u011b. Ale v\u0161echno popo\u0159ad\u011b.            Prvn\u00ed amat\u00e9rsk\u00fd p\u0159\u00edstup byl ji\u017e v tiskov\u00e9 konferenci, kter\u00e1 prob\u011bhla v            prostorech NTM 15. b\u0159ezna. \u00da\u010dast novin\u00e1\u0159\u016f miziv\u00e1, jejich informovanost            je\u0161t\u011b men\u0161\u00ed, evidentn\u011b nem\u011bli potuchy, kdo H.R. Giger je. Na\u0161t\u011bst\u00ed p\u00e1r            zasv\u011bcen\u00fdch lid\u00ed dorazilo. Organizace m\u00edrn\u011b chaotick\u00e1, na pl\u00e1tn\u011b za            \u0159e\u010dn\u00edky byl prom\u00edt\u00e1n zaj\u00edmav\u00fd dokument o H.R. Gigerovi, ale d\u00edky            osv\u011btlen\u00ed a zvuku \u00fapln\u011b k ni\u010demu, m\u00edsto n\u011bj je potom novin\u00e1\u0159\u016fm            prom\u00edtnut kr\u00e1tk\u00fd klip ze Second Celebration of the four, co\u017e je pro            nezasv\u011bcen\u00e9 \u00fapln\u011b zbyte\u010dn\u00e9, nebo\u0165 se z n\u011bj nic nedozv\u011bd\u00ed. I kur\u00e1tor            v\u00fdstavy Ivan Me\u010dl se v proslovu dopustil \u0159ady faktick\u00fdch chyb, zd\u00e1 se,            \u017ee nejfundovan\u011bj\u0161\u00ed osobou z\u016fst\u00e1v\u00e1 David Jahn. Dojem z tiskov\u00e9            konference byl tedy rozporupln\u00fd, jako prezentace jednoho z            nejslavn\u011bj\u0161\u00edch um\u011blc\u016f na\u0161\u00ed doby p\u0159ed novin\u00e1\u0159i se \u010dekalo v\u00edc.<\/p>\n<p style=\"text-align: justify;\">Opravdov\u00fd pr\u016f\u0161vih ale m\u011bl teprve nastat. Ani na t\u00e9to tiskov\u00e9            konferenci PP production nebylo schopno ozn\u00e1mit, jak to bude se            slavnostn\u00ed vernis\u00e1\u017e\u00ed, vstupenkami a p\u0159\u00edpadn\u00fdm fotografov\u00e1n\u00edm.            Ofici\u00e1ln\u00ed str\u00e1nky v\u00fdstavy nejv\u00edce p\u0159ipom\u00ednaj\u00ed pov\u011bstn\u00fd dort pejska a            ko\u010di\u010dky, nemastn\u00e9 a neslan\u00e9, zpl\u00e1can\u00e9 dohromady a poskytuj\u00edc\u00ed jen ty            nejobecn\u011bj\u0161\u00ed informace. Byly postupn\u011b dopl\u0148ov\u00e1ny a n\u011bkter\u00e9 sekce            (nap\u0159\u00edklad z\u00e1kulis\u00ed) opravdu vyvol\u00e1vaj\u00ed \u0159adu otazn\u00edk\u016f, co to jako m\u00e1            b\u00fdt. Prezentaci jedn\u00e9 z nejd\u016fle\u017eit\u011bj\u0161\u00edch v\u00fdstav na\u0161\u00ed historie si            opravdu p\u0159edstavuji jinak. Trouf\u00e1m si tvrdit, \u017ee n\u011bkter\u00fd z Gigerov\u00fdch            fanou\u0161k\u016f by dok\u00e1zal postavit daleko vkusn\u011bj\u0161\u00ed a funk\u010dn\u011bj\u0161\u00ed str\u00e1nky,            nemluv\u011b o tom, \u017ee by byly jist\u011b zadarmo. PP production na t\u011bchto            str\u00e1nk\u00e1ch p\u0159edstavilo i partnery akce, mezi nimi\u017e nechyb\u00ed oficiality,            ale i komer\u010dn\u00ed organizace a medi\u00e1ln\u00ed partne\u0159i. Nemus\u00edm v\u016fbec            podot\u00fdkat, \u017ee DarkArt byl naprosto ignorov\u00e1n a dokonce byl z\u00e1kaz na            n\u011bj uv\u00e9st odkaz. Zato m\u00e9dia jako \u010dasopis Um\u011blec, kter\u00e1 o Gigerovi v            \u017eivot\u011b nenapsala ani \u010d\u00e1rku zm\u00edn\u011bna jsou, jako\u017e i internetov\u00e9 port\u00e1ly.            P\u0159itom DarkArt a je\u0161t\u011b p\u0159ed n\u00edm str\u00e1nky Visor Graphic p\u0159in\u00e1\u0161ely            kompletn\u011b p\u0159elo\u017een\u00fd Giger\u016fv \u017eivotopis, seznamy knih a film\u016f, informace            o n\u011bm a o jeho expozici v Gruy\u00e9res jako\u017e i p\u0159eklady n\u011bkter\u00fdch            rozhovor\u016f. D\u00edky naprosto nedostate\u010dn\u00fdm informac\u00edm se paradoxn\u011b            fanou\u0161ci v\u00fdstavy obraceli pr\u00e1v\u011b na DarkArt, kter\u00fd od za\u010d\u00e1tku            pova\u017eovali jako regul\u00e9rn\u00ed zdroj informac\u00ed o H.R. Gigerovi v \u010de\u0161tin\u011b.           D\u00edky amat\u00e9rsk\u00e9 a diletantsk\u00e9 pr\u00e1ci PP production jsem \u0159e\u0161il denn\u011b            n\u011bkolik mail\u016f, ICQ a SMS zpr\u00e1v, ani\u017e bych byl organiz\u00e1tor a nebo byl            alespo\u0148 uveden jako partner!!!!! Neb\u00fdt Davida Jahna, kter\u00fd byl            velmi ochotn\u00fd a informace v\u017edy dodal bych nemohl t\u011bmto lidem pomoci.            Proto se zpr\u00e1vy o vernis\u00e1\u017ei pro uzav\u0159enou spole\u010dnost dostaly ven a\u017e            tak pozd\u011b, stejn\u011b jako informace o cen\u011b l\u00edstk\u016f, na tuto akci. A dal\u0161\u00ed            podivnosti m\u011bly teprve nastat.<\/p>\n<p style=\"text-align: justify;\">Ofici\u00e1ln\u00ed otev\u0159en\u00ed v\u00fdstavy samotn\u00fdm H.R. Gigerem bylo ozn\u00e1meno na 13.            dubna, v 18:00 v prostor\u00e1ch NTM. K vernis\u00e1\u017ei byl slibov\u00e1n bohat\u00fd            doprovodn\u00fd program, Giger shop i ob\u010derstven\u00ed. Na m\u00edsto jsme dorazili            p\u0159esn\u011b v 18:00, venku p\u0159ed muzeem u\u017e byly z\u00e1stupy lid\u00ed, z nich n\u011bkte\u0159\u00ed            byli postrojen\u00ed, jako by \u0161li na czech tek a nikoliv na vernis\u00e1\u017e. Nic            proti nonkonformit\u011b a vyhran\u011bn\u00e9mu vkusu, ale uv\u00e1len\u00e9 mask\u00e1\u010de, \u0159et\u011bzy a            mikiny s d\u00edrami od cigaret podle m\u011b na takovou ud\u00e1lost nepat\u0159i. Nikdo            ani nev\u00ed, jak se tam tito jedinci vzali, podle lid\u00ed u vstupu jich            museli n\u011bkolik vyhodit, proto\u017ee nem\u011bli ani pozv\u00e1nku a cht\u011bli dovnit\u0159.            Sm\u011bs lid\u00ed byla tedy zna\u010dn\u011b r\u016fznorod\u00e1. Pou\u0161t\u011bt dovnit\u0159 se za\u010dalo se            zpo\u017ed\u011bn\u00edm, nikdo nev\u011bd\u011bl, co se d\u011bje. U vchodu m\u011b zarazil dal\u0161\u00ed nevkus            &#8211; dve\u0159e n\u00e1m otev\u0159el polonah\u00fd chlap\u00edk s chlupat\u00fdm hrudn\u00edkem, v \u0161ortk\u00e1ch            a br\u00fdl\u00edch na kolo&#8230; ch\u00e1pu, \u017ee m\u011bl na z\u00e1dech p\u011bkn\u011b vytetovan\u00e9ho            vet\u0159elce, ale to jsme my, jako p\u0159\u00edchoz\u00ed, nemohli vid\u011bt, tak\u017ee to            p\u016fsobilo tak, \u017ee n\u011bjak\u00fd cyklista z parku se prost\u011b zastavil u dve\u0159\u00ed a            pou\u0161t\u011bl lidi dovnit\u0159. Opravdu jsem nech\u00e1pal. Ano, klidn\u011b mohl b\u00fdt            &#8220;naho\u0159e bez&#8221; ale pro\u010d ne n\u011bjak vkusn\u011b, t\u0159eba kalhoty od obleku, \u010dern\u00e1            kravata a dob\u0159e padnouc\u00ed br\u00fdle? Znovu \u0159\u00edk\u00e1m, nech\u00e1pal jsem, co za            amat\u00e9ry tuto akci po\u0159\u00e1d\u00e1. A\u017e pozd\u011bji jsem zjistil, \u017ee mnoho lid\u00ed            spolupracuje sp\u00ed\u0161e z nad\u0161en\u00ed pro Gigera, ne\u017e jako zam\u011bstnanci            profesion\u00e1ln\u00ed agentury. Bohu\u017eel se jim tak poda\u0159ilo vytvo\u0159it obraz,            kter\u00fd mnoha lidem nechal \u00fasta doko\u0159\u00e1n. S Hansem Gigerem jsme se skoro            srazili ve dve\u0159\u00edch, kdy\u017e kvapn\u011b opou\u0161t\u011bl budovu. Za n\u00e1mi st\u00e1la je\u0161t\u011b            polovina davu, nikdo nev\u011bd\u011bl, co se d\u011bje, a co se bude d\u00edt. Kdyby            tu\u0161ili, \u017ee v\u00fdstava u\u017e byla d\u00e1vno otev\u0159ena bez nich, asi by sv\u00e9 draze            koupen\u00e9 pozv\u00e1nky na m\u00edst\u011b sn\u011bdli. Takov\u00e1hle arogance v\u016f\u010di            n\u00e1v\u0161t\u011bvn\u00edk\u016fm, kte\u0159\u00ed dali tis\u00edc korun za vstup se jen tak nevid\u00ed,            nechat je st\u00e1t venku a v\u00fdstavu zah\u00e1jit bez nich. N\u011bkte\u0159\u00ed jeli a\u017e z            daleka, aby Gigera vid\u011bli a sly\u0161eli osobn\u011b a m\u00edsto toho ho jen            zahl\u00e9dli, jak odch\u00e1z\u00ed. Samotn\u00e1 recepce, kterou jsme ani nevid\u011bli, byla            pr\u00fd b\u00eddn\u00e1, \u0159editel NTM \u0159ekl p\u00e1r slov, na Gigera nebylo ani vid\u011bt, ani            ho po\u0159\u00e1dn\u011b sly\u0161et. Slibovan\u00e1 svatba v Passage Templu se mo\u017en\u00e1            odehr\u00e1la, ale rozhodn\u011b ne tak, jak bylo avizov\u00e1no na ofici\u00e1ln\u00edch            str\u00e1nk\u00e1ch. Jeden pr\u016f\u0161vih za druh\u00fdm.<\/p>\n<p style=\"text-align: justify;\"><a title=\"02_giger_vernisaz_05\" rel=\"lightbox[pics115]\" href=\"http:\/\/www.darkart.cz\/wp-content\/02_giger_vernisaz_05.jpg\"><img loading=\"lazy\" class=\"attachment wp-att-141 alignleft\" style=\"float: left; margin-right: 10px;\" src=\"http:\/\/www.darkart.cz\/wp-content\/02_giger_vernisaz_05.thumbnail.jpg\" alt=\"02_giger_vernisaz_05\" width=\"200\" height=\"150\" \/><\/a>Velk\u00e1 \u010d\u00e1st lid\u00ed se tak dostala na            v\u00fdstavu, kter\u00e1 byla zah\u00e1jena bez nich, i kdy\u017e m\u011bli platn\u00e9 pozv\u00e1nky.            Prostory v\u00fdstavy byly stroh\u00e9 a p\u0159ipom\u00ednaly prob\u00edhaj\u00edc\u00ed stavbu, kdy na zemi            byl hrub\u00fd beton, ze zd\u00ed \u010douhaly dr\u00e1ty omotan\u00e9 igelitem a narychlo            zah\u00e1zen\u00e9 rozvody byly jako jizvy na \u010dist\u011b b\u00edl\u00fdch st\u011bn\u00e1ch. Po zemi            veden\u00e9 li\u0161ty, d\u0159evot\u0159\u00edskov\u00e9 m\u016fstky a desky na podlaze. M\u011b osobn\u011b to            nijak nevadilo, sm\u00ed\u0159il jsem se s t\u00edm docela rychle, ale je fakt, \u017ee            mnoho n\u00e1v\u0161t\u011bvn\u00edk\u016f, to nepochopilo. Ch\u00e1pu, \u017ee p\u0159ipravit v\u00fdstavu, kter\u00e1            je nav\u00edc bojkotov\u00e1na ofici\u00e1ln\u00edmi m\u00edsty, v alternativn\u00edm prost\u0159ed\u00ed s            nutnou rekonstrukc\u00ed je velmi obt\u00ed\u017en\u00e9, m\u016f\u017eeme b\u00fdt v\u016fbec r\u00e1di, \u017ee se v\u0161e            poda\u0159ilo v term\u00ednu a \u017ee v\u00fdstava byla otev\u0159ena. Na vernis\u00e1\u017ei se mohlo            fotografovat, \u010deho\u017e prakticky v\u0161ichni v hojn\u00e9 m\u00ed\u0159e vyu\u017e\u00edvali,            atmosf\u00e9ra byla ale naprosto odcizen\u00e1, d\u00edky neorganizovanosti a zmatku,            o jeho\u017e zkrocen\u00ed se sna\u017eila moder\u00e1torka, kter\u00e1 nejenom \u017ee nev\u011bd\u011bla            skoro nic, ale jej\u00ed ob\u010dasn\u00e9 hl\u00e1\u0161ky do mikrofonu st\u00e1ly za to, zvl\u00e1\u0161t\u011b v            angli\u010dtin\u011b. Z po\u010d\u00e1tku lid\u00e9 je\u0161t\u011b doufali, \u017ee se Giger objev\u00ed, ale pak            jim u\u017e bylo jasn\u00e9, \u017ee to hlavn\u00ed ji\u017e prob\u011bhlo. Po tom, co v horn\u00edm            pat\u0159e v\u00fdstavy za\u010dal hr\u00e1t Bruno Ferrari jsem ode\u0161el, abych m\u011bl mo\u017enost            vid\u011bt dal\u0161\u00ed \u0161okuj\u00edc\u00ed p\u0159\u00edstup po\u0159adatel\u016f. Pokud pominu komick\u00e9            ob\u010derstven\u00ed v podob\u011b p\u00e1r kole\u010dek klob\u00e1sy s cibul\u00ed, selhalo i zaji\u0161t\u011bn\u00ed            objektu. Celkov\u011b mi v\u00fdstava p\u0159i\u0161la bezpe\u010dnostn\u011b naprosto nezaji\u0161t\u011bn\u00e1,            kdybych u sebe m\u011bl sprej, v Passage Tepmlu by m\u011b nikdo nezastavil, a            n\u011bkter\u00e9 mal\u00e9 grafiky v r\u00e1me\u010dc\u00edch bych si patrn\u011b mohl klidn\u011b odn\u00e9st            taky. Douf\u00e1m, \u017ee s t\u00edmhle se je\u0161t\u011b n\u011bco ud\u011bl\u00e1, proto\u017ee m\u00e1m docela            obavu, \u017ee toho n\u011bkdo vyu\u017eije. U vchodu po dev\u00e1t\u00e9 ve\u010der nebyl nikdo, a\u017e            potom jsem n\u00e1hodou n\u011bkde zahl\u00e9dl &#8220;security&#8221; NTM. Nikdo ale nezabr\u00e1nil            lidem, kte\u0159\u00ed \u0161li okolo budovy NTM a sly\u0161eli hudbu, aby \u0161li dovnit\u0159. Do            budovy m\u00ed\u0159ili i lid\u00e9 z venkovn\u00ed hospody na Letn\u00e9 s kel\u00edmky s pivem.            Pro n\u00e1v\u0161t\u011bvn\u00edky, kte\u0159\u00ed si koupili vstupenku za tis\u00edc korun dal\u0161\u00ed r\u00e1na            a v\u00fdsm\u011bch.<\/p>\n<p style=\"text-align: justify;\">Byl            jsem p\u0159\u00edtomen i druh\u00fd den, kdy ji\u017e byla v\u00fdstava otev\u0159ena ve\u0159ejnosti.            Podle na\u0161ich informac\u00ed se m\u011bl H.R. Giger na v\u00fdstav\u011b objevit, aby dal            n\u011bkolik rozhovor\u016f a aby podepisoval sv\u00e9 knihy. Nikdo ale nebyl schopen            \u0159\u00edct kdy to bude, tak\u017ee n\u011bkte\u0159\u00ed lid\u00e9 tam \u010dekali u\u017e od otev\u0159en\u00ed a            pokou\u0161eli se zjistit to, co by jim za jejich vstupn\u00e9 m\u011bl organiz\u00e1tor            poskytnout okam\u017eit\u011b. M\u00edsto toho dostali naprosto myln\u00e9 informace o            tom, \u017ee Giger u\u017e ani nen\u00ed v \u010cR a odjel, p\u0159itom je\u0161t\u011b ten ve\u010der se            objevil v Ud\u00e1lostech a koment\u00e1\u0159\u00edch na \u010cT 1. Lid\u00e9, kte\u0159\u00ed jeli z daleka,            aby mistra vid\u011bli a mohli si od n\u011bj nechat podepsat knihu tak p\u0159i\u0161li            zkr\u00e1tka d\u00edky \u0161patn\u00fdm informac\u00edm a novin\u00e1\u0159\u016fm, kte\u0159\u00ed neust\u00e1le Gigera            nah\u00e1n\u011bli na rozhovory. Jen d\u00edky kontakt\u016fm na Gigerovu skupinu se n\u00e1m            poda\u0159ilo se s n\u00edm setkat a nechat si podepsat knihy a katalogy,            spole\u010dn\u011b s p\u00e1r dal\u0161\u00edmi \u0161\u0165astlivci, kte\u0159\u00ed byli zrovna v s\u00e1le v\u00fdstavy.            Pokud v\u00edm, nikomu jin\u00e9mu se to nepoda\u0159ilo, tak\u017ee avizovan\u00e1            autogrami\u00e1da tot\u00e1ln\u011b selhala. Pro ty, kte\u0159\u00ed mistra nevid\u011bli byl mo\u017en\u00e1            \u00fat\u011bchou kr\u00e1tk\u00fd rozhovor v Ud\u00e1lostech a koment\u00e1\u0159\u00edch na \u010cT 1 z 14.            dubna. Ot\u00e1zky byly povrchn\u00ed, ale to se dalo \u010dekat, vzhledem k \u010dasov\u00e9mu            prostoru, kter\u00fd Giger dostal. Nicm\u00e9n\u011b p\u00e1r chybek vnesl znovu Ivan Me\u010dl,            kter\u00fd se ve spotu na chv\u00edli objevil a mluvil o tom, \u017ee Giger \u017eije na            sv\u00e9m hrad\u011b v Gruy\u00e9res, kde m\u00e1 ateli\u00e9r a tvo\u0159\u00ed. To je samoz\u0159ejm\u011b            nesmysl, proto\u017ee Giger \u017eije v Curychu, ve sv\u00e9m dom\u011b se zahradou a            ateli\u00e9rem, kde tvo\u0159\u00ed a v Gruy\u00e9res je jeho st\u00e1l\u00e1 expozice. Aby toho            nebylo m\u00e1lo, objevily se i probl\u00e9my v kinos\u00e1le NTM, kde prob\u00edhala            projekce s\u00e9rie Gigerov\u00fdch film\u016f a dokument\u016f. I kdy\u017e existoval p\u0159esn\u00fd            rozpis, n\u011bkter\u00e9 v\u011bci se p\u0159eskakovaly, tak\u017ee \u0159ada lid\u00ed st\u00e1le \u010dekala na            to, co je\u0161t\u011b nevid\u011bla a blokovala tak m\u00edsto t\u011bm, co zase cht\u011bli vid\u011bt            n\u011bco jin\u00e9ho. A to nemluv\u011b o jak\u00e9si italsk\u00e9 v\u00fdprav\u011b, kter\u00e1 si zaplatila            vstup do muzea, ale nikoliv na v\u00fdstavu a p\u0159esto se do kinos\u00e1lu            dostala, \u010d\u00edm\u017e zablokovala m\u00edsta lidem z v\u00fdstavy.<\/p>\n<p style=\"text-align: justify;\">Celkov\u011b            shrnuto, kdyby to nebyl Giger, byla by to p\u0159ehl\u00eddka neschopnosti            po\u0159\u00e1daj\u00edc\u00ed agentury. Spoustu v\u011bc\u00ed \u0161lo ur\u010dit\u011b p\u0159edv\u00eddat a ud\u011blat l\u00e9pe,            se spoustou v\u011bc\u00ed se dalo sm\u00ed\u0159it. Pro v\u0161echny, kte\u0159\u00ed            je\u0161t\u011b v\u00fdstavu nenav\u0161t\u00edvili ale plat\u00ed jedno &#8211; nenechte si z\u00e1\u017eitek nijak            zkazit mou kritikou, nev\u00e1hejte ani minutu a na v\u00fdstavu jd\u011bte, nebo\u0165            tolik n\u00e1dhern\u00fdch Gigerov\u00fdch prac\u00ed v t\u00e9to sestav\u011b u\u017e patrn\u011b nikdy            neuvid\u00edte, v\u00fdstava jako takov\u00e1 je velk\u00fd z\u00e1\u017eitek, kter\u00fd si vy\u017e\u00e1d\u00e1            minim\u00e1ln\u011b dv\u011b hodiny va\u0161\u00ed pozornosti a ur\u010dit\u011b je dobr\u00e9 si na ni po p\u00e1r            dnech zaj\u00edt znovu. Mysl\u00edm, \u017ee m\u016f\u017eeme b\u00fdt opravdu r\u00e1di, \u017ee se to            poda\u0159ilo, \u017ee u n\u00e1s Giger t\u00edmto zp\u016fsobem sv\u00e9 pr\u00e1ce prezentuje, \u017ee to,            na co se \u010dekalo m\u011bs\u00edce a o \u010dem n\u011bkte\u0159\u00ed snili u\u017e roky je skute\u010dnosti.            I p\u0159es v\u0161echny nedostatky, kter\u00e9 jsou prakticky v\u00fdhradn\u011b na \u010desk\u00e9            stran\u011b, se slu\u0161\u00ed pod\u011bkovat po\u0159adatel\u016fm a tak\u00e9 lidem, kte\u0159\u00ed se na            p\u0159\u00edprav\u011b a zaji\u0161\u0165ov\u00e1n\u00ed v\u00fdstavy pod\u00edleli. Nejv\u011bt\u0161\u00ed d\u00edk pat\u0159\u00ed Davidu            Jahnovi, kter\u00fd n\u00e1m ve v\u0161em vy\u0161el vst\u0159\u00edc a se v\u0161\u00edm pomohl, neb\u00fdt            jeho \u00fasil\u00ed, nejsp\u00ed\u0161 by se tato v\u00fdstava nikdy neuskute\u010dnila. Dal\u0161\u00ed d\u00edky            pat\u0159\u00ed Marcu Witzigovi, sb\u011brateli, kter\u00fd n\u00e1m dod\u00e1val kl\u00ed\u010dov\u00e9            informace a v n\u011bkolika situac\u00edch n\u00e1m hodn\u011b pomohl. D\u00edky i Petru            P\u0159ibylovi, kter\u00fd, jak se uk\u00e1zalo, m\u00e1 s v\u00fdstavou hodn\u011b spole\u010dn\u00e9ho.            D\u00edky i za p\u0159\u00edjemn\u00fd p\u0159\u00edstup Ale\u0161e Suka z agentury Divus, kter\u00fd            DarkArt kontaktoval kv\u016fli propagaci. Ivanu Me\u010dlovi m\u016f\u017eeme            prominout ob\u010dasn\u00e9 chybky, proto\u017ee sestavil vynikaj\u00edc\u00ed katalog v\u00fdstavy,            se zaj\u00edmav\u00fdm koment\u00e1\u0159em. \u0160koda jen, \u017ee grafick\u00e1 \u00faprava katalogu je            v\u00edce ne\u017e stroh\u00e1 a stejn\u011b, jako na plak\u00e1tech, na n\u011bm figuruje n\u00e1zev            napsan\u00fd velmi o\u0161kliv\u00fdm fontem, kter\u00fd se snad nel\u00edbil nikomu, koho jsem            se zeptal. Instalace v\u00fdstavy, za kterou zodpov\u00edd\u00e1 David Kraus            nen\u00ed vysloven\u011b \u0161patn\u00e1, Gigerovy pr\u00e1ce jsou obrovsk\u00e9 a jejich um\u00edst\u011bn\u00ed            v prostoru je jist\u011b velmi obt\u00ed\u017en\u00e9, ale kubusy \u010dlov\u011bka m\u00edrn\u011b m\u00e1tly,            hlavn\u011b t\u00edm, \u017ee obrazy byly i na jejich stran\u00e1ch odvr\u00e1cen\u00fdch od            prostoru v\u00fdstavn\u00ed haly, tak\u017ee n\u011bkter\u00fdch si \u010dlov\u011bk v\u0161imnul a\u017e pozd\u011bji.<\/p>\n<p style=\"text-align: justify;\">Vstupn\u00e9 na v\u00fdstavu je 130,- K\u010d pro dosp\u011bl\u00e9 a pokud koup\u00edte vstup            pro dv\u011b dosp\u011bl\u00e9 osoby, dostanete plak\u00e1t v\u00fdstavy zdarma (norm\u00e1ln\u011b stoj\u00ed            100,- K\u010d). Na v\u00fdstav\u011b je mo\u017en\u00e9 si zakoupit n\u011bkter\u00e9 Gigerovy knihy a            plak\u00e1ty. Doporu\u010duji velmi p\u011bkn\u011b zpracovan\u00fd katalog v\u00fdstavy, kter\u00fd se            opravdu povedl a prod\u00e1v\u00e1 se za velmi slu\u0161nou cenu 350,- K\u010d. K            dispozici jsou i legend\u00e1rn\u00ed Necronomicony, jeden kus za necel\u00fdch            1500,- K\u010d a d\u00e1le i knihy Filmdesign a Giger\u00b4s Alien za zruba 900,- K\u010d,            jako\u017e i knihy, kter\u00e9 vydal Slovart, tedy H.R. Giger v s\u00e9rii Icons a            kniha ARh+ za ceny kolem 200,- K\u010d.<\/p>\n<p style=\"text-align: justify;\">\n<p style=\"text-align: justify;\"><!-- default-view.php -->\n<div\n\tclass=\"ngg-galleryoverview default-view  ngg-ajax-pagination-none\"\n\tid=\"ngg-gallery-e408551af7becba011b902336a886f2f-1\">\n\n\t\t<!-- Thumbnails -->\n\t\t\t\t<div id=\"ngg-image-0\" class=\"ngg-gallery-thumbnail-box ngg-4-columns\" >\n\t\t\t\t        <div class=\"ngg-gallery-thumbnail\">\n            <a href=\"https:\/\/darkart.cz\/wp-content\/gallery\/giger_praha\/01_giger_futurum_01.jpg\"\n               title=\"\"\n               data-src=\"https:\/\/darkart.cz\/wp-content\/gallery\/giger_praha\/01_giger_futurum_01.jpg\"\n               data-thumbnail=\"https:\/\/darkart.cz\/wp-content\/gallery\/giger_praha\/thumbs\/thumbs_01_giger_futurum_01.jpg\"\n               data-image-id=\"19\"\n               data-title=\"01_giger_futurum_01.jpg\"\n               data-description=\"\"\n               data-image-slug=\"01_giger_futurum_01-jpg\"\n               class=\"ngg-fancybox\" rel=\"e408551af7becba011b902336a886f2f\">\n                <img\n                    title=\"01_giger_futurum_01.jpg\"\n                    alt=\"01_giger_futurum_01.jpg\"\n                    src=\"https:\/\/darkart.cz\/wp-content\/gallery\/giger_praha\/thumbs\/thumbs_01_giger_futurum_01.jpg\"\n                    width=\"100\"\n                    height=\"75\"\n                    style=\"max-width:100%;\"\n                \/>\n            <\/a>\n        <\/div>\n\t\t\t\t\t\t\t<\/div> \n\t\t\t\n\t\t\t\t<div id=\"ngg-image-1\" class=\"ngg-gallery-thumbnail-box ngg-4-columns\" >\n\t\t\t\t        <div class=\"ngg-gallery-thumbnail\">\n            <a href=\"https:\/\/darkart.cz\/wp-content\/gallery\/giger_praha\/01_giger_futurum_02.jpg\"\n               title=\"\"\n               data-src=\"https:\/\/darkart.cz\/wp-content\/gallery\/giger_praha\/01_giger_futurum_02.jpg\"\n               data-thumbnail=\"https:\/\/darkart.cz\/wp-content\/gallery\/giger_praha\/thumbs\/thumbs_01_giger_futurum_02.jpg\"\n               data-image-id=\"20\"\n               data-title=\"01_giger_futurum_02.jpg\"\n               data-description=\"\"\n               data-image-slug=\"01_giger_futurum_02-jpg\"\n               class=\"ngg-fancybox\" rel=\"e408551af7becba011b902336a886f2f\">\n                <img\n                    title=\"01_giger_futurum_02.jpg\"\n                    alt=\"01_giger_futurum_02.jpg\"\n                    src=\"https:\/\/darkart.cz\/wp-content\/gallery\/giger_praha\/thumbs\/thumbs_01_giger_futurum_02.jpg\"\n                    width=\"100\"\n                    height=\"75\"\n                    style=\"max-width:100%;\"\n                \/>\n            <\/a>\n        <\/div>\n\t\t\t\t\t\t\t<\/div> \n\t\t\t\n\t\t\t\t<div id=\"ngg-image-2\" class=\"ngg-gallery-thumbnail-box ngg-4-columns\" >\n\t\t\t\t        <div class=\"ngg-gallery-thumbnail\">\n            <a href=\"https:\/\/darkart.cz\/wp-content\/gallery\/giger_praha\/01_giger_futurum_03.jpg\"\n               title=\"\"\n               data-src=\"https:\/\/darkart.cz\/wp-content\/gallery\/giger_praha\/01_giger_futurum_03.jpg\"\n               data-thumbnail=\"https:\/\/darkart.cz\/wp-content\/gallery\/giger_praha\/thumbs\/thumbs_01_giger_futurum_03.jpg\"\n               data-image-id=\"21\"\n               data-title=\"01_giger_futurum_03.jpg\"\n               data-description=\"\"\n               data-image-slug=\"01_giger_futurum_03-jpg\"\n               class=\"ngg-fancybox\" rel=\"e408551af7becba011b902336a886f2f\">\n                <img\n                    title=\"01_giger_futurum_03.jpg\"\n                    alt=\"01_giger_futurum_03.jpg\"\n                    src=\"https:\/\/darkart.cz\/wp-content\/gallery\/giger_praha\/thumbs\/thumbs_01_giger_futurum_03.jpg\"\n                    width=\"100\"\n                    height=\"75\"\n                    style=\"max-width:100%;\"\n                \/>\n            <\/a>\n        <\/div>\n\t\t\t\t\t\t\t<\/div> \n\t\t\t\n\t\t\t\t<div id=\"ngg-image-3\" class=\"ngg-gallery-thumbnail-box ngg-4-columns\" >\n\t\t\t\t        <div class=\"ngg-gallery-thumbnail\">\n            <a href=\"https:\/\/darkart.cz\/wp-content\/gallery\/giger_praha\/02_giger_vernisaz_02.jpg\"\n               title=\"\"\n               data-src=\"https:\/\/darkart.cz\/wp-content\/gallery\/giger_praha\/02_giger_vernisaz_02.jpg\"\n               data-thumbnail=\"https:\/\/darkart.cz\/wp-content\/gallery\/giger_praha\/thumbs\/thumbs_02_giger_vernisaz_02.jpg\"\n               data-image-id=\"22\"\n               data-title=\"02_giger_vernisaz_02.jpg\"\n               data-description=\"\"\n               data-image-slug=\"02_giger_vernisaz_02-jpg\"\n               class=\"ngg-fancybox\" rel=\"e408551af7becba011b902336a886f2f\">\n                <img\n                    title=\"02_giger_vernisaz_02.jpg\"\n                    alt=\"02_giger_vernisaz_02.jpg\"\n                    src=\"https:\/\/darkart.cz\/wp-content\/gallery\/giger_praha\/thumbs\/thumbs_02_giger_vernisaz_02.jpg\"\n                    width=\"100\"\n                    height=\"75\"\n                    style=\"max-width:100%;\"\n                \/>\n            <\/a>\n        <\/div>\n\t\t\t\t\t\t\t<\/div> \n\t\t\t\n\t\t\t\t<div id=\"ngg-image-4\" class=\"ngg-gallery-thumbnail-box ngg-4-columns\" >\n\t\t\t\t        <div class=\"ngg-gallery-thumbnail\">\n            <a href=\"https:\/\/darkart.cz\/wp-content\/gallery\/giger_praha\/02_giger_vernisaz_03.jpg\"\n               title=\"\"\n               data-src=\"https:\/\/darkart.cz\/wp-content\/gallery\/giger_praha\/02_giger_vernisaz_03.jpg\"\n               data-thumbnail=\"https:\/\/darkart.cz\/wp-content\/gallery\/giger_praha\/thumbs\/thumbs_02_giger_vernisaz_03.jpg\"\n               data-image-id=\"23\"\n               data-title=\"02_giger_vernisaz_03.jpg\"\n               data-description=\"\"\n               data-image-slug=\"02_giger_vernisaz_03-jpg\"\n               class=\"ngg-fancybox\" rel=\"e408551af7becba011b902336a886f2f\">\n                <img\n                    title=\"02_giger_vernisaz_03.jpg\"\n                    alt=\"02_giger_vernisaz_03.jpg\"\n                    src=\"https:\/\/darkart.cz\/wp-content\/gallery\/giger_praha\/thumbs\/thumbs_02_giger_vernisaz_03.jpg\"\n                    width=\"100\"\n                    height=\"75\"\n                    style=\"max-width:100%;\"\n                \/>\n            <\/a>\n        <\/div>\n\t\t\t\t\t\t\t<\/div> \n\t\t\t\n\t\t\t\t<div id=\"ngg-image-5\" class=\"ngg-gallery-thumbnail-box ngg-4-columns\" >\n\t\t\t\t        <div class=\"ngg-gallery-thumbnail\">\n            <a href=\"https:\/\/darkart.cz\/wp-content\/gallery\/giger_praha\/02_giger_vernisaz_04.jpg\"\n               title=\"\"\n               data-src=\"https:\/\/darkart.cz\/wp-content\/gallery\/giger_praha\/02_giger_vernisaz_04.jpg\"\n               data-thumbnail=\"https:\/\/darkart.cz\/wp-content\/gallery\/giger_praha\/thumbs\/thumbs_02_giger_vernisaz_04.jpg\"\n               data-image-id=\"24\"\n               data-title=\"02_giger_vernisaz_04.jpg\"\n               data-description=\"\"\n               data-image-slug=\"02_giger_vernisaz_04-jpg\"\n               class=\"ngg-fancybox\" rel=\"e408551af7becba011b902336a886f2f\">\n                <img\n                    title=\"02_giger_vernisaz_04.jpg\"\n                    alt=\"02_giger_vernisaz_04.jpg\"\n                    src=\"https:\/\/darkart.cz\/wp-content\/gallery\/giger_praha\/thumbs\/thumbs_02_giger_vernisaz_04.jpg\"\n                    width=\"100\"\n                    height=\"75\"\n                    style=\"max-width:100%;\"\n                \/>\n            <\/a>\n        <\/div>\n\t\t\t\t\t\t\t<\/div> \n\t\t\t\n\t\t\t\t<div id=\"ngg-image-6\" class=\"ngg-gallery-thumbnail-box ngg-4-columns\" >\n\t\t\t\t        <div class=\"ngg-gallery-thumbnail\">\n            <a href=\"https:\/\/darkart.cz\/wp-content\/gallery\/giger_praha\/02_giger_vernisaz_06.jpg\"\n               title=\"\"\n               data-src=\"https:\/\/darkart.cz\/wp-content\/gallery\/giger_praha\/02_giger_vernisaz_06.jpg\"\n               data-thumbnail=\"https:\/\/darkart.cz\/wp-content\/gallery\/giger_praha\/thumbs\/thumbs_02_giger_vernisaz_06.jpg\"\n               data-image-id=\"25\"\n               data-title=\"02_giger_vernisaz_06.jpg\"\n               data-description=\"\"\n               data-image-slug=\"02_giger_vernisaz_06-jpg\"\n               class=\"ngg-fancybox\" rel=\"e408551af7becba011b902336a886f2f\">\n                <img\n                    title=\"02_giger_vernisaz_06.jpg\"\n                    alt=\"02_giger_vernisaz_06.jpg\"\n                    src=\"https:\/\/darkart.cz\/wp-content\/gallery\/giger_praha\/thumbs\/thumbs_02_giger_vernisaz_06.jpg\"\n                    width=\"100\"\n                    height=\"75\"\n                    style=\"max-width:100%;\"\n                \/>\n            <\/a>\n        <\/div>\n\t\t\t\t\t\t\t<\/div> \n\t\t\t\n\t\t\t\t<div id=\"ngg-image-7\" class=\"ngg-gallery-thumbnail-box ngg-4-columns\" >\n\t\t\t\t        <div class=\"ngg-gallery-thumbnail\">\n            <a href=\"https:\/\/darkart.cz\/wp-content\/gallery\/giger_praha\/02_giger_vernisaz_07.jpg\"\n               title=\"\"\n               data-src=\"https:\/\/darkart.cz\/wp-content\/gallery\/giger_praha\/02_giger_vernisaz_07.jpg\"\n               data-thumbnail=\"https:\/\/darkart.cz\/wp-content\/gallery\/giger_praha\/thumbs\/thumbs_02_giger_vernisaz_07.jpg\"\n               data-image-id=\"26\"\n               data-title=\"02_giger_vernisaz_07.jpg\"\n               data-description=\"\"\n               data-image-slug=\"02_giger_vernisaz_07-jpg\"\n               class=\"ngg-fancybox\" rel=\"e408551af7becba011b902336a886f2f\">\n                <img\n                    title=\"02_giger_vernisaz_07.jpg\"\n                    alt=\"02_giger_vernisaz_07.jpg\"\n                    src=\"https:\/\/darkart.cz\/wp-content\/gallery\/giger_praha\/thumbs\/thumbs_02_giger_vernisaz_07.jpg\"\n                    width=\"100\"\n                    height=\"75\"\n                    style=\"max-width:100%;\"\n                \/>\n            <\/a>\n        <\/div>\n\t\t\t\t\t\t\t<\/div> \n\t\t\t\n\t\t\t\t<div id=\"ngg-image-8\" class=\"ngg-gallery-thumbnail-box ngg-4-columns\" >\n\t\t\t\t        <div class=\"ngg-gallery-thumbnail\">\n            <a href=\"https:\/\/darkart.cz\/wp-content\/gallery\/giger_praha\/02_giger_vernisaz_08.jpg\"\n               title=\"\"\n               data-src=\"https:\/\/darkart.cz\/wp-content\/gallery\/giger_praha\/02_giger_vernisaz_08.jpg\"\n               data-thumbnail=\"https:\/\/darkart.cz\/wp-content\/gallery\/giger_praha\/thumbs\/thumbs_02_giger_vernisaz_08.jpg\"\n               data-image-id=\"27\"\n               data-title=\"02_giger_vernisaz_08.jpg\"\n               data-description=\"\"\n               data-image-slug=\"02_giger_vernisaz_08-jpg\"\n               class=\"ngg-fancybox\" rel=\"e408551af7becba011b902336a886f2f\">\n                <img\n                    title=\"02_giger_vernisaz_08.jpg\"\n                    alt=\"02_giger_vernisaz_08.jpg\"\n                    src=\"https:\/\/darkart.cz\/wp-content\/gallery\/giger_praha\/thumbs\/thumbs_02_giger_vernisaz_08.jpg\"\n                    width=\"100\"\n                    height=\"75\"\n                    style=\"max-width:100%;\"\n                \/>\n            <\/a>\n        <\/div>\n\t\t\t\t\t\t\t<\/div> \n\t\t\t\n\t\t\t\t<div id=\"ngg-image-9\" class=\"ngg-gallery-thumbnail-box ngg-4-columns\" >\n\t\t\t\t        <div class=\"ngg-gallery-thumbnail\">\n            <a href=\"https:\/\/darkart.cz\/wp-content\/gallery\/giger_praha\/02_giger_vernisaz_09.jpg\"\n               title=\"\"\n               data-src=\"https:\/\/darkart.cz\/wp-content\/gallery\/giger_praha\/02_giger_vernisaz_09.jpg\"\n               data-thumbnail=\"https:\/\/darkart.cz\/wp-content\/gallery\/giger_praha\/thumbs\/thumbs_02_giger_vernisaz_09.jpg\"\n               data-image-id=\"28\"\n               data-title=\"02_giger_vernisaz_09.jpg\"\n               data-description=\"\"\n               data-image-slug=\"02_giger_vernisaz_09-jpg\"\n               class=\"ngg-fancybox\" rel=\"e408551af7becba011b902336a886f2f\">\n                <img\n                    title=\"02_giger_vernisaz_09.jpg\"\n                    alt=\"02_giger_vernisaz_09.jpg\"\n                    src=\"https:\/\/darkart.cz\/wp-content\/gallery\/giger_praha\/thumbs\/thumbs_02_giger_vernisaz_09.jpg\"\n                    width=\"100\"\n                    height=\"75\"\n                    style=\"max-width:100%;\"\n                \/>\n            <\/a>\n        <\/div>\n\t\t\t\t\t\t\t<\/div> \n\t\t\t\n\t\t\t\t<div id=\"ngg-image-10\" class=\"ngg-gallery-thumbnail-box ngg-4-columns\" >\n\t\t\t\t        <div class=\"ngg-gallery-thumbnail\">\n            <a href=\"https:\/\/darkart.cz\/wp-content\/gallery\/giger_praha\/02_giger_vernisaz_10.jpg\"\n               title=\"\"\n               data-src=\"https:\/\/darkart.cz\/wp-content\/gallery\/giger_praha\/02_giger_vernisaz_10.jpg\"\n               data-thumbnail=\"https:\/\/darkart.cz\/wp-content\/gallery\/giger_praha\/thumbs\/thumbs_02_giger_vernisaz_10.jpg\"\n               data-image-id=\"29\"\n               data-title=\"02_giger_vernisaz_10.jpg\"\n               data-description=\"\"\n               data-image-slug=\"02_giger_vernisaz_10-jpg\"\n               class=\"ngg-fancybox\" rel=\"e408551af7becba011b902336a886f2f\">\n                <img\n                    title=\"02_giger_vernisaz_10.jpg\"\n                    alt=\"02_giger_vernisaz_10.jpg\"\n                    src=\"https:\/\/darkart.cz\/wp-content\/gallery\/giger_praha\/thumbs\/thumbs_02_giger_vernisaz_10.jpg\"\n                    width=\"100\"\n                    height=\"75\"\n                    style=\"max-width:100%;\"\n                \/>\n            <\/a>\n        <\/div>\n\t\t\t\t\t\t\t<\/div> \n\t\t\t\n\t\t\t\t<div id=\"ngg-image-11\" class=\"ngg-gallery-thumbnail-box ngg-4-columns\" >\n\t\t\t\t        <div class=\"ngg-gallery-thumbnail\">\n            <a href=\"https:\/\/darkart.cz\/wp-content\/gallery\/giger_praha\/02_giger_vernisaz_11.jpg\"\n               title=\"\"\n               data-src=\"https:\/\/darkart.cz\/wp-content\/gallery\/giger_praha\/02_giger_vernisaz_11.jpg\"\n               data-thumbnail=\"https:\/\/darkart.cz\/wp-content\/gallery\/giger_praha\/thumbs\/thumbs_02_giger_vernisaz_11.jpg\"\n               data-image-id=\"30\"\n               data-title=\"02_giger_vernisaz_11.jpg\"\n               data-description=\"\"\n               data-image-slug=\"02_giger_vernisaz_11-jpg\"\n               class=\"ngg-fancybox\" rel=\"e408551af7becba011b902336a886f2f\">\n                <img\n                    title=\"02_giger_vernisaz_11.jpg\"\n                    alt=\"02_giger_vernisaz_11.jpg\"\n                    src=\"https:\/\/darkart.cz\/wp-content\/gallery\/giger_praha\/thumbs\/thumbs_02_giger_vernisaz_11.jpg\"\n                    width=\"100\"\n                    height=\"75\"\n                    style=\"max-width:100%;\"\n                \/>\n            <\/a>\n        <\/div>\n\t\t\t\t\t\t\t<\/div> \n\t\t\t\n\t\t\t\t<div id=\"ngg-image-12\" class=\"ngg-gallery-thumbnail-box ngg-4-columns\" >\n\t\t\t\t        <div class=\"ngg-gallery-thumbnail\">\n            <a href=\"https:\/\/darkart.cz\/wp-content\/gallery\/giger_praha\/02_giger_vernisaz_12.jpg\"\n               title=\"\"\n               data-src=\"https:\/\/darkart.cz\/wp-content\/gallery\/giger_praha\/02_giger_vernisaz_12.jpg\"\n               data-thumbnail=\"https:\/\/darkart.cz\/wp-content\/gallery\/giger_praha\/thumbs\/thumbs_02_giger_vernisaz_12.jpg\"\n               data-image-id=\"31\"\n               data-title=\"02_giger_vernisaz_12.jpg\"\n               data-description=\"\"\n               data-image-slug=\"02_giger_vernisaz_12-jpg\"\n               class=\"ngg-fancybox\" rel=\"e408551af7becba011b902336a886f2f\">\n                <img\n                    title=\"02_giger_vernisaz_12.jpg\"\n                    alt=\"02_giger_vernisaz_12.jpg\"\n                    src=\"https:\/\/darkart.cz\/wp-content\/gallery\/giger_praha\/thumbs\/thumbs_02_giger_vernisaz_12.jpg\"\n                    width=\"100\"\n                    height=\"75\"\n                    style=\"max-width:100%;\"\n                \/>\n            <\/a>\n        <\/div>\n\t\t\t\t\t\t\t<\/div> \n\t\t\t\n\t\t\t\t<div id=\"ngg-image-13\" class=\"ngg-gallery-thumbnail-box ngg-4-columns\" >\n\t\t\t\t        <div class=\"ngg-gallery-thumbnail\">\n            <a href=\"https:\/\/darkart.cz\/wp-content\/gallery\/giger_praha\/02_giger_vernisaz_13.jpg\"\n               title=\"\"\n               data-src=\"https:\/\/darkart.cz\/wp-content\/gallery\/giger_praha\/02_giger_vernisaz_13.jpg\"\n               data-thumbnail=\"https:\/\/darkart.cz\/wp-content\/gallery\/giger_praha\/thumbs\/thumbs_02_giger_vernisaz_13.jpg\"\n               data-image-id=\"32\"\n               data-title=\"02_giger_vernisaz_13.jpg\"\n               data-description=\"\"\n               data-image-slug=\"02_giger_vernisaz_13-jpg\"\n               class=\"ngg-fancybox\" rel=\"e408551af7becba011b902336a886f2f\">\n                <img\n                    title=\"02_giger_vernisaz_13.jpg\"\n                    alt=\"02_giger_vernisaz_13.jpg\"\n                    src=\"https:\/\/darkart.cz\/wp-content\/gallery\/giger_praha\/thumbs\/thumbs_02_giger_vernisaz_13.jpg\"\n                    width=\"100\"\n                    height=\"75\"\n                    style=\"max-width:100%;\"\n                \/>\n            <\/a>\n        <\/div>\n\t\t\t\t\t\t\t<\/div> \n\t\t\t\n\t\t\t\t<div id=\"ngg-image-14\" class=\"ngg-gallery-thumbnail-box ngg-4-columns\" >\n\t\t\t\t        <div class=\"ngg-gallery-thumbnail\">\n            <a href=\"https:\/\/darkart.cz\/wp-content\/gallery\/giger_praha\/02_giger_vernisaz_14.jpg\"\n               title=\"\"\n               data-src=\"https:\/\/darkart.cz\/wp-content\/gallery\/giger_praha\/02_giger_vernisaz_14.jpg\"\n               data-thumbnail=\"https:\/\/darkart.cz\/wp-content\/gallery\/giger_praha\/thumbs\/thumbs_02_giger_vernisaz_14.jpg\"\n               data-image-id=\"33\"\n               data-title=\"02_giger_vernisaz_14.jpg\"\n               data-description=\"\"\n               data-image-slug=\"02_giger_vernisaz_14-jpg\"\n               class=\"ngg-fancybox\" rel=\"e408551af7becba011b902336a886f2f\">\n                <img\n                    title=\"02_giger_vernisaz_14.jpg\"\n                    alt=\"02_giger_vernisaz_14.jpg\"\n                    src=\"https:\/\/darkart.cz\/wp-content\/gallery\/giger_praha\/thumbs\/thumbs_02_giger_vernisaz_14.jpg\"\n                    width=\"100\"\n                    height=\"75\"\n                    style=\"max-width:100%;\"\n                \/>\n            <\/a>\n        <\/div>\n\t\t\t\t\t\t\t<\/div> \n\t\t\t\n\t\t\t\t<div id=\"ngg-image-15\" class=\"ngg-gallery-thumbnail-box ngg-4-columns\" >\n\t\t\t\t        <div class=\"ngg-gallery-thumbnail\">\n            <a href=\"https:\/\/darkart.cz\/wp-content\/gallery\/giger_praha\/02_giger_vernisaz_15.jpg\"\n               title=\"\"\n               data-src=\"https:\/\/darkart.cz\/wp-content\/gallery\/giger_praha\/02_giger_vernisaz_15.jpg\"\n               data-thumbnail=\"https:\/\/darkart.cz\/wp-content\/gallery\/giger_praha\/thumbs\/thumbs_02_giger_vernisaz_15.jpg\"\n               data-image-id=\"34\"\n               data-title=\"02_giger_vernisaz_15.jpg\"\n               data-description=\"\"\n               data-image-slug=\"02_giger_vernisaz_15-jpg\"\n               class=\"ngg-fancybox\" rel=\"e408551af7becba011b902336a886f2f\">\n                <img\n                    title=\"02_giger_vernisaz_15.jpg\"\n                    alt=\"02_giger_vernisaz_15.jpg\"\n                    src=\"https:\/\/darkart.cz\/wp-content\/gallery\/giger_praha\/thumbs\/thumbs_02_giger_vernisaz_15.jpg\"\n                    width=\"100\"\n                    height=\"75\"\n                    style=\"max-width:100%;\"\n                \/>\n            <\/a>\n        <\/div>\n\t\t\t\t\t\t\t<\/div> \n\t\t\t\n\t\t\t\t<div id=\"ngg-image-16\" class=\"ngg-gallery-thumbnail-box ngg-4-columns\" >\n\t\t\t\t        <div class=\"ngg-gallery-thumbnail\">\n            <a href=\"https:\/\/darkart.cz\/wp-content\/gallery\/giger_praha\/02_giger_vernisaz_16.jpg\"\n               title=\"\"\n               data-src=\"https:\/\/darkart.cz\/wp-content\/gallery\/giger_praha\/02_giger_vernisaz_16.jpg\"\n               data-thumbnail=\"https:\/\/darkart.cz\/wp-content\/gallery\/giger_praha\/thumbs\/thumbs_02_giger_vernisaz_16.jpg\"\n               data-image-id=\"35\"\n               data-title=\"02_giger_vernisaz_16.jpg\"\n               data-description=\"\"\n               data-image-slug=\"02_giger_vernisaz_16-jpg\"\n               class=\"ngg-fancybox\" rel=\"e408551af7becba011b902336a886f2f\">\n                <img\n                    title=\"02_giger_vernisaz_16.jpg\"\n                    alt=\"02_giger_vernisaz_16.jpg\"\n                    src=\"https:\/\/darkart.cz\/wp-content\/gallery\/giger_praha\/thumbs\/thumbs_02_giger_vernisaz_16.jpg\"\n                    width=\"100\"\n                    height=\"75\"\n                    style=\"max-width:100%;\"\n                \/>\n            <\/a>\n        <\/div>\n\t\t\t\t\t\t\t<\/div> \n\t\t\t\n\t\t\t\t<div id=\"ngg-image-17\" class=\"ngg-gallery-thumbnail-box ngg-4-columns\" >\n\t\t\t\t        <div class=\"ngg-gallery-thumbnail\">\n            <a href=\"https:\/\/darkart.cz\/wp-content\/gallery\/giger_praha\/02_giger_vernisaz_17.jpg\"\n               title=\"\"\n               data-src=\"https:\/\/darkart.cz\/wp-content\/gallery\/giger_praha\/02_giger_vernisaz_17.jpg\"\n               data-thumbnail=\"https:\/\/darkart.cz\/wp-content\/gallery\/giger_praha\/thumbs\/thumbs_02_giger_vernisaz_17.jpg\"\n               data-image-id=\"36\"\n               data-title=\"02_giger_vernisaz_17.jpg\"\n               data-description=\"\"\n               data-image-slug=\"02_giger_vernisaz_17-jpg\"\n               class=\"ngg-fancybox\" rel=\"e408551af7becba011b902336a886f2f\">\n                <img\n                    title=\"02_giger_vernisaz_17.jpg\"\n                    alt=\"02_giger_vernisaz_17.jpg\"\n                    src=\"https:\/\/darkart.cz\/wp-content\/gallery\/giger_praha\/thumbs\/thumbs_02_giger_vernisaz_17.jpg\"\n                    width=\"100\"\n                    height=\"75\"\n                    style=\"max-width:100%;\"\n                \/>\n            <\/a>\n        <\/div>\n\t\t\t\t\t\t\t<\/div> \n\t\t\t\n\t\t\t\t<div id=\"ngg-image-18\" class=\"ngg-gallery-thumbnail-box ngg-4-columns\" >\n\t\t\t\t        <div class=\"ngg-gallery-thumbnail\">\n            <a href=\"https:\/\/darkart.cz\/wp-content\/gallery\/giger_praha\/02_giger_vernisaz_18.jpg\"\n               title=\"\"\n               data-src=\"https:\/\/darkart.cz\/wp-content\/gallery\/giger_praha\/02_giger_vernisaz_18.jpg\"\n               data-thumbnail=\"https:\/\/darkart.cz\/wp-content\/gallery\/giger_praha\/thumbs\/thumbs_02_giger_vernisaz_18.jpg\"\n               data-image-id=\"37\"\n               data-title=\"02_giger_vernisaz_18.jpg\"\n               data-description=\"\"\n               data-image-slug=\"02_giger_vernisaz_18-jpg\"\n               class=\"ngg-fancybox\" rel=\"e408551af7becba011b902336a886f2f\">\n                <img\n                    title=\"02_giger_vernisaz_18.jpg\"\n                    alt=\"02_giger_vernisaz_18.jpg\"\n                    src=\"https:\/\/darkart.cz\/wp-content\/gallery\/giger_praha\/thumbs\/thumbs_02_giger_vernisaz_18.jpg\"\n                    width=\"100\"\n                    height=\"75\"\n                    style=\"max-width:100%;\"\n                \/>\n            <\/a>\n        <\/div>\n\t\t\t\t\t\t\t<\/div> \n\t\t\t\n\t\t\t\t<div id=\"ngg-image-19\" class=\"ngg-gallery-thumbnail-box ngg-4-columns\" >\n\t\t\t\t        <div class=\"ngg-gallery-thumbnail\">\n            <a href=\"https:\/\/darkart.cz\/wp-content\/gallery\/giger_praha\/02_giger_vernisaz_19.jpg\"\n               title=\"\"\n               data-src=\"https:\/\/darkart.cz\/wp-content\/gallery\/giger_praha\/02_giger_vernisaz_19.jpg\"\n               data-thumbnail=\"https:\/\/darkart.cz\/wp-content\/gallery\/giger_praha\/thumbs\/thumbs_02_giger_vernisaz_19.jpg\"\n               data-image-id=\"38\"\n               data-title=\"02_giger_vernisaz_19.jpg\"\n               data-description=\"\"\n               data-image-slug=\"02_giger_vernisaz_19-jpg\"\n               class=\"ngg-fancybox\" rel=\"e408551af7becba011b902336a886f2f\">\n                <img\n                    title=\"02_giger_vernisaz_19.jpg\"\n                    alt=\"02_giger_vernisaz_19.jpg\"\n                    src=\"https:\/\/darkart.cz\/wp-content\/gallery\/giger_praha\/thumbs\/thumbs_02_giger_vernisaz_19.jpg\"\n                    width=\"100\"\n                    height=\"75\"\n                    style=\"max-width:100%;\"\n                \/>\n            <\/a>\n        <\/div>\n\t\t\t\t\t\t\t<\/div> \n\t\t\t\n\t\t\t\t<div id=\"ngg-image-20\" class=\"ngg-gallery-thumbnail-box ngg-4-columns\" >\n\t\t\t\t        <div class=\"ngg-gallery-thumbnail\">\n            <a href=\"https:\/\/darkart.cz\/wp-content\/gallery\/giger_praha\/02_giger_vernisaz_20.jpg\"\n               title=\"\"\n               data-src=\"https:\/\/darkart.cz\/wp-content\/gallery\/giger_praha\/02_giger_vernisaz_20.jpg\"\n               data-thumbnail=\"https:\/\/darkart.cz\/wp-content\/gallery\/giger_praha\/thumbs\/thumbs_02_giger_vernisaz_20.jpg\"\n               data-image-id=\"39\"\n               data-title=\"02_giger_vernisaz_20.jpg\"\n               data-description=\"\"\n               data-image-slug=\"02_giger_vernisaz_20-jpg\"\n               class=\"ngg-fancybox\" rel=\"e408551af7becba011b902336a886f2f\">\n                <img\n                    title=\"02_giger_vernisaz_20.jpg\"\n                    alt=\"02_giger_vernisaz_20.jpg\"\n                    src=\"https:\/\/darkart.cz\/wp-content\/gallery\/giger_praha\/thumbs\/thumbs_02_giger_vernisaz_20.jpg\"\n                    width=\"100\"\n                    height=\"75\"\n                    style=\"max-width:100%;\"\n                \/>\n            <\/a>\n        <\/div>\n\t\t\t\t\t\t\t<\/div> \n\t\t\t\n\t\t\t\t<div id=\"ngg-image-21\" class=\"ngg-gallery-thumbnail-box ngg-4-columns\" >\n\t\t\t\t        <div class=\"ngg-gallery-thumbnail\">\n            <a href=\"https:\/\/darkart.cz\/wp-content\/gallery\/giger_praha\/02_giger_vernisaz_21.jpg\"\n               title=\"\"\n               data-src=\"https:\/\/darkart.cz\/wp-content\/gallery\/giger_praha\/02_giger_vernisaz_21.jpg\"\n               data-thumbnail=\"https:\/\/darkart.cz\/wp-content\/gallery\/giger_praha\/thumbs\/thumbs_02_giger_vernisaz_21.jpg\"\n               data-image-id=\"40\"\n               data-title=\"02_giger_vernisaz_21.jpg\"\n               data-description=\"\"\n               data-image-slug=\"02_giger_vernisaz_21-jpg\"\n               class=\"ngg-fancybox\" rel=\"e408551af7becba011b902336a886f2f\">\n                <img\n                    title=\"02_giger_vernisaz_21.jpg\"\n                    alt=\"02_giger_vernisaz_21.jpg\"\n                    src=\"https:\/\/darkart.cz\/wp-content\/gallery\/giger_praha\/thumbs\/thumbs_02_giger_vernisaz_21.jpg\"\n                    width=\"100\"\n                    height=\"75\"\n                    style=\"max-width:100%;\"\n                \/>\n            <\/a>\n        <\/div>\n\t\t\t\t\t\t\t<\/div> \n\t\t\t\n\t\t\t\t<div id=\"ngg-image-22\" class=\"ngg-gallery-thumbnail-box ngg-4-columns\" >\n\t\t\t\t        <div class=\"ngg-gallery-thumbnail\">\n            <a href=\"https:\/\/darkart.cz\/wp-content\/gallery\/giger_praha\/02_giger_vernisaz_22.jpg\"\n               title=\"\"\n               data-src=\"https:\/\/darkart.cz\/wp-content\/gallery\/giger_praha\/02_giger_vernisaz_22.jpg\"\n               data-thumbnail=\"https:\/\/darkart.cz\/wp-content\/gallery\/giger_praha\/thumbs\/thumbs_02_giger_vernisaz_22.jpg\"\n               data-image-id=\"41\"\n               data-title=\"02_giger_vernisaz_22.jpg\"\n               data-description=\"\"\n               data-image-slug=\"02_giger_vernisaz_22-jpg\"\n               class=\"ngg-fancybox\" rel=\"e408551af7becba011b902336a886f2f\">\n                <img\n                    title=\"02_giger_vernisaz_22.jpg\"\n                    alt=\"02_giger_vernisaz_22.jpg\"\n                    src=\"https:\/\/darkart.cz\/wp-content\/gallery\/giger_praha\/thumbs\/thumbs_02_giger_vernisaz_22.jpg\"\n                    width=\"100\"\n                    height=\"75\"\n                    style=\"max-width:100%;\"\n                \/>\n            <\/a>\n        <\/div>\n\t\t\t\t\t\t\t<\/div> \n\t\t\t\n\t\t\t\t<div id=\"ngg-image-23\" class=\"ngg-gallery-thumbnail-box ngg-4-columns\" >\n\t\t\t\t        <div class=\"ngg-gallery-thumbnail\">\n            <a href=\"https:\/\/darkart.cz\/wp-content\/gallery\/giger_praha\/02_giger_vernisaz_24.jpg\"\n               title=\"\"\n               data-src=\"https:\/\/darkart.cz\/wp-content\/gallery\/giger_praha\/02_giger_vernisaz_24.jpg\"\n               data-thumbnail=\"https:\/\/darkart.cz\/wp-content\/gallery\/giger_praha\/thumbs\/thumbs_02_giger_vernisaz_24.jpg\"\n               data-image-id=\"43\"\n               data-title=\"02_giger_vernisaz_24.jpg\"\n               data-description=\"\"\n               data-image-slug=\"02_giger_vernisaz_24-jpg\"\n               class=\"ngg-fancybox\" rel=\"e408551af7becba011b902336a886f2f\">\n                <img\n                    title=\"02_giger_vernisaz_24.jpg\"\n                    alt=\"02_giger_vernisaz_24.jpg\"\n                    src=\"https:\/\/darkart.cz\/wp-content\/gallery\/giger_praha\/thumbs\/thumbs_02_giger_vernisaz_24.jpg\"\n                    width=\"100\"\n                    height=\"75\"\n                    style=\"max-width:100%;\"\n                \/>\n            <\/a>\n        <\/div>\n\t\t\t\t\t\t\t<\/div> \n\t\t\t\n\t\t\t\t<div id=\"ngg-image-24\" class=\"ngg-gallery-thumbnail-box ngg-4-columns\" >\n\t\t\t\t        <div class=\"ngg-gallery-thumbnail\">\n            <a href=\"https:\/\/darkart.cz\/wp-content\/gallery\/giger_praha\/02_giger_vernisaz_25.jpg\"\n               title=\"\"\n               data-src=\"https:\/\/darkart.cz\/wp-content\/gallery\/giger_praha\/02_giger_vernisaz_25.jpg\"\n               data-thumbnail=\"https:\/\/darkart.cz\/wp-content\/gallery\/giger_praha\/thumbs\/thumbs_02_giger_vernisaz_25.jpg\"\n               data-image-id=\"44\"\n               data-title=\"02_giger_vernisaz_25.jpg\"\n               data-description=\"\"\n               data-image-slug=\"02_giger_vernisaz_25-jpg\"\n               class=\"ngg-fancybox\" rel=\"e408551af7becba011b902336a886f2f\">\n                <img\n                    title=\"02_giger_vernisaz_25.jpg\"\n                    alt=\"02_giger_vernisaz_25.jpg\"\n                    src=\"https:\/\/darkart.cz\/wp-content\/gallery\/giger_praha\/thumbs\/thumbs_02_giger_vernisaz_25.jpg\"\n                    width=\"100\"\n                    height=\"75\"\n                    style=\"max-width:100%;\"\n                \/>\n            <\/a>\n        <\/div>\n\t\t\t\t\t\t\t<\/div> \n\t\t\t\n\t\t\t\t<div id=\"ngg-image-25\" class=\"ngg-gallery-thumbnail-box ngg-4-columns\" >\n\t\t\t\t        <div class=\"ngg-gallery-thumbnail\">\n            <a href=\"https:\/\/darkart.cz\/wp-content\/gallery\/giger_praha\/02_giger_vernisaz_26.jpg\"\n               title=\"\"\n               data-src=\"https:\/\/darkart.cz\/wp-content\/gallery\/giger_praha\/02_giger_vernisaz_26.jpg\"\n               data-thumbnail=\"https:\/\/darkart.cz\/wp-content\/gallery\/giger_praha\/thumbs\/thumbs_02_giger_vernisaz_26.jpg\"\n               data-image-id=\"45\"\n               data-title=\"02_giger_vernisaz_26.jpg\"\n               data-description=\"\"\n               data-image-slug=\"02_giger_vernisaz_26-jpg\"\n               class=\"ngg-fancybox\" rel=\"e408551af7becba011b902336a886f2f\">\n                <img\n                    title=\"02_giger_vernisaz_26.jpg\"\n                    alt=\"02_giger_vernisaz_26.jpg\"\n                    src=\"https:\/\/darkart.cz\/wp-content\/gallery\/giger_praha\/thumbs\/thumbs_02_giger_vernisaz_26.jpg\"\n                    width=\"100\"\n                    height=\"75\"\n                    style=\"max-width:100%;\"\n                \/>\n            <\/a>\n        <\/div>\n\t\t\t\t\t\t\t<\/div> \n\t\t\t\n\t\t\t\t<div id=\"ngg-image-26\" class=\"ngg-gallery-thumbnail-box ngg-4-columns\" >\n\t\t\t\t        <div class=\"ngg-gallery-thumbnail\">\n            <a href=\"https:\/\/darkart.cz\/wp-content\/gallery\/giger_praha\/02_giger_vernisaz_27.jpg\"\n               title=\"\"\n               data-src=\"https:\/\/darkart.cz\/wp-content\/gallery\/giger_praha\/02_giger_vernisaz_27.jpg\"\n               data-thumbnail=\"https:\/\/darkart.cz\/wp-content\/gallery\/giger_praha\/thumbs\/thumbs_02_giger_vernisaz_27.jpg\"\n               data-image-id=\"46\"\n               data-title=\"02_giger_vernisaz_27.jpg\"\n               data-description=\"\"\n               data-image-slug=\"02_giger_vernisaz_27-jpg\"\n               class=\"ngg-fancybox\" rel=\"e408551af7becba011b902336a886f2f\">\n                <img\n                    title=\"02_giger_vernisaz_27.jpg\"\n                    alt=\"02_giger_vernisaz_27.jpg\"\n                    src=\"https:\/\/darkart.cz\/wp-content\/gallery\/giger_praha\/thumbs\/thumbs_02_giger_vernisaz_27.jpg\"\n                    width=\"100\"\n                    height=\"75\"\n                    style=\"max-width:100%;\"\n                \/>\n            <\/a>\n        <\/div>\n\t\t\t\t\t\t\t<\/div> \n\t\t\t\n\t\t\t\t<div id=\"ngg-image-27\" class=\"ngg-gallery-thumbnail-box ngg-4-columns\" >\n\t\t\t\t        <div class=\"ngg-gallery-thumbnail\">\n            <a href=\"https:\/\/darkart.cz\/wp-content\/gallery\/giger_praha\/02_giger_vernisaz_28.jpg\"\n               title=\"\"\n               data-src=\"https:\/\/darkart.cz\/wp-content\/gallery\/giger_praha\/02_giger_vernisaz_28.jpg\"\n               data-thumbnail=\"https:\/\/darkart.cz\/wp-content\/gallery\/giger_praha\/thumbs\/thumbs_02_giger_vernisaz_28.jpg\"\n               data-image-id=\"47\"\n               data-title=\"02_giger_vernisaz_28.jpg\"\n               data-description=\"\"\n               data-image-slug=\"02_giger_vernisaz_28-jpg\"\n               class=\"ngg-fancybox\" rel=\"e408551af7becba011b902336a886f2f\">\n                <img\n                    title=\"02_giger_vernisaz_28.jpg\"\n                    alt=\"02_giger_vernisaz_28.jpg\"\n                    src=\"https:\/\/darkart.cz\/wp-content\/gallery\/giger_praha\/thumbs\/thumbs_02_giger_vernisaz_28.jpg\"\n                    width=\"100\"\n                    height=\"75\"\n                    style=\"max-width:100%;\"\n                \/>\n            <\/a>\n        <\/div>\n\t\t\t\t\t\t\t<\/div> \n\t\t\t\n\t\t\t\t<div id=\"ngg-image-28\" class=\"ngg-gallery-thumbnail-box ngg-4-columns\" >\n\t\t\t\t        <div class=\"ngg-gallery-thumbnail\">\n            <a href=\"https:\/\/darkart.cz\/wp-content\/gallery\/giger_praha\/02_giger_vernisaz_29.jpg\"\n               title=\"\"\n               data-src=\"https:\/\/darkart.cz\/wp-content\/gallery\/giger_praha\/02_giger_vernisaz_29.jpg\"\n               data-thumbnail=\"https:\/\/darkart.cz\/wp-content\/gallery\/giger_praha\/thumbs\/thumbs_02_giger_vernisaz_29.jpg\"\n               data-image-id=\"48\"\n               data-title=\"02_giger_vernisaz_29.jpg\"\n               data-description=\"\"\n               data-image-slug=\"02_giger_vernisaz_29-jpg\"\n               class=\"ngg-fancybox\" rel=\"e408551af7becba011b902336a886f2f\">\n                <img\n                    title=\"02_giger_vernisaz_29.jpg\"\n                    alt=\"02_giger_vernisaz_29.jpg\"\n                    src=\"https:\/\/darkart.cz\/wp-content\/gallery\/giger_praha\/thumbs\/thumbs_02_giger_vernisaz_29.jpg\"\n                    width=\"100\"\n                    height=\"75\"\n                    style=\"max-width:100%;\"\n                \/>\n            <\/a>\n        <\/div>\n\t\t\t\t\t\t\t<\/div> \n\t\t\t\n\t\t\t\t<div id=\"ngg-image-29\" class=\"ngg-gallery-thumbnail-box ngg-4-columns\" >\n\t\t\t\t        <div class=\"ngg-gallery-thumbnail\">\n            <a href=\"https:\/\/darkart.cz\/wp-content\/gallery\/giger_praha\/02_giger_vernisaz_30.jpg\"\n               title=\"\"\n               data-src=\"https:\/\/darkart.cz\/wp-content\/gallery\/giger_praha\/02_giger_vernisaz_30.jpg\"\n               data-thumbnail=\"https:\/\/darkart.cz\/wp-content\/gallery\/giger_praha\/thumbs\/thumbs_02_giger_vernisaz_30.jpg\"\n               data-image-id=\"49\"\n               data-title=\"02_giger_vernisaz_30.jpg\"\n               data-description=\"\"\n               data-image-slug=\"02_giger_vernisaz_30-jpg\"\n               class=\"ngg-fancybox\" rel=\"e408551af7becba011b902336a886f2f\">\n                <img\n                    title=\"02_giger_vernisaz_30.jpg\"\n                    alt=\"02_giger_vernisaz_30.jpg\"\n                    src=\"https:\/\/darkart.cz\/wp-content\/gallery\/giger_praha\/thumbs\/thumbs_02_giger_vernisaz_30.jpg\"\n                    width=\"100\"\n                    height=\"75\"\n                    style=\"max-width:100%;\"\n                \/>\n            <\/a>\n        <\/div>\n\t\t\t\t\t\t\t<\/div> \n\t\t\t\n\t\t\t\t<div id=\"ngg-image-30\" class=\"ngg-gallery-thumbnail-box ngg-4-columns\" >\n\t\t\t\t        <div class=\"ngg-gallery-thumbnail\">\n            <a href=\"https:\/\/darkart.cz\/wp-content\/gallery\/giger_praha\/02_giger_vernisaz_31.jpg\"\n               title=\"\"\n               data-src=\"https:\/\/darkart.cz\/wp-content\/gallery\/giger_praha\/02_giger_vernisaz_31.jpg\"\n               data-thumbnail=\"https:\/\/darkart.cz\/wp-content\/gallery\/giger_praha\/thumbs\/thumbs_02_giger_vernisaz_31.jpg\"\n               data-image-id=\"50\"\n               data-title=\"02_giger_vernisaz_31.jpg\"\n               data-description=\"\"\n               data-image-slug=\"02_giger_vernisaz_31-jpg\"\n               class=\"ngg-fancybox\" rel=\"e408551af7becba011b902336a886f2f\">\n                <img\n                    title=\"02_giger_vernisaz_31.jpg\"\n                    alt=\"02_giger_vernisaz_31.jpg\"\n                    src=\"https:\/\/darkart.cz\/wp-content\/gallery\/giger_praha\/thumbs\/thumbs_02_giger_vernisaz_31.jpg\"\n                    width=\"100\"\n                    height=\"75\"\n                    style=\"max-width:100%;\"\n                \/>\n            <\/a>\n        <\/div>\n\t\t\t\t\t\t\t<\/div> \n\t\t\t\n\t\t\t\t<div id=\"ngg-image-31\" class=\"ngg-gallery-thumbnail-box ngg-4-columns\" >\n\t\t\t\t        <div class=\"ngg-gallery-thumbnail\">\n            <a href=\"https:\/\/darkart.cz\/wp-content\/gallery\/giger_praha\/02_giger_vernisaz_32.jpg\"\n               title=\"\"\n               data-src=\"https:\/\/darkart.cz\/wp-content\/gallery\/giger_praha\/02_giger_vernisaz_32.jpg\"\n               data-thumbnail=\"https:\/\/darkart.cz\/wp-content\/gallery\/giger_praha\/thumbs\/thumbs_02_giger_vernisaz_32.jpg\"\n               data-image-id=\"51\"\n               data-title=\"02_giger_vernisaz_32.jpg\"\n               data-description=\"\"\n               data-image-slug=\"02_giger_vernisaz_32-jpg\"\n               class=\"ngg-fancybox\" rel=\"e408551af7becba011b902336a886f2f\">\n                <img\n                    title=\"02_giger_vernisaz_32.jpg\"\n                    alt=\"02_giger_vernisaz_32.jpg\"\n                    src=\"https:\/\/darkart.cz\/wp-content\/gallery\/giger_praha\/thumbs\/thumbs_02_giger_vernisaz_32.jpg\"\n                    width=\"100\"\n                    height=\"75\"\n                    style=\"max-width:100%;\"\n                \/>\n            <\/a>\n        <\/div>\n\t\t\t\t\t\t\t<\/div> \n\t\t\t\n\t\t\t\t<div id=\"ngg-image-32\" class=\"ngg-gallery-thumbnail-box ngg-4-columns\" >\n\t\t\t\t        <div class=\"ngg-gallery-thumbnail\">\n            <a href=\"https:\/\/darkart.cz\/wp-content\/gallery\/giger_praha\/02_giger_vernisaz_33.jpg\"\n               title=\"\"\n               data-src=\"https:\/\/darkart.cz\/wp-content\/gallery\/giger_praha\/02_giger_vernisaz_33.jpg\"\n               data-thumbnail=\"https:\/\/darkart.cz\/wp-content\/gallery\/giger_praha\/thumbs\/thumbs_02_giger_vernisaz_33.jpg\"\n               data-image-id=\"52\"\n               data-title=\"02_giger_vernisaz_33.jpg\"\n               data-description=\"\"\n               data-image-slug=\"02_giger_vernisaz_33-jpg\"\n               class=\"ngg-fancybox\" rel=\"e408551af7becba011b902336a886f2f\">\n                <img\n                    title=\"02_giger_vernisaz_33.jpg\"\n                    alt=\"02_giger_vernisaz_33.jpg\"\n                    src=\"https:\/\/darkart.cz\/wp-content\/gallery\/giger_praha\/thumbs\/thumbs_02_giger_vernisaz_33.jpg\"\n                    width=\"100\"\n                    height=\"75\"\n                    style=\"max-width:100%;\"\n                \/>\n            <\/a>\n        <\/div>\n\t\t\t\t\t\t\t<\/div> \n\t\t\t\n\t\t\t\t<div id=\"ngg-image-33\" class=\"ngg-gallery-thumbnail-box ngg-4-columns\" >\n\t\t\t\t        <div class=\"ngg-gallery-thumbnail\">\n            <a href=\"https:\/\/darkart.cz\/wp-content\/gallery\/giger_praha\/02_giger_vernisaz_34.jpg\"\n               title=\"\"\n               data-src=\"https:\/\/darkart.cz\/wp-content\/gallery\/giger_praha\/02_giger_vernisaz_34.jpg\"\n               data-thumbnail=\"https:\/\/darkart.cz\/wp-content\/gallery\/giger_praha\/thumbs\/thumbs_02_giger_vernisaz_34.jpg\"\n               data-image-id=\"53\"\n               data-title=\"02_giger_vernisaz_34.jpg\"\n               data-description=\"\"\n               data-image-slug=\"02_giger_vernisaz_34-jpg\"\n               class=\"ngg-fancybox\" rel=\"e408551af7becba011b902336a886f2f\">\n                <img\n                    title=\"02_giger_vernisaz_34.jpg\"\n                    alt=\"02_giger_vernisaz_34.jpg\"\n                    src=\"https:\/\/darkart.cz\/wp-content\/gallery\/giger_praha\/thumbs\/thumbs_02_giger_vernisaz_34.jpg\"\n                    width=\"100\"\n                    height=\"75\"\n                    style=\"max-width:100%;\"\n                \/>\n            <\/a>\n        <\/div>\n\t\t\t\t\t\t\t<\/div> \n\t\t\t\n\t\n\t<br style=\"clear: both\" \/>\n\n\t\n\t\t<!-- Pagination -->\n\t<div class='ngg-clear'><\/div>\t<\/div>\n\n","protected":false},"excerpt":{"rendered":"<p>H.R. Giger mimo dobro velk\u00e1 retrospektivn\u00ed v\u00fdstava v Praze 13.04. &#8211; 13. 07. 2005 Ve st\u0159edu, 13. dubna se to, na co \u010dekaly \u0159ady lid\u00ed dlouh\u00e9 m\u011bs\u00edce, stalo skute\u010dnost\u00ed. Velk\u00e1 retrospektivn\u00ed v\u00fdstava H.R. Gigera byla otev\u0159ena v prostorech N\u00e1rodn\u00edho technick\u00e9ho muzea v Praze. V\u00fdstava se do Prahy p\u0159esunula z Pa\u0159\u00ed\u017ee a svou ojedin\u011blou koncepc\u00ed se [&hellip;]<\/p>\n","protected":false},"author":1,"featured_media":0,"comment_status":"open","ping_status":"open","sticky":false,"template":"","format":"standard","meta":{"ngg_post_thumbnail":0},"categories":[31],"tags":[36,37],"_links":{"self":[{"href":"https:\/\/darkart.cz\/index.php?rest_route=\/wp\/v2\/posts\/115"}],"collection":[{"href":"https:\/\/darkart.cz\/index.php?rest_route=\/wp\/v2\/posts"}],"about":[{"href":"https:\/\/darkart.cz\/index.php?rest_route=\/wp\/v2\/types\/post"}],"author":[{"embeddable":true,"href":"https:\/\/darkart.cz\/index.php?rest_route=\/wp\/v2\/users\/1"}],"replies":[{"embeddable":true,"href":"https:\/\/darkart.cz\/index.php?rest_route=%2Fwp%2Fv2%2Fcomments&post=115"}],"version-history":[{"count":0,"href":"https:\/\/darkart.cz\/index.php?rest_route=\/wp\/v2\/posts\/115\/revisions"}],"wp:attachment":[{"href":"https:\/\/darkart.cz\/index.php?rest_route=%2Fwp%2Fv2%2Fmedia&parent=115"}],"wp:term":[{"taxonomy":"category","embeddable":true,"href":"https:\/\/darkart.cz\/index.php?rest_route=%2Fwp%2Fv2%2Fcategories&post=115"},{"taxonomy":"post_tag","embeddable":true,"href":"https:\/\/darkart.cz\/index.php?rest_route=%2Fwp%2Fv2%2Ftags&post=115"}],"curies":[{"name":"wp","href":"https:\/\/api.w.org\/{rel}","templated":true}]}}