{"id":118,"date":"2006-06-25T19:15:49","date_gmt":"2006-06-25T17:15:49","guid":{"rendered":"http:\/\/www.darkart.cz\/?p=118"},"modified":"2008-05-01T14:43:00","modified_gmt":"2008-05-01T12:43:00","slug":"hr-giger-ve-vidni","status":"publish","type":"post","link":"https:\/\/darkart.cz\/?p=118","title":{"rendered":"H.R. Giger ve V\u00eddni"},"content":{"rendered":"<p><a title=\"02\" rel=\"lightbox[pics118]\" href=\"http:\/\/www.darkart.cz\/wp-content\/02.jpg\"><img loading=\"lazy\" class=\"attachment wp-att-119 alignleft\" style=\"float: left; margin-right: 10px;\" src=\"http:\/\/www.darkart.cz\/wp-content\/02.thumbnail.jpg\" alt=\"02\" width=\"200\" height=\"174\" \/><\/a>Giger In Wien<br \/>\nvelk\u00e1 retrospektivn\u00ed v\u00fdstava<br \/>\n24. 05.2006 &#8211; 01. 10. 2006<\/p>\n<p>text: Angelos Papadopoulos <a style=\"font-family: Arial; font-size: 10pt; font-weight: bold; text-decoration: none;\" href=\"http:\/\/www.kunsthauswien.com\/\" target=\"_blank\"><\/a><\/p>\n<p class=\"MsoNormal\" style=\"text-align: justify;\">Tak a je to tady zase!<\/p>\n<p class=\"MsoBodyText\" style=\"text-align: justify;\">Dal\u0161\u00ed, ji\u017e t\u0159et\u00ed, velk\u00e1            retrospektivn\u00ed v\u00fdstava \u0161v\u00fdcarsk\u00e9ho um\u011blce H.R.Gigera!  Nyn\u00ed, po p\u0159edlo\u0148sk\u00e9 Pa\u0159\u00ed\u017ei            (2004) a lo\u0148sk\u00e9 Praze (2005), se kon\u00e1 ve V\u00eddni od 24.5.2006 a\u017e do            1.10.2006. 23. kv\u011btna se konala            vernis\u00e1\u017e otev\u0159en\u00ed v\u00fdstavy v KunstHausWien a na\u0161e parta, samoz\u0159ejm\u011b,            nemohla ani tentokr\u00e1t chyb\u011bt!<!--more--><\/p>\n<p class=\"MsoNormal\" style=\"text-align: justify;\">Pro m\u011b cesta za\u010dala ji\u017e v pond\u011bl\u00ed 22. kv\u011btna, kdy jsem kolem druh\u00e9            odpoledne vyrazil z autobusov\u00e9ho n\u00e1dra\u017e\u00ed na Florenci v Praze do            Uhersk\u00e9ho Hradi\u0161t\u011b za Honzou Pod\u0161kubkou. Vezl jsem mu roli s tisky,            kter\u00e9 mu poslal n\u00e1\u0161 zn\u00e1m\u00fd \u0161v\u00fdcarsk\u00fd sb\u011bratel a par osobn\u00edch v\u011bc\u00ed. N\u00e1\u0161            pl\u00e1n byl takov\u00fd, \u017ee do V\u00eddn\u011b se pojede z Uh. Hradi\u0161t\u011b osobn\u00edm            automobilem v \u00fater\u00fd 23. kolem 2. odpoledne a ve\u010der se vr\u00e1t\u00edme zp\u011bt do            \u010cR. Jedin\u00fd probl\u00e9m byl v tom sehnat \u0159idi\u010de, kter\u00fd by n\u00e1s tam hodil,            proto\u017ee ani j\u00e1 ani Honza nem\u00e1me \u0159idi\u010d\u00e1k (jo, jasn\u011b, jsme asi tro\u0161ku            divn\u00ed J).            Honza, se na\u0161t\u011bst\u00ed p\u0159ed \u010dasem sezn\u00e1mil s nov\u00fdm ctitelem Gigerova um\u011bn\u00ed            a za\u010d\u00ednaj\u00edc\u00edm sb\u011bratelem, kter\u00fd je profesion\u00e1ln\u00edm \u0159idi\u010dem v arm\u00e1d\u011b a            ten se nab\u00eddl, \u017ee tu cestu tam a zp\u011bt ochotn\u011b od\u0159\u00edd\u00ed. Milan m\u011bl p\u0159ijet            do Uh.Hradi\u0161t\u011b v \u00fater\u00fd p\u0159ed polednem, nato se m\u011blo j\u00edt na ob\u011bd a trad\u00e1!<\/p>\n<p class=\"MsoNormal\" style=\"text-align: justify;\">Moje cesta do Hradi\u0161t\u011b prob\u011bhla v pohod\u011b. Dorazil jsem na m\u00edsto po            p\u00e1t\u00e9 odpoledne. Na autobusov\u00e9m n\u00e1dra\u017e\u00ed na mn\u011b \u010dekal Honza, uv\u00edtali            jsme se a \u0161li jsme k n\u011bmu dom\u016f, kousek od n\u00e1dra\u017e\u00ed, kde jsem si            odlo\u017eil, uv\u00edtal jsem se s jeho pan\u00ed, Ad\u00e9lkou, chv\u00edli pokecali a Honza            mi uk\u00e1zal svou sb\u00edrku! Na span\u00ed jsem m\u011bl k dispozici pokoj kde Honza            m\u00e1 pr\u00e1v\u011b svou sb\u00edrku tak jsem se c\u00edtil jak domaJ!            Nave\u010der jsme vyrazili na chvilku do m\u011bsta, abych si Hradi\u0161t\u011b tro\u0161ku            prohl\u00e9dl, dokud bylo sv\u011btlo. Skon\u010dili jsme v hospod\u011b na p\u00e1r piv a pak            zp\u00e1tky k Honzovi se vyspat na p\u0159\u00ed\u0161t\u00ed n\u00e1ro\u010dn\u00fd den.<\/p>\n<p class=\"MsoNormal\" style=\"text-align: justify;\">Druh\u00fd den r\u00e1no jsme vyrazili kolem des\u00e1t\u00e9 do m\u011bsta! Honza si \u0161el do            banky rozm\u011bnit n\u011bjak\u00e9 pen\u00edze na cestu a v jeden\u00e1ct jsme za\u0161li na            vlakov\u00e9 n\u00e1dra\u017e\u00ed uv\u00edtat Milana, na\u0161eho \u0159idi\u010de a souputn\u00edka. Milan            dorazil p\u0159esn\u011b na \u010das, tak\u017ee jsme v\u0161ichni \u010dty\u0159i za\u0161li na dobr\u00fd ob\u011bd.            Okolo jedn\u00e9 jsme se vr\u00e1tili do bytu si vyzvednout nezbytn\u00e9 v\u011bci a            vyrazili jsme. Honza si vyp\u016fj\u010dil firemn\u00ed auto a GPSku tak\u017ee jsme            vyrazili dob\u0159e vybaven\u00ed. Navigace pomoci GPS se nastavila na nejkrat\u0161\u00ed            trasu a kontrolovali jsme to je\u0161t\u011b na map\u011b pro srovn\u00e1n\u00ed. Na\u0161e cesta            prob\u00edhala naprosto bez probl\u00e9m\u016f a plynule. Na hrani\u010dn\u00edm p\u0159echodu            s Rakouskem v Reinthal jsme projeli naprosto hladce; \u010desk\u00fd p\u0159\u00edslu\u0161n\u00edk            celnice jen l\u00edn\u011b m\u00e1vl, \u017ee m\u016f\u017eeme d\u00e1l a rakousk\u00fd se ani nenam\u00e1hal            zvednout o\u010di od sv\u00fdch novin. D\u00e1le to \u0161lo stejn\u011b hladce, kolem \u010dtvrt\u00e9            odpoledne jsme dorazili do V\u00eddn\u011b. GPSka n\u00e1s navigovala naprosto p\u0159esn\u011b            a\u017e ke galerii kde byl n\u00e1\u0161 c\u00edl. M\u011bli jsme i \u0161t\u011bst\u00ed na parkov\u00e1n\u00ed,            proto\u017ee jsme na\u0161li m\u00edsto jen kousek od galerie. Vzali jsme si sv\u00e9 v\u011bci            a vyrazili ke galerii.<\/p>\n<p class=\"MsoNormal\" style=\"text-align: justify;\"><a title=\"01\" rel=\"lightbox[pics118]\" href=\"http:\/\/www.darkart.cz\/wp-content\/01.jpg\"><img loading=\"lazy\" class=\"attachment wp-att-120 alignleft\" style=\"float: left; margin-right: 10px;\" src=\"http:\/\/www.darkart.cz\/wp-content\/01.thumbnail.jpg\" alt=\"01\" width=\"200\" height=\"150\" \/><\/a>KunstHausWien je            neobvykl\u00e1 budova, vkl\u00edn\u011bn\u00e1 do b\u011b\u017en\u00e9 blokov\u00e9 z\u00e1stavby z 19. stolet\u00ed. Je            to vlastn\u011b p\u0159estav\u011bn\u00fd \u010dty\u0159patrov\u00fd \u010din\u017eovn\u00ed d\u016fm s podkrov\u00edm, \u0159e\u0161en\u00fd            tro\u0161ku avantgardn\u011b, p\u0159ipom\u00ednaj\u00edc\u00ed tro\u0161ku v\u00fdtvory \u0161pan\u011blsk\u00e9ho            architekta Gaud\u00edho. Cel\u00e1 budova je hodn\u011b atypick\u00e1, je oblo\u017een\u00e1 st\u0159\u00edpky            a st\u0159epy obkl\u00e1da\u010dek a kachl\u00edk\u016f v\u0161eho druhu, r\u016fzn\u00fdch barev a povrch\u016f,            glazurovan\u00fdch i matn\u00fdch, vkusn\u011b sestaven\u00fdch do jedine\u010dn\u00e9 \u0161achovnicov\u00e9            fas\u00e1dy, ve kter\u00e9 se st\u0159\u00edd\u00e1 oblo\u017een\u00fd povrch s om\u00edtkou a sklen\u011bn\u00fdmi            plochami oken. Kdy\u017e jsme se vynad\u00edvali na budovu galerie a po\u0159\u00eddli p\u00e1r            fotek tak jsme vyrazili do jej\u00edch \u00fatrob. V\u0161imli jsme si \u017ee netradi\u010dn\u011b            je \u0159e\u0161en i povrch parteru p\u0159ed galerii pokra\u010duj\u00edc\u00ed a\u017e do interi\u00e9ru.            Podlaha je velmi nerovn\u00e1, dl\u00e1\u017ed\u011bn\u00e1, sam\u00e1 boule tak\u017ee jsme si museli            d\u00e1vat pozor abychom nezakopli. Dole v p\u0159\u00edzem\u00ed je hala s obchodem,            pokladnou a restaurac\u00ed se zahr\u00e1dkou. Schody vedou do vy\u0161\u0161\u00edch pater kde            v prvn\u00edch dvou se nach\u00e1z\u00ed st\u00e1la v\u00fdstava a a\u017e v posledn\u00edch dvou patrech            naho\u0159e je instalace hostuj\u00edc\u00edch um\u011blc\u016f; moment\u00e1ln\u011b d\u011bji\u0161t\u011bm velk\u00e9            retrospektivn\u00ed v\u00fdstavy H.R.Gigera a n\u00e1\u0161 c\u00edl!<\/p>\n<p class=\"MsoNormal\" style=\"text-align: justify;\">Hned            jsme se \u0161li do obchodu galerie pod\u00edvat, co tam nab\u00edzej\u00ed. Prohl\u00e9dli            jsme si katalog Gigerovy v\u00fdstavy a povinn\u011b zakoupili, stoji 24,50 EUR,            d\u00e1le jsme zakoupili i dva ofici\u00e1ln\u00ed plak\u00e1ty v\u00fdstavy. Na prodej tam            jsou i standardn\u00ed plak\u00e1ty z Gigerova musea a p\u00e1r \u0161perk\u016f. D\u00e1le tam jsou            i z\u00e1sadn\u00ed kn\u00ed\u017eky jako Biomechanics, Giger\u2019s Alien, Necronomicon, Film            Design a n\u011bjak\u00e1 tri\u010dka. Jsou tam i plastiky, jako Biomechanoid a            Kondor v \u201erezav\u00e9m\u201c proveden\u00ed! Kdy\u017e jsme uspokojili sv\u00e9 \u201epot\u0159eby\u201c tak            jsme vy\u0161li ven. Bylo n\u011bco okolo p\u00e1t\u00e9 odpoledne a vernis\u00e1\u017e za\u010d\u00ednala a\u017e            v sedm, tak jsme m\u011bli dobr\u00e9 dv\u011b hodinky \u010dek\u00e1ni p\u0159ed sebou. V galerii            byl zat\u00edm klid, Giger byl pr\u00e1v\u011b je\u0161t\u011b na tiskovce a jedin\u00e9ho pohybu co            jsme si v\u0161imli byla parti\u010dka Gigerov\u00fdch nohsled\u016f okupuj\u00edc\u00edch jeden            st\u016fl v restaura\u010dn\u00ed zahr\u00e1dce s Lesliem Baranym v \u010dele. Poslali jsme            zpr\u00e1vu Marcovi, na\u0161emu kamar\u00e1dovi a sb\u011brateli, \u017ee jsme dorazili a            \u010dek\u00e1me venku p\u0159ed galerii. Marco odpov\u011bd\u011bl, \u017ee za chvilku tam bude,            byl na cest\u011b z hotelu. Vskutku se tam objevil za p\u00e1r minut. Uv\u00edtali            jsme se, prohodili p\u00e1r slov a on odkr\u00e1\u010del do galerie na n\u011bjak\u00e9 sv\u00e9            obchodn\u00ed jedn\u00e1n\u00ed. My jsme nem\u011bli nic jin\u00e9ho na pr\u00e1ci tak jsme            posed\u00e1vali a sledovali pomalu se trous\u00edc\u00ed lidi do galerie            o\u010dek\u00e1vaj\u00edc\u00edch zah\u00e1jen\u00ed v\u00fdstavy jako my. Docela jsme se bavili jak\u00e9            r\u016fznorod\u00e9 typy lid\u00ed se tu sch\u00e1z\u00ed, od seriozn\u011b vypadaj\u00edc\u00edch dam a p\u00e1n\u016f            a\u017e po r\u00e1doby \u201egothick\u00e9\u201c puber\u0165\u00e1ky. V\u0161ichni v ruce dr\u017eeli svou ob\u00e1lku            s pozv\u00e1nkou na vernis\u00e1\u017e. My jsme sv\u00e9 ob\u00e1lky m\u011bli taky. Jak\u00fd to rozd\u00edl            oproti tomu co se d\u011blo vloni v Praze. Kdo cht\u011bl, tak jednodu\u0161e mohl            napsat do galerie a oni pozv\u00e1nku a z\u00e1rove\u0148 voln\u00fd vstup na vernis\u00e1\u017e,            ochotn\u011b poslali, naprosto zdarma a bez jak\u00fdchkoliv probl\u00e9m\u016f!            Pomalou\u010dku, jak se hodina pravdy bl\u00ed\u017eila, se hala v p\u0159\u00edzem\u00ed galerie            za\u010d\u00ednala plnit. V\u0161imli jsme si hodn\u011b zn\u00e1m\u00fdch tv\u00e1\u0159\u00ed, kter\u00e9 jsme vid\u011bli            u\u017e v Praze. Byli to bu\u010f Gigerovi zn\u00e1m\u00ed, nebo nad\u0161enci jako my. S\u00e1m            mistr se objevil po ukon\u010den\u00ed tiskovky a p\u0159idal se ke sv\u00fdm p\u0159\u00e1tel\u016fm            sed\u00edc\u00edch v zahr\u00e1dce. Upozornili jsme Milana, \u017ee Giger u\u017e tu je a on se            \u0161el pod\u00edvat aspo\u0148 z d\u00e1lky, proto\u017ee ho je\u0161t\u011b nevid\u011bl \u201ein persona\u201c.<\/p>\n<p class=\"MsoNormal\" style=\"text-align: justify;\">Kone\u010dn\u011b nastala sedm\u00e1 hodina a uvad\u011b\u010di za\u010dali pou\u0161t\u011bt lidi. Vytvo\u0159ila            se docela slu\u0161n\u00e1 fronta na schodi\u0161ti do vy\u0161\u0161\u00edch pater a my jsme si \u0161li            odlo\u017eit batohy do auta, abychom je nemuseli d\u00e1vat do \u0161atny. Jedin\u011b            Milan si nechal ta\u0161ku s kn\u00ed\u017ekami s nad\u011bj\u00ed, \u017ee uko\u0159ist\u00ed n\u011bjak\u00fd ten            podpis. My jsme si vzali jen fo\u0165\u00e1ky a vr\u00e1tili se do galerie. Dole            v hale u\u017e skoro nikdo nebyl a tak jsme se vydali ke schod\u016fm nahoru.            Vylezli jsme do \u010dtvrt\u00e9ho patra, kde za\u010d\u00ednala vernis\u00e1\u017e. U vstupu, kde            kralovala plastika biomechanoida s bruslemi, se rozd\u00e1valy vzorky            parf\u00e9mu s p\u0159\u00edzna\u010dn\u00fdm n\u00e1zvem \u201eALIEN\u201c. Lid\u00e9 uvnit\u0159 byli nap\u011bchovan\u00ed tak,            \u017ee se st\u011b\u017e\u00ed dalo proj\u00edt. Pr\u00e1v\u011b prob\u00edhal zahajovac\u00ed proslov \u0159editele            galerie a tak lid\u00e9 post\u00e1vali u p\u00f3dia a naslouchali. My, proto\u017ee jsme            nerozum\u011bli ani slovu n\u011bmecky, jsme se prodrali dozadu, kde bylo lid\u00ed            m\u00e9n\u011b a hned za\u010dali prohl\u00ed\u017eet expon\u00e1ty. Prvn\u00ed, kter\u00fd n\u00e1s zaujal byla            plastika vet\u0159elce (Necronom 2005) vytvo\u0159en\u00e1 pro film Alien3            (1992) v roce 1990. Tento Vet\u0159elec se stal vlastn\u011b takov\u00fdm maskotem            V\u00edde\u0148sk\u00e9 v\u00fdstavy a norm\u00e1ln\u011b vis\u00ed na fas\u00e1d\u011b Gigerova musea v Gruy\u00e9res!<\/p>\n<p class=\"MsoNormal\" style=\"text-align: justify;\"><a title=\"06\" rel=\"lightbox[pics118]\" href=\"http:\/\/www.darkart.cz\/wp-content\/2008\/05\/06.jpg\"><img loading=\"lazy\" class=\"attachment wp-att-172 alignleft\" style=\"float: left; margin-right: 10px;\" src=\"http:\/\/www.darkart.cz\/wp-content\/2008\/05\/06.thumbnail.jpg\" alt=\"06\" width=\"150\" height=\"200\" \/><\/a>Na\u0161e prvn\u00ed \u201ekole\u010dko\u201c bylo vlastn\u011b takovou rekognosc\u00ed ter\u00e9nu, tedy            vlastn\u011b zji\u0161\u0165ov\u00e1n\u00ed, co tu je, oproti p\u0159edchoz\u00edm v\u00fdstav\u00e1m, nov\u011b            vystaveno, co ne a co bylo vynech\u00e1no. Kdy\u017e jsme nam\u00e1tkou prob\u011bhli            patro a pokra\u010dov\u00e1n\u00ed v podkrov\u00ed, tak jsme zjistili, \u017ee v\u00fdstava je            mnohem men\u0161\u00ed ne\u017e ta, co byla v Praze a v Pa\u0159\u00ed\u017ei! Chyb\u011bly hlavn\u011b velk\u00e9            obrazy ze s\u00e9rie Spell I a II, Alien a Passage Temple! Jinak nechyb\u011bly            obrazy jako je Aleph, \u010d\u00e1st s\u00e9rie N.Y.C., nechyb\u00ed Li I a II, Crowley,            National park, Baphomet, Behemoth, Satan I a II, s\u00e9rie rud\u00fdch ELP aj.            Z plastik nechyb\u00ed Birth Machine, Suitcase Baby, Nubian Queen, Hoppla            Torso, aj. (pozor, Biomechanoid 2000 je um\u00edst\u011bn venku v zahrad\u011b!).            Nechyb\u00ed ani, u\u017e rozpadaj\u00edc\u00ed se hlava Aliena a ani Harkonnen\u016fv n\u00e1bytek            a zrcadla (je tu nov\u011b Capo Chair v kovov\u00e9m-chromov\u00e9m proveden\u00ed). Chyb\u00ed            konferen\u010dn\u00ed stolek a \u017eidle. Nechyb\u00ed ani velk\u00e9 plastiky s\u00e9rie Passage,            tentokr\u00e1t jich tu je v\u00edc ne\u017e v Praze a pokr\u00fdvaj\u00ed cel\u00e9 dv\u011b st\u011bny! Je tu            nov\u011b hodn\u011b obraz\u016f ze s\u00e9rie Mordor, hodn\u011b skic ze s\u00e9rie M. De Sade aj.            Hlavn\u011b je tu hodn\u011b rann\u00fdch prac\u00ed tu\u0161\u00ed, ale i obraz Spell III, kter\u00fd            chyb\u011bl naopak v Praze a Pa\u0159\u00ed\u017ei a skvostn\u00fd Friedrich Kuhn II. Z plastik            tu m\u00e1 premi\u00e9ru ji\u017e zm\u00edn\u011bn\u00fd Alien Monster (Necronom 2005), Bambi Alien            a t\u00e9\u017e zm\u00edn\u011bn\u00fd Biomechanoid s bruslemi &#8211; Zodiac Sign Gemini.<\/p>\n<p class=\"MsoNormal\" style=\"text-align: justify;\">Kdy\u017e jsme            proch\u00e1zeli v\u00fdstavou tak se n\u00e1m zd\u00e1lo, \u017ee cel\u00e1 expozice je daleko            skromn\u011bj\u0161\u00ed, ne\u017e t\u0159eba mega akce, co prob\u011bhla v Praze! P\u0159esto v\u0161ak            zachov\u00e1v\u00e1 sv\u016fj pr\u016f\u0159ezov\u00fd charakter, jako\u017eto retrospektivn\u00ed. A hlavn\u011b            je zde hodn\u011b origin\u00e1l\u016f, kter\u00e9 nebyly publikov\u00e1ny v \u017e\u00e1dn\u00e9 knize. Co\u017e je            nap\u0159\u00edklad p\u0159\u00edpad obrazu Mutanten, kter\u00fd byl pou\u017eit jako ofici\u00e1ln\u00ed            plak\u00e1t v\u00fdstavy spolu s Biomechanical Mia-Egyptian Style. Mimochodem,            oba jsou opravdu skvostn\u00e1 d\u00edla. D\u00e1le jsme se prod\u00edrali davem a sna\u017eili            se po\u0159\u00eddit alespo\u0148 tro\u0161ku kvalitn\u00ed fotky v tmav\u00fdch prostorech s ne            \u00fapln\u011b ide\u00e1ln\u011b nasv\u00edcen\u00fdmi obrazy. Kdy\u017e kr\u00e1tk\u00e9 proslovy a pod\u011bkov\u00e1n\u00ed            jak Gigera (tak p\u00e1r sekund), kur\u00e1tora a Carmen ustaly, tak se lidi            rozprchli po v\u00fdstav\u011b a tak se prostor tro\u0161ku roz\u0159edil. My jsme vesele            krou\u017eili po obou patrech a fotili. Sem tam jsme se zastavili a            pokecali s n\u011bjak\u00fdm zn\u00e1m\u00fdm. Milan se sna\u017eil vystopovat kam miz\u00ed mistr            Giger, proto\u017ee se jednou objevoval v tom \u010di onom pat\u0159e a zase mizel            ani\u017e by n\u011bkdy pro\u0161el schodi\u0161t\u011bm spojuj\u00edc\u00ed ob\u011b \u00farovn\u011b v\u00fdstavy! Nakonec            jsme zjistili, \u017ee jeho kouzelnick\u00e9 schopnosti maj\u00ed na sv\u011bdom\u00ed po\u017e\u00e1rn\u00ed            schodi\u0161t\u011b, kter\u00e1 se nach\u00e1z\u00ed v dob\u0159e zamaskovan\u00fdch a st\u0159e\u017een\u00fdch            protilehl\u00fdch roz\u00edch budovy. Milan, la\u010dn\u00fd po podpisu ale nem\u011bl \u0161t\u011bst\u00ed,            proto\u017ee mistr byl o hodn\u011b rychlej\u0161\u00ed ale hlavn\u011b doprov\u00e1zen hlou\u010dkem            sv\u00fdch v\u011brn\u00fdch, kte\u0159\u00ed mu nikoho  moc nepou\u0161t\u011bli k t\u011blu. V\u00fdstavu jsme            pro\u0161li asi tak \u0161estkr\u00e1t, bylo to toti\u017e tro\u0161ku unavuj\u00edc\u00ed prod\u00edrat se            st\u00e1le se pohybuj\u00edc\u00edmi  n\u00e1v\u0161t\u011bvn\u00edky.<\/p>\n<p class=\"MsoNormal\" style=\"text-align: justify;\"><a title=\"11\" rel=\"lightbox[pics118]\" href=\"http:\/\/www.darkart.cz\/wp-content\/2008\/05\/11.jpg\"><img loading=\"lazy\" class=\"attachment wp-att-171 alignleft\" style=\"float: left; margin-right: 10px;\" src=\"http:\/\/www.darkart.cz\/wp-content\/2008\/05\/11.thumbnail.jpg\" alt=\"11\" width=\"200\" height=\"150\" \/><\/a>Za dobr\u00e9 dv\u011b hodiny jsme se\u0161li            naba\u017eeni do haly v p\u0159\u00edzem\u00ed. Restaurace byla u\u017e dost pln\u00e1 n\u00e1v\u0161t\u011bvn\u00edk\u016f,            Giger tam sed\u011bl se svou partou a zbytek sed\u011bl v zahr\u00e1dce. Honza m\u011bl            sjednanou n\u011bjakou obchodn\u00ed sch\u016fzku je\u0161t\u011b s Marcem tak jsme \u010dekali            v hale. Marco se ale n\u011bjak vytratil a tak jsme si \u0159ekli, \u017ee se aspo\u0148            tro\u0161ku posad\u00edme do zahr\u00e1dky a d\u00e1me si n\u011bco k pit\u00ed. Milan si v\u0161iml            mistra sed\u00edc\u00edho v restauraci a tak vybalil kn\u00ed\u017eky a odv\u00e1\u017en\u011b odkvapil            pro sv\u00e9 prvn\u00ed autogramy. My jsme si sedli ke stolu a objednali si. Za            n\u011bjakou chv\u00edl\u00ed se k n\u00e1m v\u00edt\u011bzoslavn\u011b p\u0159ipojil Milan. U Gigera byl pr\u00fd            docela n\u00e1val. Spousta lid\u00ed tam post\u00e1vala a \u017e\u00e1dala o podpis. Giger            samoz\u0159ejm\u011b neodm\u00edtal, situaci akor\u00e1t st\u011b\u017eovala n\u011bjak\u00e1 d\u00e1ma, kter\u00e1            \u017e\u00e1dala aby ode\u0161li. Asi n\u011bjak\u00e1 d\u016fle\u017eit\u00e1 osoba. J\u00e1 s Honzou jsme            pop\u00edjeli m\u00edstn\u00ed pivo (pokud se to d\u00e1 tak nazvat) a sledovali cvrkot.            \u010cekali jsme st\u00e1le na Marca, kter\u00fd sed\u011bl u stolu s Gigerem a o n\u011b\u010dem se            bavili. Bylo u\u017e docela pozd\u011b a za\u010d\u00ednali jsme b\u00fdt tro\u0161ku nerv\u00f3zn\u00ed,            proto\u017ee jsme m\u011bli p\u0159ed sebou je\u0161t\u011b zp\u00e1te\u010dn\u00ed cestu a byli jsme u\u017e dost            unaven\u00ed. Kdy\u017e jsme dopili a n\u011bco sn\u011bdli, zaplatili jsme a vyrazili za            Marcem a\u0165 sebou hod\u00ed, \u017ee u\u017e mus\u00edme j\u00edt. Marco se teda uvolnil (\u017ee mu            to dalo ale pr\u00e1ci!), s Honzou projednal to co m\u011bli v pl\u00e1nu a vyrazili            jsme k autu, zanech\u00e1vaj\u00edc celou tu spole\u010dnost za n\u00e1mi.<\/p>\n<p class=\"MsoNormal\" style=\"text-align: justify;\">Naprogramovali            jsme zase GPSku na zp\u00e1te\u010dn\u00ed cestu a vyjeli jsme. Bylo n\u011bco po des\u00e1t\u00e9            ve\u010der a tak jsme m\u011bly b\u00fdt v Uh. Hradi\u0161ti tak po jedn\u00e9 r\u00e1no. Za malou            chv\u00edli jsme vyjeli z V\u00eddn\u011b a napojili se na silnici, kterou jsme            p\u0159ijeli. Cesta prob\u00edhala v pohod\u011b, u\u017e jsme se bl\u00ed\u017eili k hrani\u010dn\u00edmu            p\u0159echodu, p\u0159es kter\u00fd jsme sem projeli, jen\u017ee ejhle! Kdy\u017e jsme tam            dorazili byl p\u0159echod uzav\u0159en\u00fd! Bohu\u017eel jsme si nep\u0159e\u010detli n\u00e1pis na            ceduli, \u017ee maj\u00ed provozn\u00ed dobu od \u0161esti r\u00e1no do deseti ve\u010der! \u0160koda, \u017ee            GPSka nem\u00e1 v programu takov\u00e9 informace, tak bychom u\u0161et\u0159ili dobrou            hodinu nav\u00edc co jsme str\u00e1vili t\u00edm, \u017ee jsme se museli vr\u00e1tit a projet            p\u0159es hranici v Mikulov\u011b kde je hlavn\u00ed p\u0159echod a tud\u00ed\u017e otev\u0159eno 24            hodin. Do Uhersk\u00e9ho Hradi\u0161t\u011b jsme tak dorazili po druh\u00e9 r\u00e1no. M\u011bli            jsme toho dost, ale byli jsme nav\u00fdsost spokojen\u00ed. \u0160koda, \u017ee jsme se            tam mohli zdr\u017eet jen tak kr\u00e1tce. \u0160li jsme sp\u00e1t s my\u0161lenkou, \u017ee do            konce v\u00fdstavy v \u0159\u00edjnu se tam ur\u010dit\u011b vr\u00e1t\u00edme na p\u00e1r dn\u016f a projdeme si            v\u00fdstavu v klidu, bez stresu a hlavn\u011b bez toho davu n\u00e1v\u0161t\u011bvn\u00edk\u016f. Ta            v\u00fdstava ur\u010dit\u011b stoj\u00ed za to ji znovu nav\u0161t\u00edvit. Tak\u017ee nev\u00e1hejte a je\u010fte            se pod\u00edvat! Ka\u017ed\u00e1 retrospektivn\u00ed v\u00fdstava H.R.Gigera byla sv\u00fdm zp\u016fsobem            jin\u00e1 i kdy\u017e n\u00e1pl\u0148 se moc nem\u011bnila, a to je to, \u010deho si na nich cen\u00edm!<\/p>\n<p class=\"MsoNormal\" style=\"text-align: justify;\">odkaz na galerii:           <a style=\"font-family: Arial; font-size: 10pt; font-weight: bold; text-decoration: none;\" href=\"http:\/\/www.kunsthauswien.com\/\" target=\"_blank\"> http:\/\/www.kunsthauswien.com\/<\/a><\/p>\n<p style=\"text-align: justify;\">\n<p style=\"text-align: justify;\">\n<p style=\"text-align: justify;\">\n<p style=\"text-align: justify;\">\n<p style=\"text-align: justify;\"><!-- default-view.php -->\n<div\n\tclass=\"ngg-galleryoverview default-view  ngg-ajax-pagination-none\"\n\tid=\"ngg-gallery-cc5c0ab244f3a617ff29073e03c291ef-1\">\n\n\t\t<!-- Thumbnails -->\n\t\t\t\t<div id=\"ngg-image-0\" class=\"ngg-gallery-thumbnail-box ngg-4-columns\" >\n\t\t\t\t        <div class=\"ngg-gallery-thumbnail\">\n            <a href=\"https:\/\/darkart.cz\/wp-content\/gallery\/giger_viden\/03.jpg\"\n               title=\"\"\n               data-src=\"https:\/\/darkart.cz\/wp-content\/gallery\/giger_viden\/03.jpg\"\n               data-thumbnail=\"https:\/\/darkart.cz\/wp-content\/gallery\/giger_viden\/thumbs\/thumbs_03.jpg\"\n               data-image-id=\"3\"\n               data-title=\"Alien 3\"\n               data-description=\"\"\n               data-image-slug=\"alien-3\"\n               class=\"ngg-fancybox\" rel=\"cc5c0ab244f3a617ff29073e03c291ef\">\n                <img\n                    title=\"Alien 3\"\n                    alt=\"Alien 3\"\n                    src=\"https:\/\/darkart.cz\/wp-content\/gallery\/giger_viden\/thumbs\/thumbs_03.jpg\"\n                    width=\"100\"\n                    height=\"75\"\n                    style=\"max-width:100%;\"\n                \/>\n            <\/a>\n        <\/div>\n\t\t\t\t\t\t\t<\/div> \n\t\t\t\n\t\t\t\t<div id=\"ngg-image-1\" class=\"ngg-gallery-thumbnail-box ngg-4-columns\" >\n\t\t\t\t        <div class=\"ngg-gallery-thumbnail\">\n            <a href=\"https:\/\/darkart.cz\/wp-content\/gallery\/giger_viden\/04.jpg\"\n               title=\"\"\n               data-src=\"https:\/\/darkart.cz\/wp-content\/gallery\/giger_viden\/04.jpg\"\n               data-thumbnail=\"https:\/\/darkart.cz\/wp-content\/gallery\/giger_viden\/thumbs\/thumbs_04.jpg\"\n               data-image-id=\"4\"\n               data-title=\"Bambi Alien\"\n               data-description=\"\"\n               data-image-slug=\"bambi-alien\"\n               class=\"ngg-fancybox\" rel=\"cc5c0ab244f3a617ff29073e03c291ef\">\n                <img\n                    title=\"Bambi Alien\"\n                    alt=\"Bambi Alien\"\n                    src=\"https:\/\/darkart.cz\/wp-content\/gallery\/giger_viden\/thumbs\/thumbs_04.jpg\"\n                    width=\"100\"\n                    height=\"75\"\n                    style=\"max-width:100%;\"\n                \/>\n            <\/a>\n        <\/div>\n\t\t\t\t\t\t\t<\/div> \n\t\t\t\n\t\t\t\t<div id=\"ngg-image-2\" class=\"ngg-gallery-thumbnail-box ngg-4-columns\" >\n\t\t\t\t        <div class=\"ngg-gallery-thumbnail\">\n            <a href=\"https:\/\/darkart.cz\/wp-content\/gallery\/giger_viden\/05.jpg\"\n               title=\"\"\n               data-src=\"https:\/\/darkart.cz\/wp-content\/gallery\/giger_viden\/05.jpg\"\n               data-thumbnail=\"https:\/\/darkart.cz\/wp-content\/gallery\/giger_viden\/thumbs\/thumbs_05.jpg\"\n               data-image-id=\"5\"\n               data-title=\"Alien 3\"\n               data-description=\"\"\n               data-image-slug=\"alien-3-2\"\n               class=\"ngg-fancybox\" rel=\"cc5c0ab244f3a617ff29073e03c291ef\">\n                <img\n                    title=\"Alien 3\"\n                    alt=\"Alien 3\"\n                    src=\"https:\/\/darkart.cz\/wp-content\/gallery\/giger_viden\/thumbs\/thumbs_05.jpg\"\n                    width=\"100\"\n                    height=\"75\"\n                    style=\"max-width:100%;\"\n                \/>\n            <\/a>\n        <\/div>\n\t\t\t\t\t\t\t<\/div> \n\t\t\t\n\t\t\t\t<div id=\"ngg-image-3\" class=\"ngg-gallery-thumbnail-box ngg-4-columns\" >\n\t\t\t\t        <div class=\"ngg-gallery-thumbnail\">\n            <a href=\"https:\/\/darkart.cz\/wp-content\/gallery\/giger_viden\/06.jpg\"\n               title=\"\"\n               data-src=\"https:\/\/darkart.cz\/wp-content\/gallery\/giger_viden\/06.jpg\"\n               data-thumbnail=\"https:\/\/darkart.cz\/wp-content\/gallery\/giger_viden\/thumbs\/thumbs_06.jpg\"\n               data-image-id=\"6\"\n               data-title=\"Chair\"\n               data-description=\"\"\n               data-image-slug=\"chair\"\n               class=\"ngg-fancybox\" rel=\"cc5c0ab244f3a617ff29073e03c291ef\">\n                <img\n                    title=\"Chair\"\n                    alt=\"Chair\"\n                    src=\"https:\/\/darkart.cz\/wp-content\/gallery\/giger_viden\/thumbs\/thumbs_06.jpg\"\n                    width=\"100\"\n                    height=\"75\"\n                    style=\"max-width:100%;\"\n                \/>\n            <\/a>\n        <\/div>\n\t\t\t\t\t\t\t<\/div> \n\t\t\t\n\t\t\t\t<div id=\"ngg-image-4\" class=\"ngg-gallery-thumbnail-box ngg-4-columns\" >\n\t\t\t\t        <div class=\"ngg-gallery-thumbnail\">\n            <a href=\"https:\/\/darkart.cz\/wp-content\/gallery\/giger_viden\/07.jpg\"\n               title=\"\"\n               data-src=\"https:\/\/darkart.cz\/wp-content\/gallery\/giger_viden\/07.jpg\"\n               data-thumbnail=\"https:\/\/darkart.cz\/wp-content\/gallery\/giger_viden\/thumbs\/thumbs_07.jpg\"\n               data-image-id=\"7\"\n               data-title=\"07.jpg\"\n               data-description=\"\"\n               data-image-slug=\"07-jpg\"\n               class=\"ngg-fancybox\" rel=\"cc5c0ab244f3a617ff29073e03c291ef\">\n                <img\n                    title=\"07.jpg\"\n                    alt=\"07.jpg\"\n                    src=\"https:\/\/darkart.cz\/wp-content\/gallery\/giger_viden\/thumbs\/thumbs_07.jpg\"\n                    width=\"100\"\n                    height=\"75\"\n                    style=\"max-width:100%;\"\n                \/>\n            <\/a>\n        <\/div>\n\t\t\t\t\t\t\t<\/div> \n\t\t\t\n\t\t\t\t<div id=\"ngg-image-5\" class=\"ngg-gallery-thumbnail-box ngg-4-columns\" >\n\t\t\t\t        <div class=\"ngg-gallery-thumbnail\">\n            <a href=\"https:\/\/darkart.cz\/wp-content\/gallery\/giger_viden\/08.jpg\"\n               title=\"\"\n               data-src=\"https:\/\/darkart.cz\/wp-content\/gallery\/giger_viden\/08.jpg\"\n               data-thumbnail=\"https:\/\/darkart.cz\/wp-content\/gallery\/giger_viden\/thumbs\/thumbs_08.jpg\"\n               data-image-id=\"8\"\n               data-title=\"Plan for frame and lamp\"\n               data-description=\"\"\n               data-image-slug=\"plan-for-frame-and-lamp\"\n               class=\"ngg-fancybox\" rel=\"cc5c0ab244f3a617ff29073e03c291ef\">\n                <img\n                    title=\"Plan for frame and lamp\"\n                    alt=\"Plan for frame and lamp\"\n                    src=\"https:\/\/darkart.cz\/wp-content\/gallery\/giger_viden\/thumbs\/thumbs_08.jpg\"\n                    width=\"100\"\n                    height=\"75\"\n                    style=\"max-width:100%;\"\n                \/>\n            <\/a>\n        <\/div>\n\t\t\t\t\t\t\t<\/div> \n\t\t\t\n\t\t\t\t<div id=\"ngg-image-6\" class=\"ngg-gallery-thumbnail-box ngg-4-columns\" >\n\t\t\t\t        <div class=\"ngg-gallery-thumbnail\">\n            <a href=\"https:\/\/darkart.cz\/wp-content\/gallery\/giger_viden\/09.jpg\"\n               title=\"\"\n               data-src=\"https:\/\/darkart.cz\/wp-content\/gallery\/giger_viden\/09.jpg\"\n               data-thumbnail=\"https:\/\/darkart.cz\/wp-content\/gallery\/giger_viden\/thumbs\/thumbs_09.jpg\"\n               data-image-id=\"9\"\n               data-title=\"09.jpg\"\n               data-description=\"\"\n               data-image-slug=\"09-jpg\"\n               class=\"ngg-fancybox\" rel=\"cc5c0ab244f3a617ff29073e03c291ef\">\n                <img\n                    title=\"09.jpg\"\n                    alt=\"09.jpg\"\n                    src=\"https:\/\/darkart.cz\/wp-content\/gallery\/giger_viden\/thumbs\/thumbs_09.jpg\"\n                    width=\"100\"\n                    height=\"75\"\n                    style=\"max-width:100%;\"\n                \/>\n            <\/a>\n        <\/div>\n\t\t\t\t\t\t\t<\/div> \n\t\t\t\n\t\t\t\t<div id=\"ngg-image-7\" class=\"ngg-gallery-thumbnail-box ngg-4-columns\" >\n\t\t\t\t        <div class=\"ngg-gallery-thumbnail\">\n            <a href=\"https:\/\/darkart.cz\/wp-content\/gallery\/giger_viden\/10.jpg\"\n               title=\"\"\n               data-src=\"https:\/\/darkart.cz\/wp-content\/gallery\/giger_viden\/10.jpg\"\n               data-thumbnail=\"https:\/\/darkart.cz\/wp-content\/gallery\/giger_viden\/thumbs\/thumbs_10.jpg\"\n               data-image-id=\"10\"\n               data-title=\"10.jpg\"\n               data-description=\"\"\n               data-image-slug=\"10-jpg\"\n               class=\"ngg-fancybox\" rel=\"cc5c0ab244f3a617ff29073e03c291ef\">\n                <img\n                    title=\"10.jpg\"\n                    alt=\"10.jpg\"\n                    src=\"https:\/\/darkart.cz\/wp-content\/gallery\/giger_viden\/thumbs\/thumbs_10.jpg\"\n                    width=\"100\"\n                    height=\"75\"\n                    style=\"max-width:100%;\"\n                \/>\n            <\/a>\n        <\/div>\n\t\t\t\t\t\t\t<\/div> \n\t\t\t\n\t\t\t\t<div id=\"ngg-image-8\" class=\"ngg-gallery-thumbnail-box ngg-4-columns\" >\n\t\t\t\t        <div class=\"ngg-gallery-thumbnail\">\n            <a href=\"https:\/\/darkart.cz\/wp-content\/gallery\/giger_viden\/12.jpg\"\n               title=\"\"\n               data-src=\"https:\/\/darkart.cz\/wp-content\/gallery\/giger_viden\/12.jpg\"\n               data-thumbnail=\"https:\/\/darkart.cz\/wp-content\/gallery\/giger_viden\/thumbs\/thumbs_12.jpg\"\n               data-image-id=\"12\"\n               data-title=\"12.jpg\"\n               data-description=\"\"\n               data-image-slug=\"12-jpg\"\n               class=\"ngg-fancybox\" rel=\"cc5c0ab244f3a617ff29073e03c291ef\">\n                <img\n                    title=\"12.jpg\"\n                    alt=\"12.jpg\"\n                    src=\"https:\/\/darkart.cz\/wp-content\/gallery\/giger_viden\/thumbs\/thumbs_12.jpg\"\n                    width=\"100\"\n                    height=\"75\"\n                    style=\"max-width:100%;\"\n                \/>\n            <\/a>\n        <\/div>\n\t\t\t\t\t\t\t<\/div> \n\t\t\t\n\t\t\t\t<div id=\"ngg-image-9\" class=\"ngg-gallery-thumbnail-box ngg-4-columns\" >\n\t\t\t\t        <div class=\"ngg-gallery-thumbnail\">\n            <a href=\"https:\/\/darkart.cz\/wp-content\/gallery\/giger_viden\/13.jpg\"\n               title=\"\"\n               data-src=\"https:\/\/darkart.cz\/wp-content\/gallery\/giger_viden\/13.jpg\"\n               data-thumbnail=\"https:\/\/darkart.cz\/wp-content\/gallery\/giger_viden\/thumbs\/thumbs_13.jpg\"\n               data-image-id=\"13\"\n               data-title=\"Alien 3\"\n               data-description=\"\"\n               data-image-slug=\"alien-3-3\"\n               class=\"ngg-fancybox\" rel=\"cc5c0ab244f3a617ff29073e03c291ef\">\n                <img\n                    title=\"Alien 3\"\n                    alt=\"Alien 3\"\n                    src=\"https:\/\/darkart.cz\/wp-content\/gallery\/giger_viden\/thumbs\/thumbs_13.jpg\"\n                    width=\"100\"\n                    height=\"75\"\n                    style=\"max-width:100%;\"\n                \/>\n            <\/a>\n        <\/div>\n\t\t\t\t\t\t\t<\/div> \n\t\t\t\n\t\t\t\t<div id=\"ngg-image-10\" class=\"ngg-gallery-thumbnail-box ngg-4-columns\" >\n\t\t\t\t        <div class=\"ngg-gallery-thumbnail\">\n            <a href=\"https:\/\/darkart.cz\/wp-content\/gallery\/giger_viden\/14.jpg\"\n               title=\"\"\n               data-src=\"https:\/\/darkart.cz\/wp-content\/gallery\/giger_viden\/14.jpg\"\n               data-thumbnail=\"https:\/\/darkart.cz\/wp-content\/gallery\/giger_viden\/thumbs\/thumbs_14.jpg\"\n               data-image-id=\"14\"\n               data-title=\"Alien 3\"\n               data-description=\"\"\n               data-image-slug=\"alien-3-4\"\n               class=\"ngg-fancybox\" rel=\"cc5c0ab244f3a617ff29073e03c291ef\">\n                <img\n                    title=\"Alien 3\"\n                    alt=\"Alien 3\"\n                    src=\"https:\/\/darkart.cz\/wp-content\/gallery\/giger_viden\/thumbs\/thumbs_14.jpg\"\n                    width=\"100\"\n                    height=\"75\"\n                    style=\"max-width:100%;\"\n                \/>\n            <\/a>\n        <\/div>\n\t\t\t\t\t\t\t<\/div> \n\t\t\t\n\t\t\t\t<div id=\"ngg-image-11\" class=\"ngg-gallery-thumbnail-box ngg-4-columns\" >\n\t\t\t\t        <div class=\"ngg-gallery-thumbnail\">\n            <a href=\"https:\/\/darkart.cz\/wp-content\/gallery\/giger_viden\/15.jpg\"\n               title=\"\"\n               data-src=\"https:\/\/darkart.cz\/wp-content\/gallery\/giger_viden\/15.jpg\"\n               data-thumbnail=\"https:\/\/darkart.cz\/wp-content\/gallery\/giger_viden\/thumbs\/thumbs_15.jpg\"\n               data-image-id=\"15\"\n               data-title=\"15.jpg\"\n               data-description=\"\"\n               data-image-slug=\"15-jpg\"\n               class=\"ngg-fancybox\" rel=\"cc5c0ab244f3a617ff29073e03c291ef\">\n                <img\n                    title=\"15.jpg\"\n                    alt=\"15.jpg\"\n                    src=\"https:\/\/darkart.cz\/wp-content\/gallery\/giger_viden\/thumbs\/thumbs_15.jpg\"\n                    width=\"100\"\n                    height=\"75\"\n                    style=\"max-width:100%;\"\n                \/>\n            <\/a>\n        <\/div>\n\t\t\t\t\t\t\t<\/div> \n\t\t\t\n\t\n\t<br style=\"clear: both\" \/>\n\n\t\n\t\t<!-- Pagination -->\n\t<div class='ngg-clear'><\/div>\t<\/div>\n\n<p style=\"text-align: right;\">(c) Photos<br \/>\nAngelos Papadopoulos<br \/>\nJan Pod\u0161kubka<br \/>\nMilan Svoboda<\/p>\n","protected":false},"excerpt":{"rendered":"<p>Giger In Wien velk\u00e1 retrospektivn\u00ed v\u00fdstava 24. 05.2006 &#8211; 01. 10. 2006 text: Angelos Papadopoulos Tak a je to tady zase! Dal\u0161\u00ed, ji\u017e t\u0159et\u00ed, velk\u00e1 retrospektivn\u00ed v\u00fdstava \u0161v\u00fdcarsk\u00e9ho um\u011blce H.R.Gigera! Nyn\u00ed, po p\u0159edlo\u0148sk\u00e9 Pa\u0159\u00ed\u017ei (2004) a lo\u0148sk\u00e9 Praze (2005), se kon\u00e1 ve V\u00eddni od 24.5.2006 a\u017e do 1.10.2006. 23. kv\u011btna se konala vernis\u00e1\u017e otev\u0159en\u00ed v\u00fdstavy [&hellip;]<\/p>\n","protected":false},"author":1,"featured_media":0,"comment_status":"open","ping_status":"open","sticky":false,"template":"","format":"standard","meta":{"ngg_post_thumbnail":0},"categories":[31],"tags":[36,37],"_links":{"self":[{"href":"https:\/\/darkart.cz\/index.php?rest_route=\/wp\/v2\/posts\/118"}],"collection":[{"href":"https:\/\/darkart.cz\/index.php?rest_route=\/wp\/v2\/posts"}],"about":[{"href":"https:\/\/darkart.cz\/index.php?rest_route=\/wp\/v2\/types\/post"}],"author":[{"embeddable":true,"href":"https:\/\/darkart.cz\/index.php?rest_route=\/wp\/v2\/users\/1"}],"replies":[{"embeddable":true,"href":"https:\/\/darkart.cz\/index.php?rest_route=%2Fwp%2Fv2%2Fcomments&post=118"}],"version-history":[{"count":0,"href":"https:\/\/darkart.cz\/index.php?rest_route=\/wp\/v2\/posts\/118\/revisions"}],"wp:attachment":[{"href":"https:\/\/darkart.cz\/index.php?rest_route=%2Fwp%2Fv2%2Fmedia&parent=118"}],"wp:term":[{"taxonomy":"category","embeddable":true,"href":"https:\/\/darkart.cz\/index.php?rest_route=%2Fwp%2Fv2%2Fcategories&post=118"},{"taxonomy":"post_tag","embeddable":true,"href":"https:\/\/darkart.cz\/index.php?rest_route=%2Fwp%2Fv2%2Ftags&post=118"}],"curies":[{"name":"wp","href":"https:\/\/api.w.org\/{rel}","templated":true}]}}