{"id":1189,"date":"2013-07-26T12:51:06","date_gmt":"2013-07-26T10:51:06","guid":{"rendered":"http:\/\/www.darkart.cz\/?p=1189"},"modified":"2013-07-26T12:51:06","modified_gmt":"2013-07-26T10:51:06","slug":"splash-2013","status":"publish","type":"post","link":"https:\/\/darkart.cz\/?p=1189","title":{"rendered":"SPLASH 2013"},"content":{"rendered":"<p style=\"text-align: justify;\"><a href=\"http:\/\/www.darkart.cz\/wp-content\/2013\/07\/logo_splash_011.jpg\" rel=\"lightbox[pics1189]\"><img loading=\"lazy\" class=\"alignleft size-thumbnail wp-image-1191\" alt=\"logo_splash\" src=\"http:\/\/www.darkart.cz\/wp-content\/2013\/07\/logo_splash_011-200x104.jpg\" width=\"200\" height=\"104\" srcset=\"https:\/\/darkart.cz\/wp-content\/2013\/07\/logo_splash_011-200x104.jpg 200w, https:\/\/darkart.cz\/wp-content\/2013\/07\/logo_splash_011.jpg 359w\" sizes=\"(max-width: 200px) 100vw, 200px\" \/><\/a>Lo\u0148sk\u00fd ro\u010dn\u00edk grafick\u00e9 konference <a href=\"http:\/\/get-splashed.cz\" target=\"_blank\">SPLASH<\/a> se povedl a jak se zd\u00e1, ten leto\u0161n\u00ed jej v n\u011bkter\u00fdch v\u011bcech p\u0159ekon\u00e1. Neust\u00e1l\u00e9 posouv\u00e1n\u00ed \u00farovn\u011b je jednou z priorit organiz\u00e1tor\u016f a proto by si ti, kter\u00e9 zaj\u00edm\u00e1 sv\u011bt (nejen) po\u010d\u00edta\u010dov\u00e9 grafiky, m\u011bli zakrou\u017ekovat v kalend\u00e1\u0159i datum 28. &#8211; 29. z\u00e1\u0159\u00ed 2013. Pr\u00e1v\u011b b\u011bhem tohoto z\u00e1\u0159ijov\u00e9ho v\u00edkendu SPLASH 2013 prob\u011bhne, op\u011bt v d\u016fv\u011brn\u011b zn\u00e1m\u00e9m prostoru \u010cesk\u00e9 zem\u011bdelsk\u00e9 univerzity v Praze. Podpora konference zna\u010dn\u011b vzrostla a n\u00e1v\u0161t\u011bvn\u00edci se tak mohou t\u011b\u0161it na program slo\u017een\u00fd z \u0159ady p\u0159edn\u00e1\u0161ek, kter\u00e9 budou dopln\u011bny n\u011bkolikahodinov\u00fdmi praktick\u00fdmi workshopy. K tomu nesm\u00ed chyb\u011bt osv\u011bd\u010den\u00fd showroom, kde se naskytne jedine\u010dn\u00e1 mo\u017enost si vyzkou\u0161et mimo jin\u00e9 i grafick\u00e9 tablety Wacom (i nejvy\u0161\u0161\u00ed modely Cintiq), p\u0159ipojen\u00e9 na v\u00fdkonn\u00e9 stanice Dell. Hlavn\u00edm j\u00e1drem konference jsou samoz\u0159ejm\u011b p\u0159edn\u00e1\u0161ky, kter\u00fdch bude cel\u00e1 \u0159ada a budou se t\u00fdkat nejr\u016fzn\u011bj\u0161\u00edch oblast\u00ed po\u010d\u00edta\u010dov\u00e9 grafiky, modelace, ilustrace, postprodukce nebo designu.\u00a0<!--more--><\/p>\n<p style=\"text-align: justify;\">Novinkou oproti lo\u0148sk\u00e9mu ro\u010dn\u00edku je pak velk\u00e1 sout\u011b\u017e se spole\u010dnost\u00ed NVIDIA o t\u0159i profesion\u00e1ln\u00ed grafick\u00e9 akceler\u00e1tory Quadro v cen\u011b bl\u00edzk\u00e9 100.000 K\u010d. Sout\u011b\u017e m\u00e1 velmi voln\u00e9 zad\u00e1n\u00ed, aby nebr\u00e1nilo kreativit\u011b \u00fa\u010dastn\u00edk\u016f dok\u00e1zat, jak\u00e9 jsou jejich schopnosti. Odborn\u00e1 porota ze zaslan\u00fdch prac\u00ed vybere ty nejlep\u0161\u00ed a p\u0159\u00edmo na konferenci pak dojde k p\u0159ed\u00e1n\u00ed cen. V\u00edce o sout\u011b\u017ei <a href=\"http:\/\/get-splashed.cz\/soutez\/\" target=\"_blank\">ZDE<\/a>.<\/p>\n<p style=\"text-align: justify;\">Loni jsem na konferenci p\u0159edn\u00e1\u0161el o z\u00e1kladech digit\u00e1ln\u00ed malby a o specifick\u00fdch postupech, kter\u00e9 se v n\u00ed pou\u017e\u00edvaj\u00ed. I letos jsem p\u0159ijal pozv\u00e1n\u00ed rovn\u011b\u017e s dvojic\u00ed p\u0159edn\u00e1\u0161ek, kter\u00e9 budou zam\u011b\u0159eny na pou\u017eit\u00ed v\u00fdtvarn\u00e9 teorie v praxi, op\u011bt s p\u0159esahem do digit\u00e1ln\u00ed malby:<\/p>\n<p style=\"text-align: justify;\"><strong>Funk\u010dn\u00ed kompozice<\/strong><\/p>\n<p style=\"text-align: justify;\">Kompozice jako z\u00e1klad sc\u00e9ny a jej\u00ed d\u016fle\u017eitost vzhledem k typ\u016fm vytv\u00e1\u0159en\u00e9 pr\u00e1ce. Zam\u011b\u0159en\u00ed na praktick\u00e9 u\u017eit\u00ed kompozice nejen pro ilustraci a sc\u00e9ny obecn\u011b, ale i pro r\u016fzn\u00e9 zp\u016fsoby vypr\u00e1v\u011bn\u00ed p\u0159\u00edb\u011bhu a ovliv\u0148ov\u00e1n\u00ed z\u00e1jmu div\u00e1ka. Z\u00e1kladn\u00ed kompozi\u010dn\u00ed pravidla, ale i \u0159ada zn\u00e1m\u00fdch a m\u00e9n\u011b zn\u00e1m\u00fdch trik\u016f a pom\u016fcek, kter\u00e9 jsou pro dobrou kompozici d\u016fle\u017eit\u00e9 &#8211; nap\u0159\u00edklad t\u011b\u017ei\u0161t\u011b obrazu, vyu\u017eit\u00ed kontrastu, pom\u016fcky pro sm\u011brov\u00e1n\u00ed pozornosti, zp\u016fsoby \u010dten\u00ed kompozice, kompozi\u010dn\u00ed chyby a jejich z\u00e1m\u011brn\u00e9 vyu\u017eit\u00ed, v\u00fdznamy o\u0159ez\u016f, pravidlo 70\/30, dynamika a r\u016fzn\u00e9 efekty, ale tak\u00e9 u\u017eit\u00ed postup\u016f pro vypr\u00e1v\u011bn\u00ed p\u0159\u00edb\u011bhu nebo komponov\u00e1n\u00ed v\u00fdpravn\u00fdch sc\u00e9n.<\/p>\n<p style=\"text-align: justify;\"><strong>Realistick\u00e9 sv\u011btlo a st\u00edn<\/strong><\/p>\n<p style=\"text-align: justify;\">Sv\u011btlo je spolu s kompozic\u00ed t\u00edm nejd\u016fle\u017eit\u011bj\u0161\u00edm technick\u00fdm prvkem ka\u017ed\u00e9ho obrazu nebo sc\u00e9ny. Je jedin\u00fdm prost\u0159edkem, kter\u00fdm lze modelovat tvar &#8211; pochopen\u00ed \u00fa\u010dink\u016f sv\u011btla a jejich pln\u00e9 ovl\u00e1dnut\u00ed je nezbytn\u00e9 pro dovednost tvo\u0159it realistick\u00e9 sc\u00e9ny, nebo sc\u00e9ny s realistick\u00fdm sv\u011btlem. I zd\u00e1nliv\u011b ned\u016fle\u017eit\u00e9 \u00fa\u010dinky sv\u011btla mohou v\u00fdslednou pr\u00e1ci v\u00fdrazn\u011b zlep\u0161it a posunout uv\u011b\u0159iteln\u011bj\u0161\u00edm sm\u011brem. S t\u00edm souvis\u00ed z\u00e1kladn\u00ed definice a pravidla pro sv\u011btlo, jeho chov\u00e1n\u00ed na r\u016fzn\u00fdch povr\u0161\u00edch a materi\u00e1lech, barva sv\u011btla, chov\u00e1n\u00ed odra\u017een\u00e9ho sv\u011btla a jeho v\u00fdznam pro sekund\u00e1rn\u00ed osv\u011btlen\u00ed a podobn\u011b. Stejn\u011b tak potom chov\u00e1n\u00ed sv\u011btla t\u0159eba v exteri\u00e9rech a zp\u016fsoby, jak doc\u00edlit uv\u011b\u0159itelnosti sc\u00e9ny.<\/p>\n<p style=\"text-align: justify;\">V\u00edce informac\u00ed najdete na webu konference <a href=\"http:\/\/get-splashed.cz\" target=\"_blank\">www.get-splashed.cz<\/a><\/p>\n","protected":false},"excerpt":{"rendered":"<p>Lo\u0148sk\u00fd ro\u010dn\u00edk grafick\u00e9 konference SPLASH se povedl a jak se zd\u00e1, ten leto\u0161n\u00ed jej v n\u011bkter\u00fdch v\u011bcech p\u0159ekon\u00e1. Neust\u00e1l\u00e9 posouv\u00e1n\u00ed \u00farovn\u011b je jednou z priorit organiz\u00e1tor\u016f a proto by si ti, kter\u00e9 zaj\u00edm\u00e1 sv\u011bt (nejen) po\u010d\u00edta\u010dov\u00e9 grafiky, m\u011bli zakrou\u017ekovat v kalend\u00e1\u0159i datum 28. &#8211; 29. z\u00e1\u0159\u00ed 2013. Pr\u00e1v\u011b b\u011bhem tohoto z\u00e1\u0159ijov\u00e9ho v\u00edkendu SPLASH 2013 prob\u011bhne, [&hellip;]<\/p>\n","protected":false},"author":1,"featured_media":0,"comment_status":"open","ping_status":"open","sticky":false,"template":"","format":"standard","meta":{"ngg_post_thumbnail":0},"categories":[31],"tags":[123],"_links":{"self":[{"href":"https:\/\/darkart.cz\/index.php?rest_route=\/wp\/v2\/posts\/1189"}],"collection":[{"href":"https:\/\/darkart.cz\/index.php?rest_route=\/wp\/v2\/posts"}],"about":[{"href":"https:\/\/darkart.cz\/index.php?rest_route=\/wp\/v2\/types\/post"}],"author":[{"embeddable":true,"href":"https:\/\/darkart.cz\/index.php?rest_route=\/wp\/v2\/users\/1"}],"replies":[{"embeddable":true,"href":"https:\/\/darkart.cz\/index.php?rest_route=%2Fwp%2Fv2%2Fcomments&post=1189"}],"version-history":[{"count":2,"href":"https:\/\/darkart.cz\/index.php?rest_route=\/wp\/v2\/posts\/1189\/revisions"}],"predecessor-version":[{"id":1193,"href":"https:\/\/darkart.cz\/index.php?rest_route=\/wp\/v2\/posts\/1189\/revisions\/1193"}],"wp:attachment":[{"href":"https:\/\/darkart.cz\/index.php?rest_route=%2Fwp%2Fv2%2Fmedia&parent=1189"}],"wp:term":[{"taxonomy":"category","embeddable":true,"href":"https:\/\/darkart.cz\/index.php?rest_route=%2Fwp%2Fv2%2Fcategories&post=1189"},{"taxonomy":"post_tag","embeddable":true,"href":"https:\/\/darkart.cz\/index.php?rest_route=%2Fwp%2Fv2%2Ftags&post=1189"}],"curies":[{"name":"wp","href":"https:\/\/api.w.org\/{rel}","templated":true}]}}