{"id":1200,"date":"2013-11-08T20:12:45","date_gmt":"2013-11-08T18:12:45","guid":{"rendered":"http:\/\/www.darkart.cz\/?p=1200"},"modified":"2013-11-08T20:20:10","modified_gmt":"2013-11-08T18:20:10","slug":"wacom-cintiq-13-hd","status":"publish","type":"post","link":"https:\/\/darkart.cz\/?p=1200","title":{"rendered":"Wacom Cintiq 13 HD"},"content":{"rendered":"<div id=\"stcpDiv\">\n<p style=\"text-align: justify;\"><a href=\"http:\/\/www.darkart.cz\/wp-content\/2013\/11\/web-3785.jpg\" rel=\"lightbox[pics1200]\"><img loading=\"lazy\" class=\"alignleft size-thumbnail wp-image-1203\" alt=\"web-3785\" src=\"http:\/\/www.darkart.cz\/wp-content\/2013\/11\/web-3785-200x133.jpg\" width=\"200\" height=\"133\" srcset=\"https:\/\/darkart.cz\/wp-content\/2013\/11\/web-3785-200x133.jpg 200w, https:\/\/darkart.cz\/wp-content\/2013\/11\/web-3785-500x333.jpg 500w, https:\/\/darkart.cz\/wp-content\/2013\/11\/web-3785.jpg 1024w\" sizes=\"(max-width: 200px) 100vw, 200px\" \/><\/a>Bylo to jasn\u00e9 a dalo se to \u010dekat. Evoluce, kterou pro\u0161el Intuos i Cintiq 21UX a kter\u00e1 p\u0159inesla i nejvy\u0161\u0161\u00ed model Cintiq 24 HD Touch, se st\u00e1le vyh\u00fdbala nejmen\u0161\u00edmu Cintiqu 12WX. P\u0159itom \u0161lo o docela obl\u00edben\u00fd n\u00e1stroj hlavn\u011b u lid\u00ed, kte\u0159\u00ed cht\u011bli m\u00edt grafick\u00fd tablet se zobrazova\u010dem, aby se p\u0159ibl\u00ed\u017eili klasick\u00e9mu kreslen\u00ed a nem\u011bli tolik prost\u0159edk\u016f. Nakonec se i tento nejmen\u0161\u00ed Cintiq do\u010dkal a v b\u0159eznu 2013 se objevil v nov\u00e9m &#8211; pod ozna\u010den\u00edm Cintiq 13HD.<!--more--><\/p>\n<p style=\"text-align: justify;\"><a href=\"http:\/\/www.darkart.cz\/wp-content\/2013\/11\/web-3789.jpg\" rel=\"lightbox[pics1200]\"><img loading=\"lazy\" class=\"alignleft size-thumbnail wp-image-1204\" alt=\"web-3789\" src=\"http:\/\/www.darkart.cz\/wp-content\/2013\/11\/web-3789-200x133.jpg\" width=\"200\" height=\"133\" srcset=\"https:\/\/darkart.cz\/wp-content\/2013\/11\/web-3789-200x133.jpg 200w, https:\/\/darkart.cz\/wp-content\/2013\/11\/web-3789-500x333.jpg 500w, https:\/\/darkart.cz\/wp-content\/2013\/11\/web-3789.jpg 1024w\" sizes=\"(max-width: 200px) 100vw, 200px\" \/><\/a>Grafick\u00e9 tablety jsou v sou\u010dasnosti st\u00e1le jedin\u00fdm a nejp\u0159esn\u011bj\u0161\u00edm za\u0159\u00edzen\u00edm, kter\u00e9 umo\u017e\u0148uje kreslit a malovat digit\u00e1ln\u011b. Jejich popularita je velk\u00e1, ale u nejvy\u0161\u0161\u00edch model\u016f samoz\u0159ejm\u011b popt\u00e1vku krot\u00ed vysok\u00e1 cena. Investice do takov\u00e9ho za\u0159\u00edzen\u00ed m\u00e1 n\u00e1vratnost zejm\u00e9na pro profesion\u00e1ly, kte\u0159\u00ed grafick\u00fd tablet pou\u017e\u00edvaj\u00ed pro svou pr\u00e1ci. P\u016fvodn\u00ed Cintiq 12WX se tak stal nejdostupn\u011bj\u0161\u00edm za\u0159\u00edzen\u00edm i pro amat\u00e9rsk\u00e9 v\u00fdtvarn\u00edky, m\u011bl sice mizern\u00fd displej a rozli\u0161en\u00ed, ale mo\u017enost kreslit p\u0159\u00edmo na zobrazova\u010d a kompaktn\u00ed rozm\u011bry spolu s cenou mnoho lid\u00ed p\u0159esv\u011bd\u010dily.<\/p>\n<p style=\"text-align: justify;\">Wacom touto inovac\u00ed i posledn\u00edho Cintiqu uzav\u00edr\u00e1 rozs\u00e1hlou etapu evoluce v cel\u00e9 rodin\u011b sv\u00fdch tablet\u016f. Nyn\u00ed maj\u00ed jednotn\u00fd design i materi\u00e1lov\u00e9 proveden\u00ed a pokr\u00fdvaj\u00ed v\u0161echny \u00farovn\u011b tv\u016frc\u016f \u2013 od za\u010d\u00e1te\u010dn\u00edk\u016f a\u017e po profesion\u00e1ly.<\/p>\n<h3>Grafick\u00fd tablet<\/h3>\n<p style=\"text-align: justify;\">Grafick\u00e9 tablety, v p\u0159\u00edpad\u011b Wacomu, pracuj\u00ed na principu elektromagnetick\u00e9 rezonance. Skl\u00e1daj\u00ed se z pevn\u00e9 podlo\u017eky, ve kter\u00e9 je ploch\u00fd vys\u00edla\u010d a p\u0159ij\u00edma\u010d a z pera, v n\u011bm\u017e je ukryt\u00fd rezonan\u010dn\u00ed obvod. Pevn\u00e1 podlo\u017eka komunikuje s po\u010d\u00edta\u010dem bu\u010f p\u0159es rozhran\u00ed USB a nebo bezdr\u00e1tov\u011b (pouze u model\u016f Intuos). Sign\u00e1l z n\u00ed vybud\u00ed obvod s c\u00edvkou v peru k odpov\u011bdi, kter\u00e1 je okam\u017eit\u011b zachycena p\u0159ij\u00edma\u010dem v podlo\u017ece a p\u0159ed\u00e1na p\u0159es ovlada\u010de grafick\u00e9mu programu. Tablet tedy v ka\u017ed\u00e9m zlomku vte\u0159iny v\u00ed, kde se pero na podlo\u017ece zrovna nach\u00e1z\u00ed, jakou silou tla\u010d\u00edte na jeho hrot a v jak\u00e9m \u00fahlu je hrot k podlo\u017ece. Toto jsou ji\u017e dostate\u010dn\u00e9 \u00fadaje pro to, aby bylo mo\u017en\u00e9 p\u0159en\u00e1\u0161et pohyby pera na obrazovku monitoru a simulovat v\u011brn\u011b tahy rukou, kter\u00e9 zrovna prov\u00e1d\u00edte. Obecn\u011b jsou na tom s rychlost\u00ed a p\u0159esnost\u00ed nejl\u00e9pe modely Intuos. Pokud ale chcete, aby byl v\u00e1\u0161 pocit z digit\u00e1ln\u00edho kreslen\u00ed co nebli\u017e\u0161\u00ed kreslen\u00ed klasick\u00e9mu, mus\u00edte s\u00e1hnout po modelech Cintiq. Ty toti\u017e maj\u00ed nad zm\u00edn\u011bnou sn\u00edmac\u00ed plochou um\u00edst\u011bn\u00fd podsv\u00edcen\u00fd displej, kryt\u00fd sklem. Kresl\u00edte tak vlastn\u011b p\u0159\u00edmo na zobrazovac\u00ed plochu, co\u017e je velmi p\u0159irozen\u00e9, se v\u0161emi klady i z\u00e1pory, kter\u00e9 z toho plynou.<\/p>\n<h3>Cintiq 12WX vs Cintiq 13HD<\/h3>\n<p style=\"text-align: justify;\">Rozd\u00edly jsou jasn\u00e9 na prvn\u00ed pohled. Pokud pominu design, je tou hlavn\u00ed zm\u011bnou velikost, pom\u011bry a rozli\u0161en\u00ed pou\u017eit\u00e9ho displeje. Panel je kone\u010dn\u011b IPS s LED podsv\u00edcen\u00edm, tak\u017ee pozorovac\u00ed \u00fahly jsou mnohem lep\u0161\u00ed, ne\u017e u star\u00e9ho TN panelu. Zobrazen\u00ed si tak l\u00e9pe zachov\u00e1v\u00e1 barvy a kontrast, i kdy\u017e zm\u011bn\u00edte svou polohu. Vy\u0161\u0161\u00ed rozli\u0161en\u00ed p\u0159isp\u00edv\u00e1 k mnohem jemn\u011bj\u0161\u00edmu pod\u00e1n\u00ed, \u0161iroko\u00fahl\u00fd displej s HD rozli\u0161en\u00edm 1920&#215;1080 pixel\u016f (proti p\u016fvodn\u00edm 1280&#215;800) je dnes prakticky standard. Kresl\u00edc\u00ed plocha je tak v \u00fahlop\u0159\u00ed\u010dce oproti star\u0161\u00edmu modelu trochu v\u011bt\u0161\u00ed (13,3\u201c proti p\u016fvodn\u00edm 12,1\u201c) a sk\u00fdt\u00e1 dobrou ergonomii vzhledem k grafick\u00fdm program\u016fm a jejich n\u00e1strojov\u00fdm palet\u00e1m, kter\u00e9 lze um\u00edstit po stran\u00e1ch. Rozli\u0161en\u00ed sn\u00edm\u00e1n\u00ed z\u016fstalo stejn\u00e9, tedy 5080lpi, ov\u0161em citlivost na p\u0159\u00edtlak vzrostla jednon\u00e1sobn\u011b na 2048 \u00farovn\u00ed p\u0159\u00edtlaku, co\u017e je plus, kter\u00e9 op\u011bt vylep\u0161uje pocit z kreslen\u00ed. Ovl\u00e1dac\u00ed prvky jsou takt\u00e9\u017e nov\u011b pojat\u00e9, v duchu evoluce cel\u00e9 s\u00e9rie \u2013 zmizely touch stripy, tla\u010d\u00edtka jsou u\u017e jen na jedn\u00e9 stran\u011b, dopln\u011bn\u00e1 o kruhov\u00fd ovlada\u010d. Nov\u00fd Cintiq m\u00e1 tak\u00e9 znateln\u011b men\u0161\u00ed okraje okolo displeje, p\u016fvodn\u011b ur\u010den\u00e9 pro oporu ruky a jinak je \u0159e\u0161en i podp\u016frn\u00fd stojan, kter\u00fd p\u0159in\u00e1\u0161\u00ed t\u0159i aretovan\u00e9 polohy. Zm\u011bn se do\u010dkalo i pero, ale jsou sp\u00ed\u0161e kosmetick\u00e9.<\/p>\n<p>&nbsp;<\/p>\n<h2>Cintiq 13HD<\/h2>\n<h3>Balen\u00ed<\/h3>\n<p style=\"text-align: justify;\"><a href=\"http:\/\/www.darkart.cz\/wp-content\/2013\/11\/web-3793.jpg\" rel=\"lightbox[pics1200]\"><img loading=\"lazy\" class=\"alignleft size-thumbnail wp-image-1205\" alt=\"web-3793\" src=\"http:\/\/www.darkart.cz\/wp-content\/2013\/11\/web-3793-200x133.jpg\" width=\"200\" height=\"133\" srcset=\"https:\/\/darkart.cz\/wp-content\/2013\/11\/web-3793-200x133.jpg 200w, https:\/\/darkart.cz\/wp-content\/2013\/11\/web-3793-500x333.jpg 500w, https:\/\/darkart.cz\/wp-content\/2013\/11\/web-3793.jpg 1024w\" sizes=\"(max-width: 200px) 100vw, 200px\" \/><\/a>V\u0161e je ukryto v jednoduch\u00e9 \u010dern\u00e9 krabici s grafikou, kter\u00e1 je uvnit\u0159 rozd\u011blen\u00e1 na palety, kter\u00e9 obsahuj\u00ed jednotliv\u00e9 \u010d\u00e1sti a p\u0159\u00edslu\u0161enstv\u00ed. Ve\u0161ker\u00e9 vnit\u0159n\u00ed kartony krabice i palet jsou dokonale \u010dern\u00e9 a zvedaj\u00ed tak dojem z v\u00fdrobku. Hned v prvn\u00ed palet\u011b pod v\u00edkem najdete samotn\u00fd tablet, zabalen\u00fd ve folii. Pod n\u00edm n\u00e1sleduje kryt\u00e1 paleta, ve kter\u00e9 je ulo\u017een stojan, jeho gumov\u00e9 \u010d\u00e1sti jsou polepen\u00e9 ochrannou f\u00f3li\u00ed. V nejspodn\u011bj\u0161\u00ed palet\u011b objev\u00edte dvojici nestejn\u011b velk\u00fdch chlopn\u00ed, kter\u00e9 zp\u0159\u00edstup\u0148uj\u00ed p\u0159\u00edslu\u0161enstv\u00ed. V jedn\u00e9 (vet\u0161\u00ed) \u010d\u00e1sti se ukr\u00fdv\u00e1 multikabel, z\u00e1suvkov\u00e9 vidlice pro dvoukol\u00edk a britskou z\u00e1suvku a ve folii zabalen\u00e9 pouzdro s perem. V t\u00e9 druh\u00e9 pak najdete adapt\u00e9r nap\u00e1jen\u00ed, star\u00fd zn\u00e1m\u00fd stoj\u00e1nek na pero a pap\u00edrov\u00e9 pouzdro s instala\u010dn\u00edm CD a manu\u00e1lem pro rychl\u00e9 spu\u0161t\u011bn\u00ed. Sou\u010d\u00e1st\u00ed balen\u00ed je i excelentn\u00ed ut\u011brka, kterou bych uv\u00edtal i u Intuosu. Mikrovl\u00e1kna tvo\u0159\u00ed roho\u017e s hrubou strukturou, kter\u00e1 ale naprosto dokonale a rychle odstran\u00ed otisky prst\u016f a mastnotu z kryc\u00edho skla displeje. Kdy\u017e jsem p\u0159ed \u010dasem testoval Wacom Cintiq 24HD, tak ut\u011brka v balen\u00ed je\u0161t\u011b nebyla, je vid\u011bt, \u017ee Wacom v\u011bci st\u00e1le vylep\u0161uje.<\/p>\n<hr style=\"width: 500px;\" width=\"500\" \/>\n<table style=\"width: 406px; height: 303px;\" border=\"0\" cellspacing=\"0\" cellpadding=\"0\" align=\"center\">\n<tbody>\n<tr>\n<td style=\"text-align: left;\"><a href=\"http:\/\/www.darkart.cz\/wp-content\/2013\/11\/web-3801.jpg\" rel=\"lightbox[pics1200]\"><img loading=\"lazy\" class=\"size-thumbnail wp-image-1206 aligncenter\" alt=\"web-3801\" src=\"http:\/\/www.darkart.cz\/wp-content\/2013\/11\/web-3801-200x133.jpg\" width=\"200\" height=\"133\" srcset=\"https:\/\/darkart.cz\/wp-content\/2013\/11\/web-3801-200x133.jpg 200w, https:\/\/darkart.cz\/wp-content\/2013\/11\/web-3801-500x333.jpg 500w, https:\/\/darkart.cz\/wp-content\/2013\/11\/web-3801.jpg 1024w\" sizes=\"(max-width: 200px) 100vw, 200px\" \/><\/a><\/td>\n<td style=\"text-align: left;\"><a href=\"http:\/\/www.darkart.cz\/wp-content\/2013\/11\/web-3815.jpg\" rel=\"lightbox[pics1200]\"><img loading=\"lazy\" class=\"size-thumbnail wp-image-1208 aligncenter\" alt=\"web-3815\" src=\"http:\/\/www.darkart.cz\/wp-content\/2013\/11\/web-3815-200x133.jpg\" width=\"200\" height=\"133\" srcset=\"https:\/\/darkart.cz\/wp-content\/2013\/11\/web-3815-200x133.jpg 200w, https:\/\/darkart.cz\/wp-content\/2013\/11\/web-3815-500x333.jpg 500w, https:\/\/darkart.cz\/wp-content\/2013\/11\/web-3815.jpg 1024w\" sizes=\"(max-width: 200px) 100vw, 200px\" \/><\/a><\/td>\n<\/tr>\n<tr>\n<td style=\"text-align: left;\"><a href=\"http:\/\/www.darkart.cz\/wp-content\/2013\/11\/web-3810.jpg\" rel=\"lightbox[pics1200]\"><img loading=\"lazy\" class=\"size-thumbnail wp-image-1207\" alt=\"web-3810\" src=\"http:\/\/www.darkart.cz\/wp-content\/2013\/11\/web-3810-200x133.jpg\" width=\"200\" height=\"133\" srcset=\"https:\/\/darkart.cz\/wp-content\/2013\/11\/web-3810-200x133.jpg 200w, https:\/\/darkart.cz\/wp-content\/2013\/11\/web-3810-500x333.jpg 500w, https:\/\/darkart.cz\/wp-content\/2013\/11\/web-3810.jpg 1024w\" sizes=\"(max-width: 200px) 100vw, 200px\" \/><\/a><\/td>\n<td style=\"text-align: left;\"><a href=\"http:\/\/www.darkart.cz\/wp-content\/2013\/11\/web-3824.jpg\" rel=\"lightbox[pics1200]\"><img loading=\"lazy\" class=\"alignleft size-thumbnail wp-image-1210\" alt=\"web-3824\" src=\"http:\/\/www.darkart.cz\/wp-content\/2013\/11\/web-3824-200x133.jpg\" width=\"200\" height=\"133\" srcset=\"https:\/\/darkart.cz\/wp-content\/2013\/11\/web-3824-200x133.jpg 200w, https:\/\/darkart.cz\/wp-content\/2013\/11\/web-3824-500x333.jpg 500w, https:\/\/darkart.cz\/wp-content\/2013\/11\/web-3824.jpg 1024w\" sizes=\"(max-width: 200px) 100vw, 200px\" \/><\/a><\/td>\n<\/tr>\n<tr>\n<td style=\"text-align: left;\"><a href=\"http:\/\/www.darkart.cz\/wp-content\/2013\/11\/web-3819.jpg\" rel=\"lightbox[pics1200]\"><img loading=\"lazy\" class=\"alignleft size-thumbnail wp-image-1209\" alt=\"web-3819\" src=\"http:\/\/www.darkart.cz\/wp-content\/2013\/11\/web-3819-200x133.jpg\" width=\"200\" height=\"133\" srcset=\"https:\/\/darkart.cz\/wp-content\/2013\/11\/web-3819-200x133.jpg 200w, https:\/\/darkart.cz\/wp-content\/2013\/11\/web-3819-500x333.jpg 500w, https:\/\/darkart.cz\/wp-content\/2013\/11\/web-3819.jpg 1024w\" sizes=\"(max-width: 200px) 100vw, 200px\" \/><\/a><\/td>\n<td style=\"text-align: left;\"><a href=\"http:\/\/www.darkart.cz\/wp-content\/2013\/11\/web-3845.jpg\" rel=\"lightbox[pics1200]\"><img loading=\"lazy\" class=\"alignleft size-thumbnail wp-image-1211\" alt=\"web-3845\" src=\"http:\/\/www.darkart.cz\/wp-content\/2013\/11\/web-3845-200x133.jpg\" width=\"200\" height=\"133\" srcset=\"https:\/\/darkart.cz\/wp-content\/2013\/11\/web-3845-200x133.jpg 200w, https:\/\/darkart.cz\/wp-content\/2013\/11\/web-3845-500x333.jpg 500w, https:\/\/darkart.cz\/wp-content\/2013\/11\/web-3845.jpg 1024w\" sizes=\"(max-width: 200px) 100vw, 200px\" \/><\/a><\/td>\n<\/tr>\n<\/tbody>\n<\/table>\n<hr style=\"width: 500px;\" width=\"500\" \/>\n<p style=\"text-align: justify;\">Balen\u00ed p\u016fsob\u00ed luxusn\u00edm dojmem, samotn\u00fd tablet je od pohledu opravdu kr\u00e1sn\u00fd kousek hardware s jednoduch\u00fdm designem. Asi nejl\u00e9pe pak vypad\u00e1 pouzdro pro pero \u2013 robustn\u00ed otv\u00edrac\u00ed kazeta, ve kter\u00e9 je p\u0159ehledn\u011b vyskl\u00e1d\u00e1no v\u0161e, co k peru pat\u0159\u00ed \u2013 tohle jsem z pohledu Intuosu Cintiqu opravdu z\u00e1vid\u011bl.<\/p>\n<h3>Konstrukce a zpracov\u00e1n\u00ed<\/h3>\n<p style=\"text-align: justify;\">K test\u016fm jsem dostal \u00fapln\u011b nov\u00fd v\u00fdrobek, proto jsem se (i pro \u00fa\u010dely fotografov\u00e1n\u00ed) vyzbrojil b\u00edl\u00fdmi rukavicemi. Tablet je zpracov\u00e1n velmi dob\u0159e, ostatn\u011b jsem od Wacomu ne\u010dekal \u017e\u00e1dn\u00fd pr\u016f\u0161vih, vyr\u00e1b\u00ed jen n\u011bkolik za\u0159\u00edzen\u00ed a proto se na n\u011b m\u016f\u017ee pln\u011b soust\u0159edit a vyladit je k dokonalosti. Stejn\u011b jako u ostatn\u00edch Cintiq\u016f nebo \u0159ady Intuos 5 u\u017e nenajdete \u017e\u00e1dn\u00e9 leskl\u00e9 plasty. Bohu d\u00edk, cht\u011blo by se \u0159\u00edct. Okraje tabletu jsou matn\u00e9, vertik\u00e1ln\u00ed plochy po kraj\u00edch s ovl\u00e1d\u00e1n\u00edm jsou pak pokryt\u00e9 jakousi formou pogumov\u00e1n\u00ed \u2013 snad je odoln\u00e1 a v m\u00edstech, kde se \u010dasto pohybuj\u00ed u\u017eivatelovy prsty po \u010dase neza\u010dne opad\u00e1vat. Zaoblen\u00e9 i ustupuj\u00edc\u00ed rohy tabletu jsou p\u0159\u00edjemn\u00e9. Velikost tabletu je 375 x 248 x 14mm, samotn\u00e1 aktivn\u00ed plocha m\u00e1 rozm\u011br 293.8 x 165.2 mm a v\u00e1\u017e\u00ed 1,2 kg. I p\u0159i ur\u010dit\u00e9m nam\u00e1h\u00e1n\u00ed a kroucen\u00ed tablet nijak nevr\u017ee a nikde se nic nerozev\u00edr\u00e1. Sl\u00edcov\u00e1n\u00ed plast\u016f je perfektn\u00ed. V\u0161e pro konektivitu je soust\u0159ed\u011bno na jednu stranu, k logu WACOM, na opa\u010dn\u00e9 stran\u011b od ovl\u00e1dac\u00edch prvk\u016f. Vlastn\u011b toho moc nen\u00ed \u2013 konektory jsou utopen\u00e9 v t\u011ble, po stran\u00e1ch dopln\u011bn\u00e9 o st\u0159\u00edbrn\u00e9 zap\u00ednac\u00ed tla\u010d\u00edtko a b\u00edlou LED diodu, kter\u00e1 je mu protiv\u00e1hou. Sv\u00edt\u00ed d\u00edky difuzn\u00edmu krytu celkem mdle a tak nep\u016fsob\u00ed ru\u0161iv\u011b. Kryc\u00ed sklo tabletu je hladk\u00e9 a matn\u00e9, ale p\u0159i\u0161lo mi, \u017ee reflektuje o n\u011bco v\u00edce, ne\u017e u Cintiqu 24HD \u2013 odlesky jsou celkem zn\u00e1t.<\/p>\n<hr style=\"width: 500px;\" width=\"500\" \/>\n<table style=\"width: 406px; height: 324px;\" border=\"0\" cellspacing=\"0\" cellpadding=\"0\" align=\"center\">\n<tbody>\n<tr>\n<td><a href=\"http:\/\/www.darkart.cz\/wp-content\/2013\/11\/web-3883.jpg\" rel=\"lightbox[pics1200]\"><img loading=\"lazy\" class=\"alignleft size-thumbnail wp-image-1218\" alt=\"web-3883\" src=\"http:\/\/www.darkart.cz\/wp-content\/2013\/11\/web-3883-200x133.jpg\" width=\"200\" height=\"133\" srcset=\"https:\/\/darkart.cz\/wp-content\/2013\/11\/web-3883-200x133.jpg 200w, https:\/\/darkart.cz\/wp-content\/2013\/11\/web-3883-500x333.jpg 500w, https:\/\/darkart.cz\/wp-content\/2013\/11\/web-3883.jpg 1024w\" sizes=\"(max-width: 200px) 100vw, 200px\" \/><\/a><\/td>\n<td><a href=\"http:\/\/www.darkart.cz\/wp-content\/2013\/11\/web-3876.jpg\" rel=\"lightbox[pics1200]\"><img loading=\"lazy\" class=\"alignleft size-thumbnail wp-image-1216\" alt=\"web-3876\" src=\"http:\/\/www.darkart.cz\/wp-content\/2013\/11\/web-3876-200x133.jpg\" width=\"200\" height=\"133\" srcset=\"https:\/\/darkart.cz\/wp-content\/2013\/11\/web-3876-200x133.jpg 200w, https:\/\/darkart.cz\/wp-content\/2013\/11\/web-3876-500x333.jpg 500w, https:\/\/darkart.cz\/wp-content\/2013\/11\/web-3876.jpg 1024w\" sizes=\"(max-width: 200px) 100vw, 200px\" \/><\/a><\/td>\n<\/tr>\n<tr>\n<td><a href=\"http:\/\/www.darkart.cz\/wp-content\/2013\/11\/web-3872.jpg\" rel=\"lightbox[pics1200]\"><img loading=\"lazy\" class=\"alignleft size-thumbnail wp-image-1214\" alt=\"web-3872\" src=\"http:\/\/www.darkart.cz\/wp-content\/2013\/11\/web-3872-200x133.jpg\" width=\"200\" height=\"133\" srcset=\"https:\/\/darkart.cz\/wp-content\/2013\/11\/web-3872-200x133.jpg 200w, https:\/\/darkart.cz\/wp-content\/2013\/11\/web-3872-500x333.jpg 500w, https:\/\/darkart.cz\/wp-content\/2013\/11\/web-3872.jpg 1024w\" sizes=\"(max-width: 200px) 100vw, 200px\" \/><\/a><\/td>\n<td><a href=\"http:\/\/www.darkart.cz\/wp-content\/2013\/11\/web-3878.jpg\" rel=\"lightbox[pics1200]\"><img loading=\"lazy\" class=\"alignleft size-thumbnail wp-image-1217\" alt=\"web-3878\" src=\"http:\/\/www.darkart.cz\/wp-content\/2013\/11\/web-3878-200x133.jpg\" width=\"200\" height=\"133\" srcset=\"https:\/\/darkart.cz\/wp-content\/2013\/11\/web-3878-200x133.jpg 200w, https:\/\/darkart.cz\/wp-content\/2013\/11\/web-3878-500x333.jpg 500w, https:\/\/darkart.cz\/wp-content\/2013\/11\/web-3878.jpg 1024w\" sizes=\"(max-width: 200px) 100vw, 200px\" \/><\/a><\/td>\n<\/tr>\n<tr>\n<td><a href=\"http:\/\/www.darkart.cz\/wp-content\/2013\/11\/web-3886.jpg\" rel=\"lightbox[pics1200]\"><img loading=\"lazy\" class=\"alignleft size-thumbnail wp-image-1219\" alt=\"web-3886\" src=\"http:\/\/www.darkart.cz\/wp-content\/2013\/11\/web-3886-200x133.jpg\" width=\"200\" height=\"133\" srcset=\"https:\/\/darkart.cz\/wp-content\/2013\/11\/web-3886-200x133.jpg 200w, https:\/\/darkart.cz\/wp-content\/2013\/11\/web-3886-500x333.jpg 500w, https:\/\/darkart.cz\/wp-content\/2013\/11\/web-3886.jpg 1024w\" sizes=\"(max-width: 200px) 100vw, 200px\" \/><\/a><\/td>\n<td><a href=\"http:\/\/www.darkart.cz\/wp-content\/2013\/11\/web-3873.jpg\" rel=\"lightbox[pics1200]\"><img loading=\"lazy\" class=\"alignleft size-thumbnail wp-image-1215\" alt=\"web-3873\" src=\"http:\/\/www.darkart.cz\/wp-content\/2013\/11\/web-3873-200x133.jpg\" width=\"200\" height=\"133\" srcset=\"https:\/\/darkart.cz\/wp-content\/2013\/11\/web-3873-200x133.jpg 200w, https:\/\/darkart.cz\/wp-content\/2013\/11\/web-3873-500x333.jpg 500w, https:\/\/darkart.cz\/wp-content\/2013\/11\/web-3873.jpg 1024w\" sizes=\"(max-width: 200px) 100vw, 200px\" \/><\/a><\/td>\n<\/tr>\n<tr>\n<td><a href=\"http:\/\/www.darkart.cz\/wp-content\/2013\/11\/web-3905.jpg\" rel=\"lightbox[pics1200]\"><img loading=\"lazy\" class=\"alignleft size-thumbnail wp-image-1223\" alt=\"web-3905\" src=\"http:\/\/www.darkart.cz\/wp-content\/2013\/11\/web-3905-200x133.jpg\" width=\"200\" height=\"133\" srcset=\"https:\/\/darkart.cz\/wp-content\/2013\/11\/web-3905-200x133.jpg 200w, https:\/\/darkart.cz\/wp-content\/2013\/11\/web-3905-500x333.jpg 500w, https:\/\/darkart.cz\/wp-content\/2013\/11\/web-3905.jpg 1024w\" sizes=\"(max-width: 200px) 100vw, 200px\" \/><\/a><\/td>\n<td><a href=\"http:\/\/www.darkart.cz\/wp-content\/2013\/11\/web-3891.jpg\" rel=\"lightbox[pics1200]\"><img loading=\"lazy\" class=\"alignleft size-thumbnail wp-image-1220\" alt=\"web-3891\" src=\"http:\/\/www.darkart.cz\/wp-content\/2013\/11\/web-3891-200x133.jpg\" width=\"200\" height=\"133\" srcset=\"https:\/\/darkart.cz\/wp-content\/2013\/11\/web-3891-200x133.jpg 200w, https:\/\/darkart.cz\/wp-content\/2013\/11\/web-3891-500x333.jpg 500w, https:\/\/darkart.cz\/wp-content\/2013\/11\/web-3891.jpg 1024w\" sizes=\"(max-width: 200px) 100vw, 200px\" \/><\/a><\/td>\n<\/tr>\n<\/tbody>\n<\/table>\n<\/div>\n<div style=\"text-align: justify;\">\n<hr style=\"width: 500px;\" width=\"500\" \/>\n<p>Zadn\u00ed strana tabletu m\u00e1 op\u011bt m\u00edrn\u011b ustupuj\u00edc\u00ed rohy, z nich\u017e dva maj\u00ed zapu\u0161t\u011bn\u00e9 pogumov\u00e1n\u00ed a ty prot\u011bj\u0161\u00ed jsou p\u0159ekryt\u00e9 spolu s \u010d\u00e1st\u00ed tabletu pogumov\u00e1n\u00edm zcela. Na zadn\u00ed stran\u011b najdeme je\u0161t\u011b dv\u011b protilehl\u00e9 \u0161t\u011brbiny, kter\u00e9 slou\u017e\u00ed k upevn\u011bn\u00ed stojanu. Celkov\u011b je dojem ze zpracov\u00e1n\u00ed tabletu velmi dobr\u00fd.<\/p>\n<\/div>\n<p style=\"text-align: justify;\">Trochu hor\u0161\u00ed dojem bud\u00ed podp\u016frn\u00fd stoj\u00e1nek. Ze spodn\u00ed strany je tvo\u0159en matn\u00fdm plechem, s logem WACOM, kter\u00fd je na del\u0161\u00edch protilehl\u00fdch stran\u00e1ch opat\u0159en gumou, aby neklouzal po stole. Na tomto plechu je pak p\u0159ipevn\u011bna plastov\u00e1 \u010d\u00e1st, kter\u00e1 obsahuje r\u00e1me\u010dek s \u010depy, kter\u00e9 zapadnou do \u0161t\u011brbin ve spodn\u00ed stran\u011b tabletu. Uvnit\u0159 r\u00e1me\u010dku pak le\u017e\u00ed do sebe zapadaj\u00edc\u00ed trojice chlopn\u00ed, kter\u00e9 podle sv\u00e9 v\u00fd\u0161ky dr\u017e\u00ed tablet v r\u016fzn\u00fdch \u00fahlech k rovin\u011b stolu. Zpracov\u00e1n\u00ed t\u00e9to plastov\u00e9 \u010d\u00e1sti mi p\u0159i\u0161lo trochu hor\u0161\u00ed, jako ochrana hran je pou\u017eito pogumov\u00e1n\u00ed, na n\u011bm\u017e jsou sem tam vid\u011bt ot\u0159epy z formy a kter\u00e9 s velkou chut\u00ed zachyt\u00e1v\u00e1 ve\u0161ker\u00fd prach jako mucholapka. Vykl\u00e1p\u011bn\u00ed chlopn\u00ed nen\u00ed \u0159e\u0161eno n\u011bjak\u00fdm mechanismem (pantem atd.) ale zcela prost\u011b tak, \u017ee se plast v m\u00edst\u011b ohybu ohne. Vznikne t\u00edm zn\u00e1m\u00e1 sv\u011btl\u00e1 linka nam\u00e1han\u00e9ho plastu a je tak ot\u00e1zkou, kolik cykl\u016f toto oh\u00fdb\u00e1n\u00ed vydr\u017e\u00ed, proto\u017ee chlope\u0148 je t\u0159eba ohnout v\u017edy o cca 80-90\u00b0. Nadruhou stranu je t\u0159eba p\u0159iznat, \u017ee stoj\u00e1nek v podstat\u011b p\u0159i pr\u00e1ci nevid\u00edte a tak jeho estetiku nen\u00ed a\u017e tak t\u0159eba \u0159e\u0161it (i ve vztahu k cen\u011b tabletu) a polohu si asi taky nastav\u00edte v\u00edce m\u00e9n\u011b jednou a tak n\u011bjak\u00e9 extr\u00e9mn\u011b \u010dast\u00e9 nam\u00e1h\u00e1n\u00ed plastu nehroz\u00ed.<\/p>\n<hr style=\"width: 500px;\" width=\"500\" \/>\n<table style=\"width: 335px; height: 200px;\" border=\"0\" cellspacing=\"0\" cellpadding=\"0\" align=\"center\">\n<tbody>\n<tr>\n<td><a href=\"http:\/\/www.darkart.cz\/wp-content\/2013\/11\/web-3909.jpg\" rel=\"lightbox[pics1200]\"><img loading=\"lazy\" class=\"alignleft size-thumbnail wp-image-1224\" alt=\"web-3909\" src=\"http:\/\/www.darkart.cz\/wp-content\/2013\/11\/web-3909-200x133.jpg\" width=\"200\" height=\"133\" srcset=\"https:\/\/darkart.cz\/wp-content\/2013\/11\/web-3909-200x133.jpg 200w, https:\/\/darkart.cz\/wp-content\/2013\/11\/web-3909-500x333.jpg 500w, https:\/\/darkart.cz\/wp-content\/2013\/11\/web-3909.jpg 1024w\" sizes=\"(max-width: 200px) 100vw, 200px\" \/><\/a><\/td>\n<td><a href=\"http:\/\/www.darkart.cz\/wp-content\/2013\/11\/web-3901.jpg\" rel=\"lightbox[pics1200]\"><img loading=\"lazy\" class=\"alignleft size-thumbnail wp-image-1222\" alt=\"web-3901\" src=\"http:\/\/www.darkart.cz\/wp-content\/2013\/11\/web-3901-200x133.jpg\" width=\"200\" height=\"133\" srcset=\"https:\/\/darkart.cz\/wp-content\/2013\/11\/web-3901-200x133.jpg 200w, https:\/\/darkart.cz\/wp-content\/2013\/11\/web-3901-500x333.jpg 500w, https:\/\/darkart.cz\/wp-content\/2013\/11\/web-3901.jpg 1024w\" sizes=\"(max-width: 200px) 100vw, 200px\" \/><\/a><\/td>\n<\/tr>\n<tr>\n<td><a href=\"http:\/\/www.darkart.cz\/wp-content\/2013\/11\/web-3895.jpg\" rel=\"lightbox[pics1200]\"><img loading=\"lazy\" class=\"alignleft size-thumbnail wp-image-1221\" alt=\"web-3895\" src=\"http:\/\/www.darkart.cz\/wp-content\/2013\/11\/web-3895-200x133.jpg\" width=\"200\" height=\"133\" srcset=\"https:\/\/darkart.cz\/wp-content\/2013\/11\/web-3895-200x133.jpg 200w, https:\/\/darkart.cz\/wp-content\/2013\/11\/web-3895-500x333.jpg 500w, https:\/\/darkart.cz\/wp-content\/2013\/11\/web-3895.jpg 1024w\" sizes=\"(max-width: 200px) 100vw, 200px\" \/><\/a><\/td>\n<td><\/td>\n<\/tr>\n<\/tbody>\n<\/table>\n<hr style=\"width: 500px;\" width=\"500\" \/>\n<h3>Ovl\u00e1dac\u00ed prvky<\/h3>\n<p style=\"text-align: justify;\">Tablet je klasicky vybaven n\u011bkolika ovl\u00e1dac\u00edmi prvky, kter\u00e9 mohou usnadnit pr\u00e1ci t\u00edm, \u017ee si k nim u\u017eivatel p\u0159i\u0159ad\u00ed nejpou\u017e\u00edvan\u011bj\u0161\u00ed softwarov\u00e9 funkce. Zvl\u00e1\u0161t\u011b profesion\u00e1lov\u00e9 v\u0161ak tyto prvky p\u0159\u00edli\u0161 nevyu\u017e\u00edvaj\u00ed a dopl\u0148uj\u00ed ovl\u00e1d\u00e1n\u00ed grafick\u00e9ho programu kl\u00e1vesnic\u00ed, proto\u017ee tla\u010d\u00edtka tabletu nemohou pokr\u00fdt v\u0161e a m\u00edt ovl\u00e1d\u00e1n\u00ed \u010d\u00e1ste\u010dn\u011b na tabletu a \u010d\u00e1ste\u010dn\u011b na kl\u00e1vesnici se moc s ergonomi\u00ed neslu\u010duje. Ka\u017edop\u00e1dn\u011b ovl\u00e1dac\u00ed prvky najdete na jedn\u00e9 stran\u011b tabletu, podle toho, zda jste prav\u00e1k nebo lev\u00e1k, co\u017e lze snadno zm\u011bnit prost\u00fdm oto\u010den\u00edm tabletu o 180\u00b0. Uprost\u0159ed je \u010dty\u0159sm\u011brn\u00fd kruhov\u00fd ovlada\u010d (Rocker ring), v jeho\u017e st\u0159edu je kruhov\u00e9 tla\u010d\u00edtko. Dal\u0161\u00ed dv\u011b dvojice tla\u010d\u00edtek najdete po obou stran\u00e1ch kruhov\u00e9ho ovlada\u010de, p\u0159i\u010dem\u017e jsou tla\u010d\u00edtka od sebe hmatov\u011b diferencovan\u00e1 \u2013 jedno st\u0159edov\u00fdm punt\u00edkem a druh\u00e9 naopak \u010dtvercovou prohlubn\u00ed. Ovl\u00e1dac\u00ed tla\u010d\u00edtka jsou velmi m\u00edrn\u011b vyv\u00fd\u0161ena nad \u0161asi tabletu, maj\u00ed pom\u011brn\u011b p\u0159esn\u00fd a nehlu\u010dn\u00fd stisk. Je trochu \u0161koda, \u017ee zde nen\u00ed kruhov\u00fd ovlada\u010d, kter\u00fd m\u00e1 Intuos 4, osobn\u011b jsem si na n\u011bj zvyknul hlavn\u011b pro mo\u017enost nastaven\u00ed rotace pl\u00e1tna v Photoshopu.<\/p>\n<hr style=\"width: 500px;\" width=\"500\" \/>\n<table style=\"width: 244px; height: 27px;\" border=\"0\" cellspacing=\"0\" cellpadding=\"0\" align=\"center\">\n<tbody>\n<tr>\n<td><a href=\"http:\/\/www.darkart.cz\/wp-content\/2013\/11\/web-3949.jpg\" rel=\"lightbox[pics1200]\"><img loading=\"lazy\" class=\"alignleft size-thumbnail wp-image-1238\" alt=\"web-3949\" src=\"http:\/\/www.darkart.cz\/wp-content\/2013\/11\/web-3949-200x133.jpg\" width=\"200\" height=\"133\" srcset=\"https:\/\/darkart.cz\/wp-content\/2013\/11\/web-3949-200x133.jpg 200w, https:\/\/darkart.cz\/wp-content\/2013\/11\/web-3949-500x333.jpg 500w, https:\/\/darkart.cz\/wp-content\/2013\/11\/web-3949.jpg 1024w\" sizes=\"(max-width: 200px) 100vw, 200px\" \/><\/a><\/td>\n<td><a href=\"http:\/\/www.darkart.cz\/wp-content\/2013\/11\/web-3876.jpg\" rel=\"lightbox[pics1200]\"><img loading=\"lazy\" class=\"alignleft size-thumbnail wp-image-1216\" alt=\"web-3876\" src=\"http:\/\/www.darkart.cz\/wp-content\/2013\/11\/web-3876-200x133.jpg\" width=\"200\" height=\"133\" srcset=\"https:\/\/darkart.cz\/wp-content\/2013\/11\/web-3876-200x133.jpg 200w, https:\/\/darkart.cz\/wp-content\/2013\/11\/web-3876-500x333.jpg 500w, https:\/\/darkart.cz\/wp-content\/2013\/11\/web-3876.jpg 1024w\" sizes=\"(max-width: 200px) 100vw, 200px\" \/><\/a><\/td>\n<\/tr>\n<\/tbody>\n<\/table>\n<hr style=\"width: 500px;\" width=\"500\" \/>\n<p style=\"text-align: justify;\">Krom\u011b v\u00fd\u0161e popsan\u00fdch ovl\u00e1dac\u00edch prvk\u016f a tla\u010d\u00edtka pro zapnut\u00ed\/vypnut\u00ed u\u017e na Cintiqu 13HD nenajdete nic jin\u00e9ho. V podstat\u011b nen\u00ed ani t\u0159eba, ale ti pozorn\u011bj\u0161\u00ed se jist\u011b zeptaj\u00ed, jak se vlastn\u011b nastavuj\u00ed parametry displeje, proto\u017ee Cintiq m\u00e1 v sob\u011b p\u0159ece v podstat\u011b monitor. V tomto p\u0159\u00edpad\u011b jsem byl trochu zasko\u010den\u00fd t\u00edm, \u017ee v\u0161e se ovl\u00e1d\u00e1 softwarov\u011b a je toho docela m\u00e1lo. K tomu se ale vr\u00e1t\u00edm a\u017e v odstavci v\u011bnovan\u00e9m displeji. Z celkov\u00e9ho pohledu jsou ovl\u00e1dac\u00ed prvky tabletu dostate\u010dn\u00e9 a jejich funkci si m\u016f\u017eete p\u0159izp\u016fsobit v nastaven\u00ed ovlada\u010d\u016f tabletu podle sv\u00e9ho.<\/p>\n<h3 style=\"text-align: justify;\">Polohov\u00e1n\u00ed a ergonomie<\/h3>\n<p style=\"text-align: justify;\">Proto\u017ee jsou tablety \u0159ady Cintiq zobrazovac\u00ed i kresl\u00edc\u00ed plochou z\u00e1rove\u0148, jsou vybaven\u00e9 r\u016fzn\u00fdmi polohovac\u00edmi syst\u00e9my pro co nejlep\u0161\u00ed ergonomii pr\u00e1ce. Nejvy\u0161\u0161\u00ed model Cintiq 24HD Touch je osazen\u00fd na t\u011b\u017ek\u00e9m podstavci s vrtulovit\u00fdmi ovlada\u010di sklonu a p\u0159ipom\u00edn\u00e1 trochu r\u00fdsovac\u00ed prkno, jeho brat\u0159\u00ed\u010dek Cintiq 22HD potom sed\u00ed na velmi obl\u00edben\u00e9m X stojanu, kter\u00fd umo\u017e\u0148uje ot\u00e1\u010den\u00ed kolem st\u0159edu i polohov\u00e1n\u00ed v \u00fahlu k plo\u0161e stolu. Nejmen\u0161\u00ed Cintiq m\u00e1 syst\u00e9m polohov\u00e1n\u00ed nejjednodu\u0161\u0161\u00ed (berme v potaz i cenu). Tablet m\u016f\u017eete pou\u017e\u00edvat zcela bez podp\u016frn\u00e9ho stojanu, nebo jej na n\u011bj um\u00edstit a vyu\u017e\u00edt \u010dty\u0159 \u00fahl\u016f naklopen\u00ed. T\u00edm prvn\u00edm je samoz\u0159ejm\u011b 0\u00b0 tedy tablet le\u017e\u00edc\u00ed v rovin\u011b stolu. Dal\u0161\u00ed \u00fahly jsou 22\u00b0, 35\u00b0 a 50\u00b0. Polohov\u00e1n\u00ed funguje velmi primitivn\u00edm zp\u016fsobem, prost\u011b ve stojanu vyberete jednu ze t\u0159\u00ed polohovac\u00edch chlopn\u00ed, tu ohnete a jej\u00ed horn\u00ed pogumovanou z\u00e1padkou ji spoj\u00edte se zadn\u00ed st\u011bnou tabletu. Od t\u00e9 chv\u00edle je tablet podep\u0159en\u00fd a stabilizovan\u00fd. K zasunut\u00ed z\u00e1padky je pot\u0159eba pom\u011brn\u011b velk\u00e1 s\u00edla, a\u017e jsem se b\u00e1l, abych tablet n\u011bjak nepo\u0161kodil, proto\u017ee pokud ji nezasunete zcela, bude se tablet p\u0159i jednostrann\u00e9m zat\u00ed\u017een\u00ed rukou m\u00edrn\u011b k\u00fdvat. Mo\u017en\u00e1 se jednotliv\u00e9 d\u00edly \u010dasem \u201eochod\u00ed\u201c a p\u016fjde to snadn\u011bji. Ze v\u0161ech t\u0159\u00ed \u00fahl\u016f mi nejv\u00edce vyhovoval ten prost\u0159edn\u00ed.<\/p>\n<hr style=\"width: 500px;\" width=\"500\" \/>\n<table style=\"width: 219px; height: 120px;\" border=\"0\" cellspacing=\"0\" cellpadding=\"0\" align=\"center\">\n<tbody>\n<tr>\n<td><a href=\"http:\/\/www.darkart.cz\/wp-content\/2013\/11\/web-3910.jpg\" rel=\"lightbox[pics1200]\"><img loading=\"lazy\" class=\"alignleft size-thumbnail wp-image-1225\" alt=\"web-3910\" src=\"http:\/\/www.darkart.cz\/wp-content\/2013\/11\/web-3910-200x133.jpg\" width=\"200\" height=\"133\" srcset=\"https:\/\/darkart.cz\/wp-content\/2013\/11\/web-3910-200x133.jpg 200w, https:\/\/darkart.cz\/wp-content\/2013\/11\/web-3910-500x333.jpg 500w, https:\/\/darkart.cz\/wp-content\/2013\/11\/web-3910.jpg 1024w\" sizes=\"(max-width: 200px) 100vw, 200px\" \/><\/a><\/td>\n<td><a href=\"http:\/\/www.darkart.cz\/wp-content\/2013\/11\/web-3912.jpg\" rel=\"lightbox[pics1200]\"><img loading=\"lazy\" class=\"alignleft size-thumbnail wp-image-1226\" alt=\"web-3912\" src=\"http:\/\/www.darkart.cz\/wp-content\/2013\/11\/web-3912-200x133.jpg\" width=\"200\" height=\"133\" srcset=\"https:\/\/darkart.cz\/wp-content\/2013\/11\/web-3912-200x133.jpg 200w, https:\/\/darkart.cz\/wp-content\/2013\/11\/web-3912-500x333.jpg 500w, https:\/\/darkart.cz\/wp-content\/2013\/11\/web-3912.jpg 1024w\" sizes=\"(max-width: 200px) 100vw, 200px\" \/><\/a><\/td>\n<\/tr>\n<tr>\n<td><a href=\"http:\/\/www.darkart.cz\/wp-content\/2013\/11\/web-3914.jpg\" rel=\"lightbox[pics1200]\"><img loading=\"lazy\" class=\"alignleft size-thumbnail wp-image-1227\" alt=\"web-3914\" src=\"http:\/\/www.darkart.cz\/wp-content\/2013\/11\/web-3914-200x133.jpg\" width=\"200\" height=\"133\" srcset=\"https:\/\/darkart.cz\/wp-content\/2013\/11\/web-3914-200x133.jpg 200w, https:\/\/darkart.cz\/wp-content\/2013\/11\/web-3914-500x333.jpg 500w, https:\/\/darkart.cz\/wp-content\/2013\/11\/web-3914.jpg 1024w\" sizes=\"(max-width: 200px) 100vw, 200px\" \/><\/a><\/td>\n<td><a href=\"http:\/\/www.darkart.cz\/wp-content\/2013\/11\/web-3916.jpg\" rel=\"lightbox[pics1200]\"><img loading=\"lazy\" class=\"alignleft size-thumbnail wp-image-1228\" alt=\"web-3916\" src=\"http:\/\/www.darkart.cz\/wp-content\/2013\/11\/web-3916-200x133.jpg\" width=\"200\" height=\"133\" srcset=\"https:\/\/darkart.cz\/wp-content\/2013\/11\/web-3916-200x133.jpg 200w, https:\/\/darkart.cz\/wp-content\/2013\/11\/web-3916-500x333.jpg 500w, https:\/\/darkart.cz\/wp-content\/2013\/11\/web-3916.jpg 1024w\" sizes=\"(max-width: 200px) 100vw, 200px\" \/><\/a><\/td>\n<\/tr>\n<tr>\n<td><a href=\"http:\/\/www.darkart.cz\/wp-content\/2013\/11\/web-3920.jpg\" rel=\"lightbox[pics1200]\"><img loading=\"lazy\" class=\"alignleft size-thumbnail wp-image-1229\" alt=\"web-3920\" src=\"http:\/\/www.darkart.cz\/wp-content\/2013\/11\/web-3920-200x133.jpg\" width=\"200\" height=\"133\" srcset=\"https:\/\/darkart.cz\/wp-content\/2013\/11\/web-3920-200x133.jpg 200w, https:\/\/darkart.cz\/wp-content\/2013\/11\/web-3920-500x333.jpg 500w, https:\/\/darkart.cz\/wp-content\/2013\/11\/web-3920.jpg 1024w\" sizes=\"(max-width: 200px) 100vw, 200px\" \/><\/a><\/td>\n<td><a href=\"http:\/\/www.darkart.cz\/wp-content\/2013\/11\/web-3924.jpg\" rel=\"lightbox[pics1200]\"><img loading=\"lazy\" class=\"alignleft size-thumbnail wp-image-1230\" alt=\"web-3924\" src=\"http:\/\/www.darkart.cz\/wp-content\/2013\/11\/web-3924-200x133.jpg\" width=\"200\" height=\"133\" srcset=\"https:\/\/darkart.cz\/wp-content\/2013\/11\/web-3924-200x133.jpg 200w, https:\/\/darkart.cz\/wp-content\/2013\/11\/web-3924-500x333.jpg 500w, https:\/\/darkart.cz\/wp-content\/2013\/11\/web-3924.jpg 1024w\" sizes=\"(max-width: 200px) 100vw, 200px\" \/><\/a><\/td>\n<\/tr>\n<tr>\n<td><a href=\"http:\/\/www.darkart.cz\/wp-content\/2013\/11\/web-3928.jpg\" rel=\"lightbox[pics1200]\"><img loading=\"lazy\" class=\"alignleft size-thumbnail wp-image-1231\" alt=\"web-3928\" src=\"http:\/\/www.darkart.cz\/wp-content\/2013\/11\/web-3928-200x133.jpg\" width=\"200\" height=\"133\" srcset=\"https:\/\/darkart.cz\/wp-content\/2013\/11\/web-3928-200x133.jpg 200w, https:\/\/darkart.cz\/wp-content\/2013\/11\/web-3928-500x333.jpg 500w, https:\/\/darkart.cz\/wp-content\/2013\/11\/web-3928.jpg 1024w\" sizes=\"(max-width: 200px) 100vw, 200px\" \/><\/a><\/td>\n<td><a href=\"http:\/\/www.darkart.cz\/wp-content\/2013\/11\/web-3931.jpg\" rel=\"lightbox[pics1200]\"><img loading=\"lazy\" class=\"alignleft size-thumbnail wp-image-1233\" alt=\"web-3931\" src=\"http:\/\/www.darkart.cz\/wp-content\/2013\/11\/web-3931-200x133.jpg\" width=\"200\" height=\"133\" srcset=\"https:\/\/darkart.cz\/wp-content\/2013\/11\/web-3931-200x133.jpg 200w, https:\/\/darkart.cz\/wp-content\/2013\/11\/web-3931-500x333.jpg 500w, https:\/\/darkart.cz\/wp-content\/2013\/11\/web-3931.jpg 1024w\" sizes=\"(max-width: 200px) 100vw, 200px\" \/><\/a><\/td>\n<\/tr>\n<tr>\n<td><a href=\"http:\/\/www.darkart.cz\/wp-content\/2013\/11\/web-3930.jpg\" rel=\"lightbox[pics1200]\"><img loading=\"lazy\" class=\"alignleft size-thumbnail wp-image-1232\" alt=\"web-3930\" src=\"http:\/\/www.darkart.cz\/wp-content\/2013\/11\/web-3930-200x133.jpg\" width=\"200\" height=\"133\" srcset=\"https:\/\/darkart.cz\/wp-content\/2013\/11\/web-3930-200x133.jpg 200w, https:\/\/darkart.cz\/wp-content\/2013\/11\/web-3930-500x333.jpg 500w, https:\/\/darkart.cz\/wp-content\/2013\/11\/web-3930.jpg 1024w\" sizes=\"(max-width: 200px) 100vw, 200px\" \/><\/a><\/td>\n<td><\/td>\n<\/tr>\n<\/tbody>\n<\/table>\n<hr style=\"width: 500px;\" width=\"500\" \/>\n<p>Nicm\u00e9n\u011b, p\u0159i polohov\u00e1n\u00ed jsem si v\u0161imnul jist\u00e9 v\u011bci, o kter\u00e9 nev\u00edm, zda je chybou konstrukt\u00e9r\u016f, nebo jestli vyplynula ze samotn\u00e9ho proveden\u00ed a po\u010d\u00edt\u00e1 se s n\u00ed. Pokud m\u00e1te tablet nasazen\u00fd na stojanu a pou\u017eijete polohy pro 35 a 50\u00b0, dojde k tomu, \u017ee stojan p\u0159estane na stole spo\u010d\u00edvat na sv\u00fdch pogumovan\u00fdch pruz\u00edch (kter\u00e9 vcelku dob\u0159e zamezuj\u00ed klouz\u00e1n\u00ed stojanu po stole i p\u0159i pr\u00e1ci). V takovou chv\u00edli se za\u010dne op\u00edrat o hranu nasazen\u00e9ho tabletu a jedna z pogumovan\u00fdch \u010d\u00e1st\u00ed spodn\u00ed strany stojanu se dostane do vzduchu. Je jasn\u00e9, \u017ee t\u00edm se sn\u00ed\u017e\u00ed stabiliza\u010dn\u00ed \u00fa\u010dinek, proto\u017ee samotn\u00e1 hrana tabletu nijak proti klouz\u00e1n\u00ed opat\u0159ena nen\u00ed. V tomto p\u0159\u00edpad\u011b je jedin\u00fdm \u0159e\u0161en\u00edm posunout tablet a\u017e na hranu stolu, kdy jeho okraj p\u0159esahuje, stojan se vr\u00e1t\u00ed na desku stolu a tablet je o hranu stolu zap\u0159en\u00fd. V t\u00e9to poloze jsem na Cintiqu 13HD pracoval n\u011bkolik hodin a bylo to bez probl\u00e9m\u016f, tablet se ani nehne.<\/p>\n<hr style=\"width: 500px;\" width=\"500\" \/>\n<table style=\"width: 207px; height: 148px;\" border=\"0\" cellspacing=\"0\" cellpadding=\"0\" align=\"center\">\n<tbody>\n<tr>\n<td><a href=\"http:\/\/www.darkart.cz\/wp-content\/2013\/11\/web-3943.jpg\" rel=\"lightbox[pics1200]\"><img loading=\"lazy\" class=\"alignleft size-thumbnail wp-image-1236\" alt=\"web-3943\" src=\"http:\/\/www.darkart.cz\/wp-content\/2013\/11\/web-3943-200x133.jpg\" width=\"200\" height=\"133\" srcset=\"https:\/\/darkart.cz\/wp-content\/2013\/11\/web-3943-200x133.jpg 200w, https:\/\/darkart.cz\/wp-content\/2013\/11\/web-3943-500x333.jpg 500w, https:\/\/darkart.cz\/wp-content\/2013\/11\/web-3943.jpg 1024w\" sizes=\"(max-width: 200px) 100vw, 200px\" \/><\/a><\/td>\n<td><a href=\"http:\/\/www.darkart.cz\/wp-content\/2013\/11\/web-3937.jpg\" rel=\"lightbox[pics1200]\"><img loading=\"lazy\" class=\"alignleft size-thumbnail wp-image-1235\" alt=\"web-3937\" src=\"http:\/\/www.darkart.cz\/wp-content\/2013\/11\/web-3937-200x133.jpg\" width=\"200\" height=\"133\" srcset=\"https:\/\/darkart.cz\/wp-content\/2013\/11\/web-3937-200x133.jpg 200w, https:\/\/darkart.cz\/wp-content\/2013\/11\/web-3937-500x333.jpg 500w, https:\/\/darkart.cz\/wp-content\/2013\/11\/web-3937.jpg 1024w\" sizes=\"(max-width: 200px) 100vw, 200px\" \/><\/a><\/td>\n<\/tr>\n<tr>\n<td><a href=\"http:\/\/www.darkart.cz\/wp-content\/2013\/11\/web-3934.jpg\" rel=\"lightbox[pics1200]\"><img loading=\"lazy\" class=\"alignleft size-thumbnail wp-image-1234\" alt=\"web-3934\" src=\"http:\/\/www.darkart.cz\/wp-content\/2013\/11\/web-3934-200x133.jpg\" width=\"200\" height=\"133\" srcset=\"https:\/\/darkart.cz\/wp-content\/2013\/11\/web-3934-200x133.jpg 200w, https:\/\/darkart.cz\/wp-content\/2013\/11\/web-3934-500x333.jpg 500w, https:\/\/darkart.cz\/wp-content\/2013\/11\/web-3934.jpg 1024w\" sizes=\"(max-width: 200px) 100vw, 200px\" \/><\/a><\/td>\n<td><\/td>\n<\/tr>\n<\/tbody>\n<\/table>\n<hr style=\"width: 500px;\" width=\"500\" \/>\n<p style=\"text-align: justify;\">Naopak ergonomick\u00fdm probl\u00e9mem m\u016f\u017ee b\u00fdt kabel\u00e1\u017e. D\u00edky sv\u00e9 robustnosti a kr\u00e1tkosti nen\u00ed kreslen\u00ed na tabletu bez stojanu moc p\u0159\u00edjemn\u00e9, siln\u00fd kabel se st\u00e1le plete. Je to zvl\u00e1\u0161\u0165 citeln\u00e9, pokud si \u010dlov\u011bk zvyknul t\u0159eba na pr\u00e1ci s iPadem nebo tablety s Androidem, kter\u00e9 samoz\u0159ejm\u011b nic takov\u00e9ho nemaj\u00ed. Pokud ale Cintiq 13HD nebudete pou\u017e\u00edvat v ruce, ale jen na stojanu, a pokud m\u00e1te pro tr\u010d\u00edc\u00ed kabel dost m\u00edsta, nem\u011bla by to pro v\u00e1s b\u00fdt v\u00fdrazn\u011bj\u0161\u00ed komplikace.<\/p>\n<h3 style=\"text-align: justify;\">Kabely a p\u0159ipojen\u00ed<\/h3>\n<p style=\"text-align: justify;\"><a href=\"http:\/\/www.darkart.cz\/wp-content\/2013\/11\/web-3966.jpg\" rel=\"lightbox[pics1200]\"><img loading=\"lazy\" class=\"alignleft size-thumbnail wp-image-1239\" alt=\"web-3966\" src=\"http:\/\/www.darkart.cz\/wp-content\/2013\/11\/web-3966-200x133.jpg\" width=\"200\" height=\"133\" srcset=\"https:\/\/darkart.cz\/wp-content\/2013\/11\/web-3966-200x133.jpg 200w, https:\/\/darkart.cz\/wp-content\/2013\/11\/web-3966-500x333.jpg 500w, https:\/\/darkart.cz\/wp-content\/2013\/11\/web-3966.jpg 1024w\" sizes=\"(max-width: 200px) 100vw, 200px\" \/><\/a>Tablety \u0159ady Cintiq jsou v zapojen\u00ed n\u00e1ro\u010dn\u011bj\u0161\u00ed, ne\u017e jejich kolegov\u00e9 z \u0159ady Intuos. Je nutn\u00e9 je propojit s po\u010d\u00edta\u010dem nejenom kv\u016fli komunikaci, ale tak\u00e9 pro p\u0159enos videosign\u00e1lu z grafick\u00e9 karty do displeje tabletu. USB samoz\u0159ejm\u011b nezvl\u00e1dne Cintiq nap\u00e1jet a proto je pot\u0159eba p\u0159ipojit i zdroj. Wacom vytvo\u0159il u Cintiqu 13HD multikabel, kter\u00fd s\u00e1m naz\u00fdv\u00e1 3-in-1. D\u00edky tomu m\u00e1 tablet pouze jeden p\u0159ipojovac\u00ed konektor. Ten druh\u00fd, kter\u00fd na t\u011ble tabletu najdete, je pouze USB hub nap\u0159. pro p\u0159ipojen\u00ed my\u0161i nebo flash pam\u011bti. Multikabel v sob\u011b obsahuje trojici zapojen\u00ed \u2013 USB pro komunikaci s po\u010d\u00edta\u010dem, HDMI pro p\u0159ipojen\u00ed ke grafick\u00e9 kart\u011b a nakonec konektor, ke kter\u00e9mu se p\u0159ipojuje je\u0161t\u011b adapt\u00e9r nap\u00e1jen\u00ed. Tato trojice je voln\u011b na t\u0159ech kabelech, kter\u00e9 se v jednom m\u00edst\u011b spojuj\u00ed do jednoho p\u011bkn\u011b tlust\u00e9ho a ne p\u0159\u00edli\u0161 ohebn\u00e9ho kabelu, na jeho\u017e konci je speci\u00e1ln\u00ed konektor, kter\u00fd se zasouv\u00e1 do tabletu. Nap\u00e1jec\u00ed zdroj je mal\u00fd a lze mu vym\u011bnit vidlice podle aktu\u00e1ln\u00ed elektrick\u00e9 s\u00edt\u011b. Na v\u00fdstupu je opat\u0159en\u00fd zm\u00edn\u011bn\u00fdm konektorem, kter\u00fd jej propojuje s multikabelem.<\/p>\n<p style=\"text-align: justify;\">\u0158e\u0161en\u00ed je to na prvn\u00ed pohled elegantn\u00ed a praktick\u00e9, ale p\u0159eci jen m\u00e1 sv\u00e9 nedostatky. Multikabel je opravdu kr\u00e1tk\u00fd, p\u0159i zapojen\u00ed u v\u011bt\u0161\u00edho stolu (co\u017e grafici obvykle m\u00edvaj\u00ed) hroz\u00ed, \u017ee nedos\u00e1hne k po\u010d\u00edta\u010di. Samoz\u0159ejm\u011b, jak USB tak HDMI lze nastavit prodlu\u017eova\u010dkami, ale u\u017e je to v\u011bc, kterou mus\u00edte \u0159e\u0161it. Samotn\u00e9 nap\u00e1jen\u00ed je d\u00edky p\u0159ipojiteln\u00e9mu zdroji s vlastn\u00ed d\u00e9lkou kabelu bez probl\u00e9m\u016f. Druh\u00fdm nedostatkem multikabelu je jeho robustnost. Opravdu svou s\u00edlou p\u0159ipom\u00edn\u00e1 hou\u017eevnat\u00fd kabel, kter\u00fdm propojujete PC se z\u00e1suvkou. Naproti tomu konektor je ploch\u00fd a subtiln\u00ed a nem\u00e1 \u017e\u00e1dn\u00e9 upev\u0148ovac\u00ed prvky, tak\u017ee p\u016fsob\u00ed dojmem, \u017ee se mus\u00ed ka\u017edou chv\u00edli vlivem p\u016fsoben\u00ed tlust\u00e9ho kabelu vylomit. Nedok\u00e1\u017eu odhadnout, jakou \u017eivotnost takov\u00e9 zapojen\u00ed m\u00e1 \u2013 kabel d\u00edky tuhost\u00ed celkem tr\u010d\u00ed do prostoru a necht\u011bn\u00e9 zavad\u011bn\u00ed o n\u011bj tak nemus\u00ed b\u00fdt jen teoretick\u00e9. S t\u00edm souvis\u00ed i mo\u017enost pou\u017e\u00edvat tablet jako \u201eskic\u00e1k\u201c, tedy bez stojanu, prost\u011b v ruce, op\u0159en\u00fd o kolena a podobn\u011b. Tlust\u00fd a siln\u00fd kabel v\u00e1m tohle znep\u0159\u00edjemn\u00ed nebo dokonce znemo\u017en\u00ed. N\u011bkte\u0159\u00ed lid\u00e9 v recenz\u00edch a na f\u00f3rech volali po bezdr\u00e1tov\u00e9m \u0159e\u0161en\u00ed p\u0159enosu dat, ale to by bylo mo\u017en\u00e9 v p\u0159\u00edpad\u011b USB, p\u0159enos FullHD videosign\u00e1lu bezdr\u00e1tov\u011b by byl podstatn\u011b n\u00e1ro\u010dn\u011bj\u0161\u00ed, jestli v\u016fbec mo\u017en\u00fd.<\/p>\n<p style=\"text-align: justify;\">Kabel\u00e1\u017e tedy do ur\u010dit\u00e9 m\u00edry zmen\u0161uje mo\u017enosti voln\u00e9ho pou\u017eit\u00ed tabletu bez stojanu. V opa\u010dn\u00e9m p\u0159\u00edpad\u011b, kdy pracujete s tabletem na stojanu, se tyto nev\u00fdhody vcelku vytr\u00e1cej\u00ed, snad krom\u011b opatrnosti nad tr\u010d\u00edc\u00edm multikabelem.<\/p>\n<h3 style=\"text-align: justify;\">Displej a kresl\u00edc\u00ed plocha<\/h3>\n<p style=\"text-align: justify;\"><a href=\"http:\/\/www.darkart.cz\/wp-content\/2013\/11\/web-3992.jpg\" rel=\"lightbox[pics1200]\"><img loading=\"lazy\" class=\"alignleft size-thumbnail wp-image-1241\" alt=\"web-3992\" src=\"http:\/\/www.darkart.cz\/wp-content\/2013\/11\/web-3992-200x133.jpg\" width=\"200\" height=\"133\" srcset=\"https:\/\/darkart.cz\/wp-content\/2013\/11\/web-3992-200x133.jpg 200w, https:\/\/darkart.cz\/wp-content\/2013\/11\/web-3992-500x333.jpg 500w, https:\/\/darkart.cz\/wp-content\/2013\/11\/web-3992.jpg 1024w\" sizes=\"(max-width: 200px) 100vw, 200px\" \/><\/a>Zobrazovac\u00ed panel, pou\u017eit\u00fd u modelu Cintiq 13HD je podle v\u00fdrobce a-Si Active Matrix TFT LCD (IPS) s rozli\u0161en\u00edm 1920 x 1080 (FullHD, 16:9) p\u0159i \u00fahlop\u0159\u00ed\u010dce 13,3\u201c a se schopnost\u00ed zobrazit 16,7 milion\u016f barev. Kontrastn\u00ed pom\u011br je potom 700:1 a jas 250cd\/m2. Displej pokr\u00fdv\u00e1 solidn\u00ed zorn\u00e9 \u00fahly, ale subjektivn\u011b mi p\u0159i\u0161lo, \u017ee se kontrast p\u0159eci jen ztr\u00e1c\u00ed rychleji. Panel by m\u011bl pokr\u00fdt 75% Adobe RGB, tak\u017ee \u017e\u00e1dn\u00fd widegamut. Podle po\u010dtu zobrazen\u00fdch barev je jasn\u00e9, \u017ee m\u016f\u017eeme zapomenout na 10bitov\u00e9 zobrazen\u00ed, konec konc\u016f multikabel m\u00e1 jen HDMI a nikoliv DisplayPort. Panel tabletu tak nejsp\u00ed\u0161 nebude spl\u0148ovat n\u00e1roky na v\u011brnou reprodukci barev, o referen\u010dn\u00edm ani nemluv\u011b. Ale ruku na srdce, u za\u0159\u00edzen\u00ed tohoto typu bych to ani neo\u010dek\u00e1val, nav\u00edc cena by se posunula zcela jist\u011b sm\u011brem, kter\u00fd by v\u011bt\u0161ina z\u00e1jemc\u016f o tento hardware neuv\u00edtala.<\/p>\n<p style=\"text-align: justify;\">Pocit ze zobrazen\u00ed displeje je ale velmi dobr\u00fd, hlavn\u011b d\u00edky tomu, \u017ee vysok\u00e9 rozli\u0161en\u00ed je natla\u010den\u00e9 na plochu o \u00fahlop\u0159\u00ed\u010dce cca 13\u201c. Jednotliv\u00e9 pixely tak skoro nelze vid\u011bt, o m\u0159\u00ed\u017ece mezi nimi ani nemluv\u011b. To je velk\u00fd rozd\u00edl oproti zobrazen\u00ed u v\u011bt\u0161\u00edch model\u016f Cintiq, kreslen\u00ed je pocitov\u011b hlad\u0161\u00ed a p\u0159esn\u011bj\u0161\u00ed. Kalibrace displeje prob\u00edh\u00e1 stejn\u011b jako u v\u0161ech model\u016f Cintiq \u2013 v roz\u00edch se objev\u00ed k\u0159\u00ed\u017ee, a va\u0161\u00edm \u00fakolem je co nejp\u0159esn\u011bji na n\u011b kliknout perem. Po t\u00e9to kalibraci je displej nastaven a v jej\u00edm r\u00e1mci dr\u017e\u00ed p\u0159esnost kurzoru opravdu dob\u0159e. Samoz\u0159ejm\u011b, u okraj\u016f displeje p\u0159esnost kles\u00e1, ale m\u00e9n\u011b v\u00fdrazn\u011b, ne\u017e u v\u011bt\u0161\u00edch Cintiq\u016f.<\/p>\n<p style=\"text-align: justify;\">K nastavov\u00e1n\u00ed vlastnost\u00ed displeje nem\u00e1te \u017e\u00e1dn\u00e9 hardwarov\u00e9 prvky, v\u0161e prob\u00edh\u00e1 pouze na \u00farovni ovl\u00e1dac\u00ed aplikace Wacom Display Settings, kter\u00e1 se nainstaluje spolu s ovlada\u010di. Nedok\u00e1\u017eu \u0159\u00edct, jestli aplikace komunikuje p\u0159\u00edmo s displejem v tabletu, nebo jestli prov\u00e1d\u00ed nastaven\u00ed na grafick\u00e9 kart\u011b, ale \u0159ekl bych, \u017ee sp\u00ed\u0161e to druh\u00e9, d\u00edky vzniku o\u0161kliv\u00fdch p\u0159epal\u016f p\u0159i \u00faprav\u011b kontrastu, co\u017e se objevuje sp\u00ed\u0161e v p\u0159\u00edpad\u011b lad\u011bn\u00ed na kart\u011b. Nastavovat m\u016f\u017eete p\u00e1r obvykl\u00fdch parametr\u016f \u2013 jas, kontrast, teplotu b\u00edl\u00e9 a pak jednotliv\u00e9 barevn\u00e9 slo\u017eky RGB. Roz\u0161\u00ed\u0159en\u00e9 nastaven\u00ed pak umo\u017e\u0148uje jen m\u00edrn\u00e9 dolad\u011bn\u00ed zobrazen\u00ed vzhledem k pom\u011br\u016fm stran. Cintiq podporuje \u0161et\u0159\u00edc\u00ed re\u017eimy, kdy se usp\u00ed a odeb\u00edr\u00e1 m\u00e9n\u011b ne\u017e 1W.<\/p>\n<p style=\"text-align: justify;\">Zobrazovac\u00ed panel je kryt\u00fd sklem, kter\u00e9 slou\u017e\u00ed z\u00e1rove\u0148 jako kresl\u00edc\u00ed plocha. Z v\u00fdroby je matn\u00e9, aby br\u00e1nilo odlesk\u016fm, ale jak jsem ji\u017e psal, zde p\u016fsobilo m\u00edrn\u011b lesklej\u0161\u00ed, ne\u017e u koleg\u016f z \u0159ady. P\u0159\u00edjemn\u00fdm zji\u0161t\u011bn\u00edm byl fakt, \u017ee bu\u010f samotn\u00e9 sklo, nebo jeho distance od zobrazova\u010de je znateln\u011b men\u0161\u00ed, ne\u017e v p\u0159\u00edpad\u011b dal\u0161\u00edch Cintiq\u016f, tak\u017ee jste p\u0159i kreslen\u00ed hrotem bl\u00ed\u017ee \u201epl\u00e1tnu\u201c, co\u017e p\u0159isp\u00edv\u00e1 jednozna\u010dn\u011b k v\u011bt\u0161\u00ed p\u0159esnosti. Op\u011bt je pot\u0159eba se o kryc\u00ed sklo starat, to znamen\u00e1 d\u00e1vat si pozor na po\u0161kr\u00e1b\u00e1n\u00ed (hodinky, n\u00e1ramky a prsteny), stejn\u011b tak je pot\u0159eba po\u010d\u00edtat s t\u00edm, \u017ee sklo se po n\u011bjak\u00e9 dob\u011b u\u0161pin\u00ed otisky prst\u016f a mastnotou. S t\u00edm lze snadno zato\u010dit d\u00edky zmi\u0148ovan\u00e9 mikrovl\u00e1knov\u00e9 ut\u011brce, kter\u00e1 je velmi efektivn\u00ed a nebo pou\u017e\u00edv\u00e1n\u00edm rukavi\u010dky (nap\u0159. SmudgeGuard), kter\u00e1 i zlep\u0161uje klouz\u00e1n\u00ed hrany ruky po plo\u0161e tabletu.<\/p>\n<h3 style=\"text-align: justify;\">Pero<\/h3>\n<p style=\"text-align: justify;\"><a href=\"http:\/\/www.darkart.cz\/wp-content\/2013\/11\/web-3851.jpg\" rel=\"lightbox[pics1200]\"><img loading=\"lazy\" class=\"alignleft size-thumbnail wp-image-1212\" alt=\"web-3851\" src=\"http:\/\/www.darkart.cz\/wp-content\/2013\/11\/web-3851-200x133.jpg\" width=\"200\" height=\"133\" srcset=\"https:\/\/darkart.cz\/wp-content\/2013\/11\/web-3851-200x133.jpg 200w, https:\/\/darkart.cz\/wp-content\/2013\/11\/web-3851-500x333.jpg 500w, https:\/\/darkart.cz\/wp-content\/2013\/11\/web-3851.jpg 1024w\" sizes=\"(max-width: 200px) 100vw, 200px\" \/><\/a>Ned\u00edlnou sou\u010d\u00e1st\u00ed tabletu je pero, kter\u00fdm se po n\u011bm kresl\u00ed. To, kter\u00e9 je p\u0159ilo\u017eeno k Cintiqu 13HD se nyn\u00ed jmenuje Pro Pen a je v podstat\u011b stejn\u00e9, jako pera, kter\u00e1 jsou t\u0159eba u Intuosu. Na jedn\u00e9 stran\u011b v\u00fdm\u011bnn\u00e9 hroty, na druh\u00e9 pak digit\u00e1ln\u00ed guma. Na t\u011ble pera pak dvojtla\u010d\u00edtko pro r\u016fzn\u00e9 funkce. P\u0159eci jen i sem zas\u00e1hla ur\u010dit\u00e1 inovace a pero je tro\u0161ku krat\u0161\u00ed, barevn\u011b rozd\u011blen\u00e9 na matnou \u010dernou gumu a st\u0159\u00edbrnou n\u00e1sadku. Dvojtla\u010d\u00edtko je potom lemov\u00e1no kovovou obrou\u010dkou, co\u017e vypad\u00e1 velmi dob\u0159e. Pero m\u016f\u017eete vybavit tradi\u010dn\u011b tak\u00e9 jedn\u00edm z dod\u00e1van\u00fdch barevn\u00fdch krou\u017ek\u016f pro odli\u0161en\u00ed. Ergonomie je jako v\u017edy dobr\u00e1, pero se dob\u0159e dr\u017e\u00ed, d\u00edky krat\u0161\u00ed n\u00e1sadce je i oto\u010den\u00ed pro gumu na jeho konci snaz\u0161\u00ed a guma m\u00e1 trochu siln\u011bj\u0161\u00ed odpru\u017een\u00ed, tak\u017ee m\u00e1 pocitov\u011b lep\u0161\u00ed zp\u011btnou vazbu p\u0159i gumov\u00e1n\u00ed.<\/p>\n<p style=\"text-align: justify;\"><a href=\"http:\/\/www.darkart.cz\/wp-content\/2013\/11\/web-3861.jpg\" rel=\"lightbox[pics1200]\"><img loading=\"lazy\" class=\"alignleft size-thumbnail wp-image-1213\" alt=\"web-3861\" src=\"http:\/\/www.darkart.cz\/wp-content\/2013\/11\/web-3861-200x133.jpg\" width=\"200\" height=\"133\" srcset=\"https:\/\/darkart.cz\/wp-content\/2013\/11\/web-3861-200x133.jpg 200w, https:\/\/darkart.cz\/wp-content\/2013\/11\/web-3861-500x333.jpg 500w, https:\/\/darkart.cz\/wp-content\/2013\/11\/web-3861.jpg 1024w\" sizes=\"(max-width: 200px) 100vw, 200px\" \/><\/a>Pero je nov\u011b dod\u00e1v\u00e1no v par\u00e1dn\u00edm pouzdru, kter\u00e9 p\u016fsob\u00ed velmi pevn\u00fdm dojmem a jasn\u011b \u0159\u00edk\u00e1, \u017ee tento Cintiq je ur\u010den\u00fd k p\u0159en\u00e1\u0161en\u00ed. P\u0159\u00edslu\u0161enstv\u00ed se tak nesm\u00ed nic st\u00e1t a je p\u0159ehledn\u011b ulo\u017eeno pod\u00e9l pera a p\u0159ipraveno k pou\u017eit\u00ed. Nechyb\u00ed zm\u00edn\u011bn\u00e9 barevn\u00e9 krou\u017eky, kruhov\u00e1 pinzeta na vynd\u00e1v\u00e1n\u00ed hrot\u016f a samoz\u0159ejm\u011b hroty samotn\u00e9 \u2013 p\u011btice z\u00e1kladn\u00edch \u010dern\u00fdch hrot\u016f (plus ten, co je v peru), trojice hrub\u0161\u00edch b\u00edl\u00fdch hrot\u016f napodobuj\u00edc\u00edch pocit kreslen\u00ed s fixou a nakonec hrot s odpru\u017een\u00edm. Nechyb\u00ed samoz\u0159ejm\u011b ani klasick\u00fd stoj\u00e1nek, kter\u00fd lze op\u011bt roz\u0161roubovat a p\u0159\u00edpadn\u011b si vybaven\u00ed zastrkat do n\u011bj. Technicky pero pracuje s 2048 stupni p\u0159\u00edtlaku, aktivn\u00ed je v \u00fahlu do 40\u00b0 k podlo\u017ece tabletu, kdy tento \u00fahel n\u00e1klonu (obsahuje zhruba 60 \u00farovn\u00ed) lze pou\u017e\u00edt k ovl\u00e1d\u00e1n\u00ed n\u011bkter\u00fdch funkc\u00ed v grafick\u00fdch programech.<\/p>\n<h3 style=\"text-align: justify;\">Praxe<\/h3>\n<p style=\"text-align: justify;\">Vybalen\u00ed, sestaven\u00ed a zapojen\u00ed tabletu nen\u00ed nic slo\u017eit\u00e9ho a zvl\u00e1dne jej ka\u017ed\u00fd. P\u0159i osazen\u00ed do stojanu je pot\u0159eba v\u011bt\u0161\u00ed s\u00edla, aby z\u00e1padka chlopn\u011b dob\u0159e zapadla. Stojan tak\u00e9 neumo\u017e\u0148uje tablet pou\u017e\u00edvat na v\u00fd\u0161ku. Je t\u0159eba po\u010d\u00edtat s nepoddajn\u00fdm a kr\u00e1tk\u00fdm kabelem. Instalace je snadn\u00e1, ale n\u011bjakou chv\u00edli jsem bojoval s v\u00edcemonitorov\u00fdm nastaven\u00edm, proto\u017ee pou\u017e\u00edv\u00e1m dva panely a Cintiq byl t\u0159et\u00edm. Z n\u011bjak\u00e9ho d\u016fvodu se v ovlada\u010d\u00edch grafick\u00e9 karty zm\u011bnilo nastaven\u00ed pro zoom pracovn\u00ed plochy, tak\u017ee obraz na tabletu st\u00e1le nebyl p\u0159es celou obrazovku. Po vynulov\u00e1n\u00ed t\u00e9to hodnoty se v\u0161e uvedlo do po\u0159\u00e1dku. P\u0159i pr\u00e1ci jsem nezaznamenal, \u017ee by se tablet na n\u011bkter\u00e9m m\u00edst\u011b zah\u0159\u00edval, displej je podsv\u00edcen\u00fd LED diodami a na \u017e\u00e1dn\u00e9 chlad\u00edc\u00ed prvky nenaraz\u00edte. To hlavn\u00ed, co v\u00e1s zaujme, je displej, kter\u00fd je opravdu velmi jemn\u00fd a tahy \u0161t\u011btci v grafick\u00e9m programu vypadaj\u00ed opravdu kr\u00e1sn\u011b. Vysok\u00e9 rozli\u0161en\u00ed na tak mal\u00e9 plo\u0161e p\u0159in\u00e1\u0161\u00ed samoz\u0159ejm\u011b probl\u00e9m v \u010ditelnosti. A mus\u00edm potvrdit, \u017ee tohle je u\u017e na hran\u011b, zvl\u00e1\u0161t\u011b pokud pou\u017e\u00edv\u00e1te programy s komplikovan\u00fdm rozhran\u00edm. \u010clov\u011bk je o\u010dima p\u0159i pr\u00e1ci sice jen n\u011bkolik des\u00edtek centimetr\u016f od tabletu, ale n\u011bkter\u00e9 prvky jsou u\u017e opravdu mal\u00e9, i kdy\u017e st\u00e1le \u010diteln\u00e9. Pro osoby se slab\u0161\u00edm zrakem by toto mohl b\u00fdt probl\u00e9m. Programy, kter\u00e9 maj\u00ed jednodu\u0161\u0161\u00ed workspace (ArtRage, SketchBook) jsou na tom s p\u0159ehlednost\u00ed mnohem l\u00e9pe.<\/p>\n<p style=\"text-align: justify;\">Osobn\u011b jsem pracoval v Photoshopu s vlastn\u00edmi paletami n\u00e1stroj\u016f a po chv\u00edli zvyk\u00e1n\u00ed si nebyla drobounk\u00e1 grafika probl\u00e9m. Pocit z kreslen\u00ed je jednozna\u010dn\u011b dobr\u00fd \u2013 je to dan\u00e9 jemnost\u00ed rozli\u0161en\u00ed, kter\u00e9 podporuje p\u0159esnost a tak\u00e9 kryc\u00edm sklem, kter\u00e9 je ten\u010d\u00ed a hrot pera m\u00e1 tak bl\u00ed\u017ee k \u201epl\u00e1tnu\u201c. D\u00edky tomu, \u017ee rukou lze obs\u00e1hnout celou plochu, je vyb\u00edr\u00e1n\u00ed z palet a ovl\u00e1d\u00e1n\u00ed prvk\u016f grafick\u00e9ho programu snadn\u00e9 i samotn\u00fdm perem. Nar\u00e1\u017e\u00edm t\u00edm na absenci dotykov\u00e9 vrstvy (i kdy\u017e je klidn\u011b mo\u017en\u00e9, \u017ee ji Wacom v dal\u0161\u00edch verz\u00edch tohoto tabletu p\u0159id\u00e1), kter\u00e1 podle m\u00e9ho n\u00e1zoru v\u016fbec nechyb\u00ed. Pro jemnou grafiku je lep\u0161\u00ed p\u0159esn\u00fd hrot pera, nikoliv prst. Co by mohlo b\u00fdt ovl\u00e1dan\u00e9 prsty je zoom nebo ot\u00e1\u010den\u00ed pl\u00e1tna. Rotovat pl\u00e1tno nejde ani \u017e\u00e1dn\u00fdm ovl\u00e1dac\u00edm prvkem na t\u011ble tabletu, tak\u017ee je nutn\u00e9 se spolehnout na konkr\u00e9tn\u00ed aplikaci a jej\u00ed p\u0159\u00edstup k t\u00e9to akci. Ale i tak se bez matl\u00e1n\u00ed prsty po tabletu v klidu obejdete.<\/p>\n<p style=\"text-align: justify;\">Pr\u00e1ci mi trochu znep\u0159\u00edjem\u0148ovaly odlesky v kryc\u00edm skle, kde se odr\u00e1\u017e\u00ed p\u0159edev\u0161\u00edm obli\u010dej, co\u017e se zlep\u0161ilo ve\u010der a v noci. Jas displeje je dostate\u010dn\u00fd a subjektivn\u011b byla dobr\u00e1 i homogenita podsv\u00edcen\u00ed, nakolik ji m\u016f\u017ee \u010dlov\u011bk primitivn\u00edmi testy ov\u011b\u0159it.<\/p>\n<p style=\"text-align: justify;\">Mus\u00edm se zm\u00ednit i (pro mne) nejv\u011bt\u0161\u00edm probl\u00e9mem tablet\u016f Cintiq \u2013 o cursor lagu. Nazval jsem tak ur\u010dit\u00e9 zpo\u017ed\u011bn\u00ed kurzoru oproti pozici pera, kter\u00fdm kresl\u00edte. Nejv\u00edc je to c\u00edtit p\u0159i rychl\u00e9, dynamick\u00e9 kresb\u011b, jakou pou\u017e\u00edvaj\u00ed t\u0159eba ilustr\u00e1to\u0159i comics\u016f a podobn\u011b. Rychl\u00fd a v\u00fdrazn\u00fd tah perem m\u00e1 za n\u00e1sledek, \u017ee kurzor z\u00edsk\u00e1 ur\u010dit\u00e9 zpo\u017ed\u011bn\u00ed a jakoby za hrotem doj\u00ed\u017ed\u00ed. Nejl\u00e9pe je to patrn\u00e9 z videa, ale jist\u00e9 je, \u017ee tato vlastnost zp\u016fsobuje pocit gumovosti p\u0159i kreslen\u00ed, co\u017e m\u016f\u017ee b\u00fdt pro n\u011bkter\u00e9 lidi velmi omezuj\u00edc\u00ed. U\u017e u Cintiqu 24HD jsem spekuloval o tom, \u017ee m\u016f\u017ee j\u00edt o parametr Report rate, kter\u00fd je vy\u0161\u0161\u00ed u Intuosu (ten \u017e\u00e1dn\u00e9 viditeln\u00e9 zpo\u017ed\u011bn\u00ed kurzoru oproti pohybu perem nem\u00e1), ne\u017e u Cintiqu. Tento model m\u00e1 stejn\u00fd Report rate jako jeho kolegov\u00e9 a proto i u n\u011bj se zcela jasn\u011b cursor lag objevuje. Lag sni\u017euje p\u0159esnost a p\u0159irozenost p\u0159edev\u0161\u00edm p\u0159i rychl\u00e9 kresb\u011b, tam, kde nejsou rychl\u00e1 gesta nen\u00ed tak zn\u00e1t. U Cintiqu 13HD mne velmi p\u0159ekvapilo, \u017ee i kdy\u017e m\u00e1 cursor lag stejn\u00fd, jako ostatn\u00ed Cintiqy, nebyl pro mne zdaleka tak obt\u011b\u017euj\u00edc\u00ed. Mysl\u00edm, \u017ee za to m\u016f\u017ee rozli\u0161en\u00ed a form\u00e1t tabletu, kdy \u010dlov\u011bk d\u011bl\u00e1 sp\u00ed\u0161e krat\u0161\u00ed tahy a doj\u00ed\u017ed\u011bn\u00ed kurzoru tolik nevn\u00edm\u00e1.<\/p>\n<hr style=\"width: 500px;\" width=\"500\" \/>\n<div class=\"youtube\" style=\"width: 500; height: 300;\"><object width=\"500\" height=\"300\" classid=\"clsid:d27cdb6e-ae6d-11cf-96b8-444553540000\" codebase=\"http:\/\/download.macromedia.com\/pub\/shockwave\/cabs\/flash\/swflash.cab#version=6,0,40,0\"><param name=\"wmode\" value=\"transparent\" \/><param name=\"src\" value=\"http:\/\/www.youtube.com\/v\/KoYjEQArnqw?autoplay=0\" \/><embed width=\"500\" height=\"300\" type=\"application\/x-shockwave-flash\" src=\"http:\/\/www.youtube.com\/v\/KoYjEQArnqw?autoplay=0\" wmode=\"transparent\" \/><\/object><\/div>\n<p style=\"text-align: justify;\"><a href=\"http:\/\/www.darkart.cz\/wp-content\/2013\/11\/web-3981.jpg\" rel=\"lightbox[pics1200]\"><img loading=\"lazy\" class=\"alignleft size-thumbnail wp-image-1240\" alt=\"web-3981\" src=\"http:\/\/www.darkart.cz\/wp-content\/2013\/11\/web-3981-200x133.jpg\" width=\"200\" height=\"133\" srcset=\"https:\/\/darkart.cz\/wp-content\/2013\/11\/web-3981-200x133.jpg 200w, https:\/\/darkart.cz\/wp-content\/2013\/11\/web-3981-500x333.jpg 500w, https:\/\/darkart.cz\/wp-content\/2013\/11\/web-3981.jpg 1024w\" sizes=\"(max-width: 200px) 100vw, 200px\" \/><\/a><\/p>\n<p style=\"text-align: justify;\">Po p\u00e1r des\u00edtk\u00e1ch minut mi tyto vlastnosti Cintiq 13HD dokonale p\u0159ibl\u00ed\u017eily a nemohl jsem se od n\u011bj odtrhnout. P\u016fsob\u00ed zkr\u00e1tka jinak, ne\u017e jeho v\u011bt\u0161\u00ed kolegov\u00e9. V\u00fdborn\u011b se na n\u011bm skicuje, jemn\u00fd displej vyu\u017e\u00edv\u00e1 potenci\u00e1l r\u016fzn\u00fdch \u0161t\u011btc\u016f naplno a skici maj\u00ed a\u017e fotografick\u00fd vzhled. P\u0159edev\u0161\u00edm thumbnail sketching (mal\u00e9, palcov\u00e9 skici sc\u00e9n) je opravdu radost. Snadn\u00e9 a p\u0159esn\u00e9 ovl\u00e1d\u00e1n\u00ed perem je rychl\u00e9 a kolikr\u00e1t se \u010dlov\u011bk p\u0159istihne, \u017ee p\u0159est\u00e1v\u00e1 pou\u017e\u00edvat n\u011bkter\u00e9 kl\u00e1vesov\u00e9 zkratky. Ten, kdo r\u00e1d kresl\u00ed thumbnaily do Moleskine, lav\u00edruje je vodov\u00fdmi barvami a obtahuje perem, bude nad\u0161en \u2013 zat\u00edm \u017e\u00e1dn\u00fd digit\u00e1ln\u00ed n\u00e1stroj nep\u0159inesl takovou jemnost a p\u0159esnost v zobrazen\u00ed. Plocha, i kdy\u017e je zd\u00e1nliv\u011b mal\u00e1, je dostate\u010dn\u00e1 pro mnoho r\u016fzn\u00fdch postup\u016f a jsem si jist\u00fd, \u017ee pro \u0159adu autor\u016f to nebude \u017e\u00e1dn\u00fd handycap.<\/p>\n<p style=\"text-align: justify;\">Ur\u010dit\u00fdm m\u00ednusem se staly ovlada\u010de, nebo alespo\u0148 jejich sou\u017eit\u00ed s Photoshopem \u2013 pr\u00e1ci prov\u00e1zel zn\u00e1m\u00fd bug, kdy v\u00e1m p\u0159i kreslen\u00ed zhruba ka\u017ed\u00e1 des\u00e1t\u00e1 \u010d\u00e1ra vyjde zcela zbaven\u00e1 p\u0159\u00edtlaku, co\u017e m\u016f\u017ee n\u011bkoho za\u010d\u00edt p\u011bkn\u011b \u0161tv\u00e1t. Jde ale s nejv\u011bt\u0161\u00ed pravd\u011bpodobnost\u00ed o softwarovou chybu a tu je mo\u017en\u00e9 opravit novou verz\u00ed ovlada\u010d\u016f.<\/p>\n<p style=\"text-align: justify;\"><a href=\"http:\/\/www.darkart.cz\/wp-content\/2013\/11\/web-3997.jpg\" rel=\"lightbox[pics1200]\"><img loading=\"lazy\" class=\"alignleft size-thumbnail wp-image-1202\" alt=\"web-3997\" src=\"http:\/\/www.darkart.cz\/wp-content\/2013\/11\/web-3997-200x133.jpg\" width=\"200\" height=\"133\" srcset=\"https:\/\/darkart.cz\/wp-content\/2013\/11\/web-3997-200x133.jpg 200w, https:\/\/darkart.cz\/wp-content\/2013\/11\/web-3997-500x333.jpg 500w, https:\/\/darkart.cz\/wp-content\/2013\/11\/web-3997.jpg 1024w\" sizes=\"(max-width: 200px) 100vw, 200px\" \/><\/a>Pr\u00e1ce s Cintiqem 13HD mne opravdu bavila, p\u0159i\u010dem\u017e jsem z\u00edskal trochu pocit, \u017ee je tablet navr\u017een\u00fd k notebooku, aby se dal dob\u0159e p\u0159en\u00e1\u0161et na nejr\u016fzn\u011bj\u0161\u00ed akce a workshopy (mo\u017en\u00e1 o tom sv\u011bd\u010d\u00ed i ten kr\u00e1tk\u00fd multikabel). D\u00edky rozm\u011br\u016fm skute\u010dn\u011b m\u016f\u017eete Cintiq 13HD bez v\u011bt\u0161\u00edch pot\u00ed\u017e\u00ed p\u0159idat do bra\u0161ny k notebooku a u\u017e\u00edvat si mobility. Tablet mne p\u0159\u00edjemn\u011b p\u0159ekvapil a p\u0159i sv\u00e9 cen\u011b, kter\u00e1 je v sou\u010dasnosti kolem 18 tis\u00edc K\u010d bez DPH se jedn\u00e1 o dostupn\u00e9 za\u0159\u00edzen\u00ed s velk\u00fdm potenci\u00e1lem. V\u0161em, kter\u00e9 tento tablet zaujal bych ale vzk\u00e1zal to, co v\u017edycky \u2013 nejd\u0159\u00edv si jej vyzkou\u0161ejte. A pokud budete nad\u0161eni stejn\u011b, jako j\u00e1, tak m\u00e1te jasnou volbu.<\/p>\n<h2>+<\/h2>\n<ul>\n<li>proveden\u00ed a vzhled<\/li>\n<li>kazeta pro pero<\/li>\n<li>vy\u0161\u0161\u00ed p\u0159esnost pr\u00e1ce, ne\u017e u ostatn\u00edch Cintiq\u016f, dan\u00e1 jemnost\u00ed displeje a men\u0161\u00ed distanc\u00ed hrotu pera od \u201epl\u00e1tna\u201c<\/li>\n<li>kompaktn\u00ed rozm\u011bry a mobilita<\/li>\n<li>cursor lag, i kdy\u017e je stejn\u00fd, jako u koleg\u016f, nen\u00ed tak citeln\u00fd<\/li>\n<\/ul>\n<h2>&#8211;<\/h2>\n<ul>\n<li>proveden\u00ed stojanu<\/li>\n<li>problematick\u00fd multikabel, kr\u00e1tk\u00fd a tuh\u00fd, rizikov\u00fd konektor<\/li>\n<li>bug v ovlada\u010d\u00edch<\/li>\n<\/ul>\n<p>&nbsp;<\/p>\n<p>Za zap\u016fj\u010den\u00ed tabletu Wacom Cintiq 13HD d\u011bkuji firm\u011b A|W Graph a serveru Maxarea.com<\/p>\n","protected":false},"excerpt":{"rendered":"<p>Bylo to jasn\u00e9 a dalo se to \u010dekat. Evoluce, kterou pro\u0161el Intuos i Cintiq 21UX a kter\u00e1 p\u0159inesla i nejvy\u0161\u0161\u00ed model Cintiq 24 HD Touch, se st\u00e1le vyh\u00fdbala nejmen\u0161\u00edmu Cintiqu 12WX. P\u0159itom \u0161lo o docela obl\u00edben\u00fd n\u00e1stroj hlavn\u011b u lid\u00ed, kte\u0159\u00ed cht\u011bli m\u00edt grafick\u00fd tablet se zobrazova\u010dem, aby se p\u0159ibl\u00ed\u017eili klasick\u00e9mu kreslen\u00ed a nem\u011bli tolik [&hellip;]<\/p>\n","protected":false},"author":1,"featured_media":0,"comment_status":"open","ping_status":"open","sticky":false,"template":"","format":"standard","meta":{"ngg_post_thumbnail":0},"categories":[64],"tags":[149,81],"_links":{"self":[{"href":"https:\/\/darkart.cz\/index.php?rest_route=\/wp\/v2\/posts\/1200"}],"collection":[{"href":"https:\/\/darkart.cz\/index.php?rest_route=\/wp\/v2\/posts"}],"about":[{"href":"https:\/\/darkart.cz\/index.php?rest_route=\/wp\/v2\/types\/post"}],"author":[{"embeddable":true,"href":"https:\/\/darkart.cz\/index.php?rest_route=\/wp\/v2\/users\/1"}],"replies":[{"embeddable":true,"href":"https:\/\/darkart.cz\/index.php?rest_route=%2Fwp%2Fv2%2Fcomments&post=1200"}],"version-history":[{"count":26,"href":"https:\/\/darkart.cz\/index.php?rest_route=\/wp\/v2\/posts\/1200\/revisions"}],"predecessor-version":[{"id":1265,"href":"https:\/\/darkart.cz\/index.php?rest_route=\/wp\/v2\/posts\/1200\/revisions\/1265"}],"wp:attachment":[{"href":"https:\/\/darkart.cz\/index.php?rest_route=%2Fwp%2Fv2%2Fmedia&parent=1200"}],"wp:term":[{"taxonomy":"category","embeddable":true,"href":"https:\/\/darkart.cz\/index.php?rest_route=%2Fwp%2Fv2%2Fcategories&post=1200"},{"taxonomy":"post_tag","embeddable":true,"href":"https:\/\/darkart.cz\/index.php?rest_route=%2Fwp%2Fv2%2Ftags&post=1200"}],"curies":[{"name":"wp","href":"https:\/\/api.w.org\/{rel}","templated":true}]}}