{"id":177,"date":"2005-08-27T12:52:41","date_gmt":"2005-08-27T10:52:41","guid":{"rendered":"http:\/\/www.darkart.cz\/?p=177"},"modified":"2008-05-02T21:10:34","modified_gmt":"2008-05-02T19:10:34","slug":"narodni-galerie-vs-hr-giger","status":"publish","type":"post","link":"https:\/\/darkart.cz\/?p=177","title":{"rendered":"N\u00e1rodn\u00ed galerie vs. H.R. Giger"},"content":{"rendered":"<p style=\"text-align: justify;\"><a title=\"knizak1\" rel=\"lightbox[pics177]\" href=\"http:\/\/www.darkart.cz\/wp-content\/2008\/05\/knizak1.jpg\"><img loading=\"lazy\" class=\"attachment wp-att-178 alignleft\" style=\"float: left; margin-right: 10px;\" src=\"http:\/\/www.darkart.cz\/wp-content\/2008\/05\/knizak1.thumbnail.jpg\" alt=\"knizak1\" width=\"150\" height=\"200\" \/><\/a>Vzhledem k r\u016fzn\u00fdm spekulac\u00edm kolem <a href=\"http:\/\/www.darkart.cz\/?p=115\">velk\u00e9 retrospektivn\u00ed v\u00fdstavy H.R. Gigera<\/a> v N\u00e1rodn\u00edm technick\u00e9m muzeu v Praze, jsem se rozhodl zeptat se na p\u00e1r v\u011bc\u00ed p\u0159\u00edmo \u0159editele N\u00e1rodn\u00ed galerie (NG) prof. Milana Kn\u00ed\u017e\u00e1ka. Jedna ze spekulac\u00ed se toti\u017e t\u00fdkala pr\u00e1v\u011b t\u00e9to insituce s t\u00edm, \u017ee bojkotovala v\u00fdstavu a neumo\u017enila jej\u00ed reprezentativn\u00ed uspo\u0159\u00e1d\u00e1n\u00ed ve vhodn\u00fdch prostorech, kter\u00fdmi NG disponuje, nebo je m\u00e1 mo\u017enost vyu\u017e\u00edvat. Mnoho lid\u00ed si jist\u011b dok\u00e1\u017ee p\u0159edstavit, jak by v\u00fdstava p\u016fsobila, kdyby nebyla narychlo a s mnoha kompromisy realizov\u00e1na v s\u00e1lech N\u00e1rodn\u00edho technick\u00e9ho muzea, kter\u00e9 sv\u00fdm stavem p\u0159ipom\u00ednaly hrubou novostavbu. Rovn\u011b\u017e i samotn\u00e9 \u0159e\u0161en\u00ed v\u00fdstavy, prezentace a p\u0159\u00edstup po\u0159\u00e1daj\u00edc\u00ed agentury nebyly zrovna p\u0159\u00edli\u0161 reprezentativn\u00ed a \u0159ada lid\u00ed byla, i p\u0159es radost z mo\u017enosti kone\u010dn\u011b Gigera v \u010cR vid\u011bt, jist\u00fdm zp\u016fsobem rozlad\u011bna nebo zklam\u00e1na. Proto\u017ee nejsem zcela jist\u011b jedin\u00fd, koho tento probl\u00e9m zaj\u00edmal, p\u0159ikl\u00e1d\u00e1m zn\u011bn\u00ed emailu, kter\u00fd jsem \u0159editeli NG odeslal i s odpov\u011bd\u00ed.<!--more--><\/p>\n<p style=\"text-align: justify; padding-left: 30px;\">V\u00e1\u017een\u00fd pane \u0159editeli,<\/p>\n<p style=\"text-align: justify; padding-left: 30px;\">nechci V\u00e1s ob\u00edrat o drahocen\u00fd \u010das, a proto p\u0159ejdu hned k d\u016fvodu, pro\u010d se na V\u00e1s obrac\u00edm. Za p\u00e1r dn\u00ed bude ukon\u010dena velk\u00e1 retrospektiva \u0161v\u00fdcarsk\u00e9ho um\u011blce H.R. Gigera v prostor\u00e1ch N\u00e1rodn\u00edho technick\u00e9ho muzea. O v\u00fdstavu, jej\u00ed realizaci a pr\u016fb\u011bh se aktivn\u011b zaj\u00edm\u00e1m a d\u00edky tomu mi nemohly uniknout nejr\u016fzn\u011bj\u0161\u00ed spekulace, t\u00fdkaj\u00edc\u00ed se Va\u0161\u00ed osoby a Va\u0161eho vztahu k zmi\u0148ovan\u00e9mu um\u011blci i v\u00fdstav\u011b. Proto\u017ee jde vysloven\u011b o spekulace a informace z druh\u00e9 ruky, p\u00e1tral jsem po n\u011bjak\u00e9m ofici\u00e1ln\u00edm vyj\u00e1d\u0159en\u00ed, nebo alespo\u0148 koment\u00e1\u0159i. Bohu\u017eel se mi nepoda\u0159ilo nic naj\u00edt a velmi r\u00e1d bych (a patrn\u011b nejen j\u00e1) znal skute\u010dnost. Proto bych se V\u00e1s cht\u011bl zeptat, pro\u010d N\u00e1rodn\u00ed galerie tuto v\u00fdstavu nijak nepodpo\u0159ila (nebo dokonce odm\u00edtla) a tak\u00e9 i na to, jak jste k tomu p\u0159istupoval Vy. Jde mi o vysv\u011btlen\u00ed tohoto nejasn\u00e9ho pozad\u00ed, o nic v\u00edc, spakulace, kter\u00e9 se \u0161\u00ed\u0159\u00ed nevrhaj\u00ed dobr\u00e9 sv\u011btlo ani na V\u00e1s ani na NG a proto nem\u00e1m jinou mo\u017enost, ne\u017e se zeptat pr\u00e1v\u011b V\u00e1s. Douf\u00e1m, \u017ee si najdete chvilku na <!---->odpov\u011b\u010f.<\/p>\n<p style=\"padding-left: 30px;\">V\u00e1\u017een\u00fd pane Dole\u017e\u00e1lku,<\/p>\n<p style=\"text-align: justify; padding-left: 30px;\">d\u011bkuji za V\u00e1\u0161 dopis &#8211; r\u00e1d bych k n\u011bmu podotknul, \u017ee N\u00e1rodn\u00ed galerii v Praze a ani Sb\u00edrku modern\u00edho a sou\u010dasn\u00e9ho um\u011bn\u00ed NG nikdo se \u017e\u00e1dost\u00ed o uspo\u0159\u00e1d\u00e1n\u00ed v\u00fdstavy \u010di o p\u0159\u00edpadnou pomoc v t\u00e9to v\u011bci neoslovil. Dle vyj\u00e1d\u0159en\u00ed odborn\u00edk\u016f, pracuj\u00edc\u00edch v na\u0161\u00ed instituci, jsou stejn\u011b d\u00edla H. R. Gigera mimo okruh na\u0161eho z\u00e1jmu. Nijak nezpochyb\u0148ujeme v\u00fdznam pana H. R. Gigera pro komer\u010dn\u00ed filmov\u00fd pr\u016fmysl, ale sb\u011bratelsk\u00e9 a v\u011bdeck\u00e9 aktivity N\u00e1rodn\u00ed galerie v Praze jsou zam\u011b\u0159eny jin\u00fdm sm\u011brem.<\/p>\n<p style=\"padding-left: 30px;\">S pozdravem<br \/>\nMilan Kn\u00ed\u017e\u00e1k<\/p>\n<p style=\"text-align: justify;\">Toto kr\u00e1tk\u00e9 zd\u016fvodn\u011bn\u00ed by se dalo komentovat r\u016fzn\u011b, v\u010detn\u011b typicky zp\u00e1te\u010dnick\u00e9ho akademick\u00e9ho p\u0159\u00edstupu k Gigerov\u011b pr\u00e1ci. Mysl\u00edm, \u017ee i s\u00e1m \u0159editel NG moc dob\u0159e v\u00ed, \u017ee za p\u00e1r desetilet\u00ed bude Giger akademiky br\u00e1n na stejn\u00e9 \u00farovni, jako um\u011blci, kte\u0159\u00ed jsou nyn\u00ed on\u00edm p\u0159edm\u011btem sb\u011bratelsk\u00fdch a vedeck\u00fdch aktivit NG. Soukrom\u00e9 vazby pana profesora na n\u011bkter\u00e9 z nich, jejich\u017e d\u00edla NG nakupuje za podivuhodn\u00e9 sumy, by vydaly tak\u00e9 na slu\u0161nou anal\u00fdzu. O to tu nyn\u00ed ale nejde, to p\u0159enech\u00e1m kritik\u016fm, kte\u0159\u00ed maj\u00ed NG na mu\u0161ce.<\/p>\n","protected":false},"excerpt":{"rendered":"<p>Vzhledem k r\u016fzn\u00fdm spekulac\u00edm kolem velk\u00e9 retrospektivn\u00ed v\u00fdstavy H.R. Gigera v N\u00e1rodn\u00edm technick\u00e9m muzeu v Praze, jsem se rozhodl zeptat se na p\u00e1r v\u011bc\u00ed p\u0159\u00edmo \u0159editele N\u00e1rodn\u00ed galerie (NG) prof. Milana Kn\u00ed\u017e\u00e1ka. Jedna ze spekulac\u00ed se toti\u017e t\u00fdkala pr\u00e1v\u011b t\u00e9to insituce s t\u00edm, \u017ee bojkotovala v\u00fdstavu a neumo\u017enila jej\u00ed reprezentativn\u00ed uspo\u0159\u00e1d\u00e1n\u00ed ve vhodn\u00fdch prostorech, kter\u00fdmi [&hellip;]<\/p>\n","protected":false},"author":1,"featured_media":0,"comment_status":"open","ping_status":"open","sticky":false,"template":"","format":"standard","meta":{"ngg_post_thumbnail":0},"categories":[46],"tags":[36,38,37],"_links":{"self":[{"href":"https:\/\/darkart.cz\/index.php?rest_route=\/wp\/v2\/posts\/177"}],"collection":[{"href":"https:\/\/darkart.cz\/index.php?rest_route=\/wp\/v2\/posts"}],"about":[{"href":"https:\/\/darkart.cz\/index.php?rest_route=\/wp\/v2\/types\/post"}],"author":[{"embeddable":true,"href":"https:\/\/darkart.cz\/index.php?rest_route=\/wp\/v2\/users\/1"}],"replies":[{"embeddable":true,"href":"https:\/\/darkart.cz\/index.php?rest_route=%2Fwp%2Fv2%2Fcomments&post=177"}],"version-history":[{"count":0,"href":"https:\/\/darkart.cz\/index.php?rest_route=\/wp\/v2\/posts\/177\/revisions"}],"wp:attachment":[{"href":"https:\/\/darkart.cz\/index.php?rest_route=%2Fwp%2Fv2%2Fmedia&parent=177"}],"wp:term":[{"taxonomy":"category","embeddable":true,"href":"https:\/\/darkart.cz\/index.php?rest_route=%2Fwp%2Fv2%2Fcategories&post=177"},{"taxonomy":"post_tag","embeddable":true,"href":"https:\/\/darkart.cz\/index.php?rest_route=%2Fwp%2Fv2%2Ftags&post=177"}],"curies":[{"name":"wp","href":"https:\/\/api.w.org\/{rel}","templated":true}]}}