{"id":183,"date":"2004-10-31T18:30:26","date_gmt":"2004-10-31T16:30:26","guid":{"rendered":"http:\/\/www.darkart.cz\/?p=183"},"modified":"2008-05-25T22:37:42","modified_gmt":"2008-05-25T20:37:42","slug":"rozhovor-s-alienem-1","status":"publish","type":"post","link":"https:\/\/darkart.cz\/?p=183","title":{"rendered":"Alien 1"},"content":{"rendered":"<p><a title=\"alien1\" rel=\"lightbox[pics183]\" href=\"http:\/\/www.darkart.cz\/wp-content\/2008\/05\/alien1.jpg\"><img loading=\"lazy\" class=\"attachment wp-att-190 alignleft\" style=\"float: left; margin-right: 10px;\" src=\"http:\/\/www.darkart.cz\/wp-content\/2008\/05\/alien1.thumbnail.jpg\" alt=\"alien1\" width=\"200\" height=\"217\" \/><\/a><strong>Co, nebo kdo je vlastn\u011b Alien 1? M\u016f\u017ee\u0161 se p\u0159edstavit a n\u011bco o sob\u011b \u0159\u00edct?<\/strong><\/p>\n<p class=\"MsoNormal\" style=\"text-align: justify;\">Jist\u00e1 spojitost            s mimozem\u0161\u0165any tu je, ale jak\u00e1 neprozrad\u00edm. Alienjedna za\u010dal vznikat            na st\u0159edn\u00ed um\u011bleck\u00e9 \u0161kole, od d\u011btstv\u00ed jsem m\u011bl velk\u00fd vztah k hl\u00edn\u011b.            Peka\u0159ina pro m\u011b tedy byla nejist\u00e1 volba, proto jsem zvolil obor            um\u011bleck\u00fd keramik. P\u0159edplatn\u00e9 \u010dasopisu            Score mi zajistilo i kvalitn\u00ed z\u00e1jem o po\u010d\u00edta\u010de a techniku jako            takovou. Do \u010d\u00edsla 70 je m\u00e1m v\u0161echny            \ud83d\ude42 (Jasn\u011b, SCORE bylo v t\u011bch dob\u00e1ch to nejlep\u0161\u00ed, n\u011bkde m\u00e1m plnou bednu            t\u011bch n\u00e1dhern\u011b barevn\u00fdch kousk\u016f se satany na obalech :)) pozn. HunteR) po \u0161kole kde jsem si            permanentn\u00ed kresbou vykreslil ruku, jsem se rozhodl \u017ee pracovat jako            keramik nen\u00ed zrovna to prav\u00e9 a sehnal pr\u00e1ci jako grafik.<!--more--><\/p>\n<p class=\"MsoNormal\" style=\"text-align: justify;\">Poch\u00e1z\u00edm z Prahy, po            p\u0159es\u00eddlen\u00ed na venkov kousek od Berouna, p\u0159i\u0161la zm\u011bna v n\u00e1vratu zp\u011bt do            Prahy. V sou\u010dasn\u00e9 dob\u011b se \u017eiv\u00edm jako grafik ve t\u0159et\u00edm zam\u011bstn\u00e1n\u00ed. Po            pr\u00e1ci investuji \u010das a prost\u0159edky do sv\u00fdch v\u00fdtvor\u016f.<\/p>\n<p class=\"MsoNormal\" style=\"text-align: justify;\"><a title=\"stroj_casu\" rel=\"lightbox[pics183]\" href=\"http:\/\/www.darkart.cz\/wp-content\/2008\/05\/stroj_casu.jpg\"><img loading=\"lazy\" class=\"attachment wp-att-185 alignleft\" style=\"float: left; margin-right: 10px;\" src=\"http:\/\/www.darkart.cz\/wp-content\/2008\/05\/stroj_casu.thumbnail.jpg\" alt=\"stroj_casu\" width=\"200\" height=\"154\" \/><\/a><strong>V\u00edm, \u017ee provozuje\u0161 vlastn\u00ed webovou prezentaci (<a href=\"http:\/\/www.cybernetic-system.com\">www.cybernetic-system.com<\/a>), co t\u011b k tomu vedlo a co na            n\u00ed lze nal\u00e9zt?<\/strong><\/p>\n<p class=\"MsoNormal\" style=\"text-align: justify;\">Cht\u011bl jsem sv\u00e9 pr\u00e1ce            prezentovat na internetu. Po zku\u0161enostech na free webech, u\u017e to ne\u0161lo            jinak ne\u017e si ud\u011blat vlastn\u00ed dom\u00e9nu a sv\u00e9 str\u00e1nky.<\/p>\n<p class=\"MsoNormal\" style=\"text-align: justify;\">Str\u00e1nky funguj\u00ed od            roku 2002, daj\u00ed se zde nal\u00e9zt m\u00e9 kresby od roku 1996. Digit\u00e1ln\u00ed            mont\u00e1\u017ee, kresby na tabletu, fotografie, sochy, oleje a mnoho dal\u0161\u00edho.<\/p>\n<p class=\"MsoNormal\" style=\"text-align: justify;\"><strong>Tvoje tvorba je specifick\u00e1, m\u016f\u017ee\u0161 o n\u00ed n\u011bco \u0159\u00edct? Co t\u011b k tomu            p\u0159ivedlo?<\/strong><\/p>\n<p class=\"MsoNormal\" style=\"text-align: justify;\">Moje tvorba je specifick\u00e1,            dalo by se \u0159\u00edci svou dobou ve kter\u00e9 se nal\u00e9z\u00e1me. Rozvoj po\u010d\u00edta\u010d\u016f a            v\u0161eho digit\u00e1ln\u00edho za posledn\u00edch 20 let je kolos\u00e1ln\u00ed. M\u00e1 tvorba s t\u00edm            v\u0161\u00edm n\u011bjak souvis\u00ed, nech\u00e1v\u00e1m se t\u00edm ovliv\u0148ovat. Hodn\u011b m\u00fdch prac\u00ed            vznik\u00e1 bezprost\u0159edn\u011b bez  p\u0159\u00edpravy, \u017e\u00e1dn\u00e9 n\u00e1\u010drtky, modeluji\/kresl\u00edm            pocity, postupn\u011b nab\u00fdvaj\u00ed na tvaru, nabaluj\u00ed se dal\u0161\u00ed a dal\u0161\u00ed vl\u00e1kna            obrazu, maj\u00ed ur\u010ditou formu, a\u017e v jednu dobu v\u0161e skon\u010d\u00ed a je hotovo.<\/p>\n<p class=\"MsoNormal\" style=\"text-align: justify;\"><a title=\"alien-g1\" rel=\"lightbox[pics183]\" href=\"http:\/\/www.darkart.cz\/wp-content\/2008\/05\/alien-g1.jpg\"><img loading=\"lazy\" class=\"attachment wp-att-186 alignleft\" style=\"float: left; margin-right: 10px;\" src=\"http:\/\/www.darkart.cz\/wp-content\/2008\/05\/alien-g1.thumbnail.jpg\" alt=\"alien-g1\" width=\"200\" height=\"198\" \/><\/a><strong>V tv\u00fdch prac\u00edch se projevuje vliv kybernetiky, mechaniky, biologie,            mutace a krom dal\u0161\u00edch vliv\u016f ob\u010das i Azt\u00e9k\u016f &#8211; pro\u010d zrovna tohle a jak            to do sebe v\u0161echno zapad\u00e1?<\/strong><\/p>\n<p class=\"MsoNormal\" style=\"text-align: justify;\">Vliv Azt\u00e9k\u016f a jin\u00fdch            civilizac\u00ed americk\u00e9ho kontinentu nepop\u00edr\u00e1m. Speci\u00e1ln\u011b Azt\u00e9kov\u00e9 a            jejich p\u00edsmo, n\u00e1hrobky, stavby a n\u00e1bo\u017eenstv\u00ed p\u0159edev\u0161\u00edm, to je n\u011bco            z jin\u00e9ho sv\u011bta. Nediv\u00edm se \u017ee pro tehdej\u0161\u00ed k\u0159es\u0165anskou Evropu to byla            pecka. D\u00e9moni\u010dt\u00ed indi\u00e1ni, uct\u00edva\u010di tajemn\u00fdch boh\u016f. D\u00edky medializaci            panem D\u00e4nikenem, a jeho vidinou mimozem\u0161\u0165an\u016f v ka\u017ed\u00e9 z\u00e1had\u011b, kter\u00e1            d\u00edky seri\u00f3zn\u00ed archeologii vlastn\u011b neexistuje. Tvoj\u00ed tvorbu tak\u00e9 velice            ovlivnily indi\u00e1nsk\u00e9 civilizace. V\u0161echny star\u00e9 civilizace maj\u00ed n\u011bco            tajemn\u00e9ho. Vliv kybernetiky a mechaniky souvis\u00ed se snem o sestrojen\u00ed            robota v jak\u00e9koliv podob\u011b. Sv\u011bt stroj\u016f s vlastn\u00edm AI je snem, uk\u00e1zku            do t\u00e9to budoucnosti n\u00e1m zprost\u0159edkoval Matrix nebo Termin\u00e1tor. Ot\u00e1zkou            je jestli tato doba m\u00e1 co nab\u00eddnout, a\u0165 u\u017e v pozitivn\u00edm nebo            negativn\u00edm slova smyslu.<\/p>\n<p class=\"MsoNormal\" style=\"text-align: justify;\"><a title=\"s05\" rel=\"lightbox[pics183]\" href=\"http:\/\/www.darkart.cz\/wp-content\/2008\/05\/s05.jpg\"><img loading=\"lazy\" class=\"attachment wp-att-187 alignleft\" style=\"float: left; margin-right: 10px;\" src=\"http:\/\/www.darkart.cz\/wp-content\/2008\/05\/s05.thumbnail.jpg\" alt=\"s05\" width=\"151\" height=\"200\" \/><\/a><strong> Pracuje\u0161 i technikou UV barev nebo pomoc\u00ed tabletu vytv\u00e1\u0159\u00ed\u0161 obrazy v            po\u010d\u00edta\u010di, jak se d\u00edv\u00e1\u0161 na tyhle m\u00e9n\u011b tradi\u010dn\u00ed techniky, \u010d\u00edm pro tebe            jsou, pro\u010d je pou\u017e\u00edv\u00e1\u0161?<\/strong><\/p>\n<p class=\"MsoNormal\" style=\"text-align: justify;\">M\u00e9 tvo\u0159en\u00ed souvis\u00ed i            s hudbou. Po r\u016fzn\u00fdch hudebn\u00edch obdob\u00edch, na m\u011b n\u011bkolik let p\u016fsobil            kladn\u011b psytrance. Odtud ta z\u00e1liba v UV barv\u00e1ch, obrazy vystupuj\u00edc\u00ed ze            tmy, z\u00e1\u0159\u00ed d\u00edky ultrafialov\u00fdm z\u00e1\u0159ivk\u00e1m. Touto dekorac\u00ed se v\u011bt\u0161inou jin\u00e9            proudy hudby nezab\u00fdvaj\u00ed. Tvorba na tabletu je zase            o n\u011b\u010dem jin\u00e9m.<\/p>\n<p class=\"MsoNormal\" style=\"text-align: justify;\">Je to pom\u011brn\u011b mlad\u00e1 technika, v kter\u00e9 u\u017e se vyskytuje            mnoho v\u00fdborn\u00fdch lid\u00ed. Ka\u017ed\u00fd m\u00e1 sv\u016fj styl, n\u011bkomu vyhovuje rozmanitost            nastaven\u00ed \u0161t\u011btc\u016f, jin\u00ed preferuj\u00ed rychl\u00e9 koncepty. J\u00e1 tablet vyu\u017e\u00edv\u00e1m            ke kolorov\u00e1n\u00ed sv\u00fdch kreseb a nal\u00e9z\u00e1n\u00ed nov\u00fdch rozm\u011br\u016f t\u00e9to techniky.<\/p>\n<p class=\"MsoNormal\" style=\"text-align: justify;\"><a title=\"s03\" rel=\"lightbox[pics183]\" href=\"http:\/\/www.darkart.cz\/wp-content\/2008\/05\/s03.jpg\"><img loading=\"lazy\" class=\"attachment wp-att-188 alignleft\" style=\"float: left; margin-right: 10px;\" src=\"http:\/\/www.darkart.cz\/wp-content\/2008\/05\/s03.thumbnail.jpg\" alt=\"s03\" width=\"116\" height=\"200\" \/><\/a><strong> M\u00e1\u0161 n\u011bjak\u00e9 obl\u00edben\u00e9 um\u011blce, n\u011bjak\u00e9 vlivy, kter\u00e9 se ti l\u00edb\u00ed?<\/strong><\/p>\n<p class=\"MsoNormal\" style=\"text-align: justify;\">Moj\u00ed tvorbu a pohled na            um\u011bn\u00ed ovlivnilo mnoho um\u011blc\u016f. Vezmu to od po\u010d\u00e1tk\u016f civilizace.<\/p>\n<p class=\"MsoNormal\" style=\"text-align: justify;\">Starov\u011bk\u00e9 \u0159\u00ed\u0161e jako Egypt,            Mezopot\u00e1mie, Indie, \u0159\u00ed\u0161e Americk\u00e9ho kontinentu, seversk\u00e9 kmeny. N\u00e1rody            je\u017e po sob\u011b zanechaly budoucnosti sv\u00e1 poselstv\u00ed a tajemstv\u00ed v n\u011bm            obsa\u017een\u00e9. S gotikou za\u010d\u00edn\u00e1 nov\u00e1 doba            um\u011bn\u00ed a architektury spojen\u00e9 s mysticismem. Renesance, doba velk\u00fdch            lid\u00ed, kte\u0159\u00ed pro svou dobu n\u011bco znamenali a zanechali mnoho skv\u011bl\u00fdch            v\u011bc\u00ed. Secese m\u011b tak\u00e9 docela oslovila, hodn\u011b dekorativn\u00ed styl, ale            jinak ne\u017e t\u0159eba u baroka. Zm\u00edn\u00edm Antonia Gaud\u00edho \u2013 jeho stavby jsou            origin\u00e1ln\u00ed a p\u0159ekon\u00e1vaj\u00edc\u00ed dobu. Alfons Mucha \u2013 p\u0159\u00edklad toho            jak se m\u016f\u017ee prost\u00fd \u010cech prosadit. Surrealismus. Z modern\u011bj\u0161\u00edch- nemohu            opomenout H.R. Gigera, Obrazy Vladim\u00edra Boudn\u00edka,            Mikul\u00e1\u0161e Medka, sochy Karla Nepra\u0161e, Jaroslava R\u00f3ny, satirick\u00e9 objekty            Franti\u0161ka Sk\u00e1ly, animace a snov\u00e9 objekty Jana \u0160vankmajera.<\/p>\n<p class=\"MsoNormal\" style=\"text-align: justify;\"><a title=\"s09\" rel=\"lightbox[pics183]\" href=\"http:\/\/www.darkart.cz\/wp-content\/2008\/05\/s09.jpg\"><img loading=\"lazy\" class=\"attachment wp-att-189 alignleft\" style=\"float: left; margin-right: 10px;\" src=\"http:\/\/www.darkart.cz\/wp-content\/2008\/05\/s09.thumbnail.jpg\" alt=\"s09\" width=\"131\" height=\"200\" \/><\/a><strong> Trochu souvisej\u00edc\u00ed ot\u00e1zka &#8211; jak se d\u00edv\u00e1\u0161 na v\u00fdtvarn\u00e9 um\u011bn\u00ed obecn\u011b? D\u00e1            se pozorovat t\u0159eba rozd\u00edl mezi na\u0161\u00ed zem\u00ed a zahrani\u010d\u00edm?<\/strong><\/p>\n<p class=\"MsoNormal\" style=\"text-align: justify;\">V\u00fdtvarn\u00e9 um\u011bn\u00ed, za            posledn\u00edch 20 let je n\u011bkde jinde ne\u017e za jedno stolet\u00ed.<\/p>\n<p class=\"MsoNormal\" style=\"text-align: justify;\">Stelarc a jeho performance            (nemohl jsem si nechat uj\u00edt jeho vystoupen\u00ed na V\u00edtkov\u011b v Praze)            \u0160vankmajer a jeho surrealistick\u00e9 mutace a animace. Sk\u00e1la a jeho            nalezen\u00e9 kr\u00e1sy.<\/p>\n<p class=\"MsoNormal\" style=\"text-align: justify;\">Mysl\u00edm \u017ee rozd\u00edly jsou            nepatrn\u00e9, na cel\u00e9m sv\u011bt\u011b se d\u00e1 naj\u00edt n\u011bco zaj\u00edmav\u00e9ho. Jen mus\u00ed m\u00edt            \u010dlov\u011bk jakousi vnit\u0159n\u00ed deformaci. Pak je bu\u010f v \u00fastavu, d\u011bl\u00e1 p\u011bkn\u00e9            obrazy ale nikdo ho nebere v\u00e1\u017en\u011b, nebo je tam n\u011bkde venku a m\u00e1 \u0161anci            aby ho za\u010dali br\u00e1t v\u00e1\u017en\u011b. (Van Gogh je v\u00fdjimka            potvrzuj\u00edc\u00ed pravidlo.)<\/p>\n<p class=\"MsoNormal\" style=\"text-align: justify;\"><strong> Chyst\u00e1\u0161 n\u011bco zaj\u00edmav\u00e9ho v oblasti tv\u00e9 tvorby? N\u011bjakou novinku, zm\u011bnu,            experiment?<\/strong><\/p>\n<p class=\"MsoNormal\" style=\"text-align: justify;\">Moc toho neprozrad\u00edm,            chyst\u00e1m se na pr\u00e1ci s airbrushem. P\u0159ed\u011bl\u00e1v\u00e1m svoj\u00ed Psychovizi-televizi            (multimedi\u00e1ln\u00ed objekt)<\/p>\n<p class=\"MsoNormal\" style=\"text-align: justify;\">Pl\u00e1nuji v\u00fdstavu            s Janem Dole\u017e\u00e1lkem \ud83d\ude42<\/p>\n<p class=\"MsoNormal\" style=\"margin-left: 18pt; text-align: right;\">Ptal            se HunteR<\/p>\n","protected":false},"excerpt":{"rendered":"<p>Co, nebo kdo je vlastn\u011b Alien 1? M\u016f\u017ee\u0161 se p\u0159edstavit a n\u011bco o sob\u011b \u0159\u00edct? Jist\u00e1 spojitost s mimozem\u0161\u0165any tu je, ale jak\u00e1 neprozrad\u00edm. Alienjedna za\u010dal vznikat na st\u0159edn\u00ed um\u011bleck\u00e9 \u0161kole, od d\u011btstv\u00ed jsem m\u011bl velk\u00fd vztah k hl\u00edn\u011b. Peka\u0159ina pro m\u011b tedy byla nejist\u00e1 volba, proto jsem zvolil obor um\u011bleck\u00fd keramik. P\u0159edplatn\u00e9 \u010dasopisu Score [&hellip;]<\/p>\n","protected":false},"author":1,"featured_media":0,"comment_status":"open","ping_status":"open","sticky":false,"template":"","format":"standard","meta":{"ngg_post_thumbnail":0},"categories":[32],"tags":[67],"_links":{"self":[{"href":"https:\/\/darkart.cz\/index.php?rest_route=\/wp\/v2\/posts\/183"}],"collection":[{"href":"https:\/\/darkart.cz\/index.php?rest_route=\/wp\/v2\/posts"}],"about":[{"href":"https:\/\/darkart.cz\/index.php?rest_route=\/wp\/v2\/types\/post"}],"author":[{"embeddable":true,"href":"https:\/\/darkart.cz\/index.php?rest_route=\/wp\/v2\/users\/1"}],"replies":[{"embeddable":true,"href":"https:\/\/darkart.cz\/index.php?rest_route=%2Fwp%2Fv2%2Fcomments&post=183"}],"version-history":[{"count":0,"href":"https:\/\/darkart.cz\/index.php?rest_route=\/wp\/v2\/posts\/183\/revisions"}],"wp:attachment":[{"href":"https:\/\/darkart.cz\/index.php?rest_route=%2Fwp%2Fv2%2Fmedia&parent=183"}],"wp:term":[{"taxonomy":"category","embeddable":true,"href":"https:\/\/darkart.cz\/index.php?rest_route=%2Fwp%2Fv2%2Fcategories&post=183"},{"taxonomy":"post_tag","embeddable":true,"href":"https:\/\/darkart.cz\/index.php?rest_route=%2Fwp%2Fv2%2Ftags&post=183"}],"curies":[{"name":"wp","href":"https:\/\/api.w.org\/{rel}","templated":true}]}}