{"id":212,"date":"2006-08-13T12:57:03","date_gmt":"2006-08-13T10:57:03","guid":{"rendered":"http:\/\/www.darkart.cz\/?p=212"},"modified":"2008-05-04T13:18:02","modified_gmt":"2008-05-04T11:18:02","slug":"facial-expressions-mark-simon","status":"publish","type":"post","link":"https:\/\/darkart.cz\/?p=212","title":{"rendered":"Facial Expressions &#8211; Mark Simon"},"content":{"rendered":"<p><img loading=\"lazy\" class=\"attachment wp-att-213 alignleft\" style=\"float: left; margin-right: 10px;\" src=\"http:\/\/www.darkart.cz\/wp-content\/2008\/05\/facial_expressions.jpg\" alt=\"facial_expressions\" width=\"184\" height=\"220\" \/>&#8220;A Visual Reference            for Artists&#8221;<br \/>\nAutor:           Mark Simon<\/p>\n<p>V roce 2005 jako            prvn\u00ed vyd\u00e1n\u00ed vydal Watson-Guptill Publications, NY<br \/>\nISBN:            0-8230-1671-4<br \/>\nPo\u010det stran: 256<br \/>\nProveden\u00ed: Bro\u017eovan\u00e1,            \u010dernob\u00edl\u00e1, obal barevn\u00fd<br \/>\nPr\u016fm\u011brn\u00e1 cena: 13USD<br \/>\nVelikost: 23x27cm<\/p>\n<p><span style=\"color: #4682b4;\"><strong>Hodnocen\u00ed: 5\/10<\/strong><\/span><\/p>\n<p style=\"text-align: justify;\">Tato pom\u011brn\u011b &#8220;tlust\u00e1&#8221; kniha nen\u00ed ni\u010d\u00edm            jin\u00fdm, ne\u017e fotografickou referenc\u00ed pro v\u00fdtvarn\u00edky. Nic jin\u00e9ho od n\u00ed            ne\u010dekejte, \u017e\u00e1dn\u00e1 p\u0159\u00edru\u010dka &#8220;Jak kreslit obli\u010dej&#8221; se nekon\u00e1. To ov\u0161em neznamen\u00e1, \u017ee by nest\u00e1la za  pozornost.<!--more--><\/p>\n<p style=\"text-align: justify;\">Jak to            vypad\u00e1 uvnit\u0159? Z\u00e1kladn\u00ed d\u011blen\u00ed knihy je podle v\u011bku model\u016f. Za\u010d\u00edn\u00e1 na            v\u011bku dvacet let a kon\u010d\u00ed na 83 letech. V\u011bk stoup\u00e1 v\u011bt\u0161inou po roce, ale            n\u011bkdy p\u00e1r let p\u0159esko\u010d\u00ed, nicm\u00e9n\u011b d\u016fle\u017eit\u00e1 obdob\u00ed, kdy se lidsk\u00e1 tv\u00e1\u0159            v\u011bkem m\u011bn\u00ed jsou zde zachycena. Ka\u017ed\u00fd model m\u00e1 k dispozici t\u0159i str\u00e1nky            knihy, plus jednu str\u00e1nku, kde je uk\u00e1zka pr\u00e1ce inspirovan\u00e9 n\u011bkterou z            fotek modelu. Str\u00e1nky s fotografiemi obsahuj\u00ed v\u017edy 16 fotek (4&#215;4),            jejich\u017e velikost je n\u011bco kolem 5x4cm.<\/p>\n<p style=\"text-align: justify;\">\u010c\u00e1st s            fotografiemi podle v\u011bku zab\u00edr\u00e1 v\u011bt\u0161inu obsahu knihy. P\u0159edch\u00e1z\u00ed j\u00ed            kr\u00e1tk\u00fd \u00favod, p\u00e1r slov o autorovi a n\u011bkolik sad fotografi\u00ed lebky a            lebky se z\u00e1kladn\u00edm svalstvem. Za hlavn\u00ed \u010d\u00e1st\u00ed knihy najdeme sekven\u010dn\u011b            nasn\u00edman\u00e9 obr\u00e1zky p\u0159i n\u011bkolika expresivn\u00edch projevech dvou model\u016f,            kter\u00e9 n\u00e1sleduj\u00ed na n\u011bkolika stran\u00e1ch fotografie l\u00edbaj\u00edc\u00edho se p\u00e1ru.            D\u00e1le najdeme kapitolu, ve kter\u00e9 jsou detailn\u011b zabr\u00e1na \u00fasta osob v            r\u016fzn\u00e9m v\u011bku, kter\u00e1 vyslovuj\u00ed r\u016fzn\u00e9 hl\u00e1sky, tedy reference pro studii            \u00fast p\u0159i \u0159e\u010di. \u00dapln\u011b posledn\u00edm odd\u00edlem knihy je n\u011bkolik stran            v\u011bnovan\u00fdch pokr\u00fdvk\u00e1m hlavy a br\u00fdl\u00edm, je zde n\u011bkolik model\u016f s r\u016fzn\u00fdmi            \u010depicemi, p\u0159ilbami a klobouky. T\u00edm kniha Facial Expressions kon\u010d\u00ed.<\/p>\n<p style=\"text-align: justify;\"><a title=\"book_facial_expressions_preview\" rel=\"lightbox[pics212]\" href=\"http:\/\/www.darkart.cz\/wp-content\/2008\/05\/book_facial_expressions_preview.jpg\"><img loading=\"lazy\" class=\"attachment wp-att-214 alignleft\" style=\"float: left; margin-right: 10px;\" src=\"http:\/\/www.darkart.cz\/wp-content\/2008\/05\/book_facial_expressions_preview.thumbnail.jpg\" alt=\"book_facial_expressions_preview\" width=\"200\" height=\"121\" \/><\/a>Jak            kniha p\u016fsob\u00ed? Trochu rozpa\u010dit\u011b. V\u0161echny fotografie v knize jsou            \u010dernob\u00edl\u00e9, ti\u0161t\u011bn\u00e9 na oby\u010dejn\u00e9m pap\u00ed\u0159e. I p\u0159es to si zachov\u00e1vaj\u00ed            pot\u0159ebn\u00fd kontrast i detail, tak\u017ee jejich kvalita coby referenc\u00ed je            celkem dostate\u010dn\u00e1. I ve zmi\u0148ovan\u00e9 velikosti cca 5x4cm jsou obr\u00e1zky            dostate\u010dn\u00e9 pro zhotoven\u00ed studie nebo skici. Nejv\u011bt\u0161\u00ed probl\u00e9m knihy je            podle m\u00e9ho n\u00e1zoru jej\u00ed d\u011blen\u00ed. Tuto referenci si autor kupuje proto,            \u017ee chce nastudovat v\u00fdrazy lid\u00ed p\u0159i konkr\u00e9tn\u00edch pocitech a projevech.            Proto je logick\u00e9 d\u011blen\u00ed pr\u00e1v\u011b podle t\u011bchto expres\u00ed, nikoliv podle            v\u011bku. Hled\u00e1n\u00ed v knize se d\u00edky tomu st\u00e1v\u00e1 sp\u00ed\u0161e n\u00e1hodn\u00fdm, m\u00edsto toho,            aby si \u010dlov\u011bk vyhledal nap\u0159\u00edklad heslo &#8220;pl\u00e1\u010d&#8221; a pod n\u00edm by byly            p\u0159\u00edslu\u0161n\u00e9 fotografie, odstup\u0148ovan\u00e9 t\u0159eba podle v\u011bku model\u016f. \u0160koda, je            to \u010dist\u011b koncep\u010dn\u00ed chyba, kter\u00e1 by knize p\u0159idala na pou\u017eitelnosti. Co            se t\u00fdk\u00e1 model\u016f, jde o cel\u00e9 spektrum ras, nicm\u00e9n\u011b p\u0159eci jen je z\u0159ejm\u00e9,            \u017ee modely poch\u00e1zej\u00ed z USA, proto\u017ee chyb\u00ed nap\u0159\u00edklad etnika Austr\u00e1lie            nebo Tichomo\u0159\u00ed. Ale i tak je pokryt\u00ed typ\u016f a ras docela slu\u0161n\u00e9,            vezmeme-li v \u00favahu rozsah knihy. Uk\u00e1zky prac\u00ed r\u016fzn\u00fdch autor\u016f podle            konkr\u00e9tn\u00ed fotografie modelu jsou sp\u00ed\u0161e pro legraci, n\u011bkoho mo\u017en\u00e1 i            vyd\u011bs\u00ed. Na m\u011b osobn\u011b p\u016fsob\u00ed dojmem, \u017ee pro takovou &#8220;\u010dm\u00e1ranici&#8221; nebylo            nutn\u00e9 sledovat n\u011bjakou referenci. Jde v\u0161ak jen o takovou &#8220;vatu&#8221;, se            kterou se v\u00fdtvarn\u00edk nemus\u00ed zab\u00fdvat a m\u016f\u017ee se soust\u0159edit na studov\u00e1n\u00ed            lidsk\u00fdch obli\u010dej\u016f v r\u016fzn\u00fdch f\u00e1z\u00edch projevu.<\/p>\n<p style=\"text-align: justify;\">Kniha            je dobr\u00fdm dopl\u0148kem anatomie a podrobn\u011bj\u0161\u00edch titul\u016f o v\u00fdrazech            obli\u010deje, jej\u00ed n\u00e1pln\u00ed je \u010dist\u011b fotografick\u00e1 reference obli\u010dej\u016f r\u016fzn\u00fdch            lid\u00ed p\u0159i r\u016fzn\u00fdch projevech a tento obsah je napln\u011bn velmi slu\u0161n\u011b.            Kniha najde uplatn\u011bn\u00ed hlavn\u011b u za\u010d\u00ednaj\u00edc\u00edch v\u00fdtvarn\u00edk\u016f, kte\u0159\u00ed            pot\u0159ebuj\u00ed systemati\u010dt\u011bj\u0161\u00ed soubor fotografick\u00fdch referenc\u00ed pro svoje            studium. P\u0159i sv\u00e9 n\u00edzk\u00e9 cen\u011b se ur\u010dit\u011b vyplat\u00ed si ji po\u0159\u00eddit.<\/p>\n","protected":false},"excerpt":{"rendered":"<p>&#8220;A Visual Reference for Artists&#8221; Autor: Mark Simon V roce 2005 jako prvn\u00ed vyd\u00e1n\u00ed vydal Watson-Guptill Publications, NY ISBN: 0-8230-1671-4 Po\u010det stran: 256 Proveden\u00ed: Bro\u017eovan\u00e1, \u010dernob\u00edl\u00e1, obal barevn\u00fd Pr\u016fm\u011brn\u00e1 cena: 13USD Velikost: 23x27cm Hodnocen\u00ed: 5\/10 Tato pom\u011brn\u011b &#8220;tlust\u00e1&#8221; kniha nen\u00ed ni\u010d\u00edm jin\u00fdm, ne\u017e fotografickou referenc\u00ed pro v\u00fdtvarn\u00edky. Nic jin\u00e9ho od n\u00ed ne\u010dekejte, \u017e\u00e1dn\u00e1 p\u0159\u00edru\u010dka &#8220;Jak [&hellip;]<\/p>\n","protected":false},"author":1,"featured_media":0,"comment_status":"open","ping_status":"open","sticky":false,"template":"","format":"standard","meta":{"ngg_post_thumbnail":0},"categories":[28,53],"tags":[55],"_links":{"self":[{"href":"https:\/\/darkart.cz\/index.php?rest_route=\/wp\/v2\/posts\/212"}],"collection":[{"href":"https:\/\/darkart.cz\/index.php?rest_route=\/wp\/v2\/posts"}],"about":[{"href":"https:\/\/darkart.cz\/index.php?rest_route=\/wp\/v2\/types\/post"}],"author":[{"embeddable":true,"href":"https:\/\/darkart.cz\/index.php?rest_route=\/wp\/v2\/users\/1"}],"replies":[{"embeddable":true,"href":"https:\/\/darkart.cz\/index.php?rest_route=%2Fwp%2Fv2%2Fcomments&post=212"}],"version-history":[{"count":0,"href":"https:\/\/darkart.cz\/index.php?rest_route=\/wp\/v2\/posts\/212\/revisions"}],"wp:attachment":[{"href":"https:\/\/darkart.cz\/index.php?rest_route=%2Fwp%2Fv2%2Fmedia&parent=212"}],"wp:term":[{"taxonomy":"category","embeddable":true,"href":"https:\/\/darkart.cz\/index.php?rest_route=%2Fwp%2Fv2%2Fcategories&post=212"},{"taxonomy":"post_tag","embeddable":true,"href":"https:\/\/darkart.cz\/index.php?rest_route=%2Fwp%2Fv2%2Ftags&post=212"}],"curies":[{"name":"wp","href":"https:\/\/api.w.org\/{rel}","templated":true}]}}