{"id":497,"date":"2005-02-26T11:35:16","date_gmt":"2005-02-26T09:35:16","guid":{"rendered":"http:\/\/www.darkart.cz\/?p=497"},"modified":"2008-05-20T12:26:27","modified_gmt":"2008-05-20T10:26:27","slug":"predni-polsky-surrealista-zdzislaw-beksinski-byl-zavrazden","status":"publish","type":"post","link":"https:\/\/darkart.cz\/?p=497","title":{"rendered":"P\u0159edn\u00ed polsk\u00fd surrealista Zdzislaw Beksinski byl zavra\u017ed\u011bn"},"content":{"rendered":"<p style=\"text-align: justify;\"><a title=\"Zdzislaw Beksinski\" rel=\"lightbox[pics497]\" href=\"http:\/\/www.darkart.cz\/wp-content\/2008\/05\/beksinski2.jpg\"><img loading=\"lazy\" class=\"attachment wp-att-498 alignleft\" style=\"float: left; margin-right: 10px;\" src=\"http:\/\/www.darkart.cz\/wp-content\/2008\/05\/beksinski2.thumbnail.jpg\" alt=\"Zdzislaw Beksinski\" width=\"200\" height=\"225\" \/><\/a>Ve st\u0159edu                23. 02. 2005 p\u0159inesly informa\u010dn\u00ed kan\u00e1ly velmi smutnou zpr\u00e1vu.                Geni\u00e1ln\u00ed polsk\u00fd mal\u00ed\u0159               <a href=\"\/?page_id=249\"> Zdzislaw Beksinski<\/a> (75) byl nalezen mrtv\u00fd ve sv\u00e9m Var\u0161avsk\u00e9m                byt\u011b &#8211; p\u0159\u00ed\u010dinou smrti bylo 17 bodn\u00fdch ran &#8211; dv\u011b z nich byly smrteln\u00e9. Policie podez\u0159\u00edv\u00e1 z                vra\u017edy dva teenagery ve v\u011bku 19 a 16 let. Star\u0161\u00ed z nich je ji\u017e                obvin\u011bn. Motivem byla z\u0159ejm\u011b loupe\u017e. Ode\u0161el tak jeden z nejlep\u0161\u00edch autor\u016f 20.                stolet\u00ed, jeho\u017e obrazy p\u0159et\u00e9kaly fantazi\u00ed, ale i smutkem a t\u00e9maty                smrti. N\u00e1siln\u00e1 smrt zavr\u0161ila trag\u00e9dii jeho rodiny, kdy v roce 1998 zem\u0159ela Beksinsk\u00e9ho \u017eena Zofia a o rok pozd\u011bji, 1999, sp\u00e1chal syn Tomasz sebevra\u017edu.<\/p>\n<p style=\"text-align: justify;\"><strong>Aktualizov\u00e1no: <\/strong>Za vra\u017edu byl odsouzen teenager Robert Kupiec (syn domovn\u00edka, se kter\u00fdm se Beksinski dlouho znal) k 25 let\u016fm v\u011bzen\u00ed a jeho spole\u010dn\u00edk Lukasz Kupiec k 5 let\u016fm v\u011bzen\u00ed za pod\u00edl na vra\u017ed\u011b. Motivem vra\u017edy byly pen\u00edze, kdy\u017e Beksinski odm\u00edtl Robertu Kupiecovi p\u016fj\u010dit. Ten si \u00fadajn\u011b od slavn\u00e9ho mal\u00ed\u0159e p\u016fj\u010doval \u010dasto a p\u016fj\u010dky nevracel.<\/p>\n","protected":false},"excerpt":{"rendered":"<p>Ve st\u0159edu 23. 02. 2005 p\u0159inesly informa\u010dn\u00ed kan\u00e1ly velmi smutnou zpr\u00e1vu. Geni\u00e1ln\u00ed polsk\u00fd mal\u00ed\u0159 Zdzislaw Beksinski (75) byl nalezen mrtv\u00fd ve sv\u00e9m Var\u0161avsk\u00e9m byt\u011b &#8211; p\u0159\u00ed\u010dinou smrti bylo 17 bodn\u00fdch ran &#8211; dv\u011b z nich byly smrteln\u00e9. Policie podez\u0159\u00edv\u00e1 z vra\u017edy dva teenagery ve v\u011bku 19 a 16 let. Star\u0161\u00ed z nich je ji\u017e obvin\u011bn. [&hellip;]<\/p>\n","protected":false},"author":1,"featured_media":0,"comment_status":"open","ping_status":"open","sticky":false,"template":"","format":"standard","meta":{"ngg_post_thumbnail":0},"categories":[42],"tags":[61],"_links":{"self":[{"href":"https:\/\/darkart.cz\/index.php?rest_route=\/wp\/v2\/posts\/497"}],"collection":[{"href":"https:\/\/darkart.cz\/index.php?rest_route=\/wp\/v2\/posts"}],"about":[{"href":"https:\/\/darkart.cz\/index.php?rest_route=\/wp\/v2\/types\/post"}],"author":[{"embeddable":true,"href":"https:\/\/darkart.cz\/index.php?rest_route=\/wp\/v2\/users\/1"}],"replies":[{"embeddable":true,"href":"https:\/\/darkart.cz\/index.php?rest_route=%2Fwp%2Fv2%2Fcomments&post=497"}],"version-history":[{"count":0,"href":"https:\/\/darkart.cz\/index.php?rest_route=\/wp\/v2\/posts\/497\/revisions"}],"wp:attachment":[{"href":"https:\/\/darkart.cz\/index.php?rest_route=%2Fwp%2Fv2%2Fmedia&parent=497"}],"wp:term":[{"taxonomy":"category","embeddable":true,"href":"https:\/\/darkart.cz\/index.php?rest_route=%2Fwp%2Fv2%2Fcategories&post=497"},{"taxonomy":"post_tag","embeddable":true,"href":"https:\/\/darkart.cz\/index.php?rest_route=%2Fwp%2Fv2%2Ftags&post=497"}],"curies":[{"name":"wp","href":"https:\/\/api.w.org\/{rel}","templated":true}]}}