{"id":589,"date":"2008-09-11T21:01:54","date_gmt":"2008-09-11T19:01:54","guid":{"rendered":"http:\/\/www.darkart.cz\/?p=589"},"modified":"2008-09-11T21:01:54","modified_gmt":"2008-09-11T19:01:54","slug":"slovinsko-2008","status":"publish","type":"post","link":"https:\/\/darkart.cz\/?p=589","title":{"rendered":"Slovinsko 2008"},"content":{"rendered":"<p style=\"text-align: justify;\"><a title=\"Julsk\u00e9 Alpy\" rel=\"lightbox[pics589]\" href=\"http:\/\/www.darkart.cz\/wp-content\/2008\/09\/bovec.jpg\"><img loading=\"lazy\" class=\"attachment wp-att-590 alignleft\" style=\"float: left; margin-right: 10px;\" src=\"http:\/\/www.darkart.cz\/wp-content\/2008\/09\/bovec.thumbnail.jpg\" alt=\"\" width=\"200\" height=\"150\" \/><\/a>P\u0159ed \u010dty\u0159mi lety jsem se do Slovinska vypravil poprv\u00e9. Absolutn\u011b jsem netu\u0161il, co od t\u00e9 zem\u011b \u010dekat a mus\u00edm \u0159\u00edct, \u017ee jsem nelitoval. Jako odp\u016frce klasicky pojat\u00fdch dovolen\u00fdch, kdy se \u010dlov\u011bk jen v\u00e1l\u00ed v hotelov\u00e9m komplexu u mo\u0159e, jsem si Slovinsko u\u017eil po sv\u00e9m, daleko ak\u010dn\u011bji. Proto\u017ee mi tato zem\u011b u\u010darovala, zvl\u00e1\u0161t\u011b jej\u00ed p\u0159\u00edroda, klid a turistick\u00e1 nezka\u017eenost, za\u0159ekl jsem se, \u017ee se vr\u00e1t\u00edm. Uplynul\u00e9 dva roky pro mne nebyly k cestov\u00e1n\u00ed zrovna vhodn\u00e9, a tak p\u0159\u00edle\u017eitost nade\u0161la a\u017e nyn\u00ed, posledn\u00ed pr\u00e1zdninov\u00fd t\u00fdden jsem se spolu s p\u0159\u00e1teli vr\u00e1til do zem\u011b hor, jeskyn\u00ed, v\u00edna a mo\u0159sk\u00e9 soli.<!--more--><\/p>\n<p style=\"text-align: justify;\"><a title=\"Bled\" rel=\"lightbox[pics589]\" href=\"http:\/\/www.darkart.cz\/wp-content\/2008\/09\/bled.jpg\"><img loading=\"lazy\" class=\"attachment wp-att-592 alignleft\" style=\"float: left; margin-right: 10px;\" src=\"http:\/\/www.darkart.cz\/wp-content\/2008\/09\/bled.thumbnail.jpg\" alt=\"\" width=\"200\" height=\"38\" \/><\/a>St\u00e1le zji\u0161\u0165uji, \u017ee pro spoustu lid\u00ed je Slovinsko zcela nezn\u00e1m\u00e9. P\u0159itom je to zem\u011b vzd\u00e1len\u00e1 pouh\u00fdch p\u00e1r hodin j\u00edzdy autem, klidn\u00e1, bezpe\u010dn\u00e1 a\u00a0 vhodn\u00e1 pro komorn\u00ed cestov\u00e1n\u00ed, nebo pro sportovn\u00ed akce, jak jist\u011b \u0159ada rafta\u0159\u016f, kajak\u00e1\u0159\u016f a dal\u0161\u00edch sportovc\u016f potvrd\u00ed. Pokud si \u010dlov\u011bk chce odpo\u010dinout od civilizace, je tohle m\u00edsto ide\u00e1ln\u00ed. M\u016f\u017eete zmizet na h\u0159ebenech rozeklan\u00fdch v\u00e1pencov\u00fdch \u0161t\u00edt\u016f, toulat se vinicemi v p\u0159\u00edmo\u0159\u00ed, proch\u00e1zet se rozs\u00e1hl\u00fdm krasem s tis\u00edcovkami jeskyn\u00ed a nebo se zastavit u mo\u0159e. Pokud netou\u017e\u00edte po no\u010dn\u00edm \u017eivot\u011b, ruchu a bohat\u00e9 kultu\u0159e a nav\u00edc se v\u00e1m nechce utr\u00e1cet nebo trm\u00e1cet dlouhou cestou autem, je Slovinsko ide\u00e1ln\u00ed. V\u00edm, \u017ee to zn\u00ed jako z turistick\u00e9ho let\u00e1ku nebo pr\u016fvodce, ale nejl\u00e9pe to vystihuje skute\u010dnost.<\/p>\n<p style=\"text-align: justify;\">N\u00e1m se poda\u0159ilo chytit t\u00fdden s naprosto n\u00e1dhern\u00fdm po\u010das\u00edm, co\u017e samo o sob\u011b je p\u0159i dovolen\u00e9 v hor\u00e1ch velk\u00e9 plus. D\u00edky tomu, \u017ee Slovinci um\u00ed prakticky v\u0161ichni anglicky, nebo nem\u011bcky, a tak\u00e9 d\u00edky jejich funguj\u00edc\u00edmu bookingu p\u0159es internet, nen\u00ed probl\u00e9m si zarezervovat ubytov\u00e1n\u00ed dop\u0159edu. Ka\u017ed\u00e9 dva dny jsme tedy str\u00e1vili na jin\u00e9m m\u00edst\u011b &#8211; nejd\u0159\u00edve u horsk\u00e9ho term\u00e1ln\u00edho jezera Bled, pozd\u011bji ve sportovn\u00edm centru Bovec v \u00fadol\u00ed Julsk\u00fdch Alp nebo v kraj\u00edch v\u00edna a jeskyn\u00ed pobl\u00ed\u017e nejzn\u00e1m\u011bj\u0161\u00ed slovinsk\u00e9 jeskyn\u011b Postojna Jama. Jako z\u00e1v\u011br jsme si zvolili p\u0159\u00edmo\u0159sk\u00fd Piran, m\u011bsto na kamenit\u00e9 kose vyb\u00edhaj\u00edc\u00ed do mo\u0159e, velmi ovlivn\u011bn\u00e9 bl\u00edzkou It\u00e1li\u00ed.<\/p>\n<p style=\"text-align: justify;\"><a title=\"Slap Kozjak\" rel=\"lightbox[pics589]\" href=\"http:\/\/www.darkart.cz\/wp-content\/2008\/09\/kozjak.jpg\"><img loading=\"lazy\" class=\"attachment wp-att-595 alignleft\" style=\"float: left; margin-right: 10px;\" src=\"http:\/\/www.darkart.cz\/wp-content\/2008\/09\/kozjak.thumbnail.jpg\" alt=\"\" width=\"200\" height=\"150\" \/><\/a>V hor\u00e1ch jsme krom\u011b hor samotn\u00fdch mohli obdivovat n\u00e1dhern\u00e9 vodop\u00e1dy, jako t\u0159eba Peri\u010dnik nebo Kozjak, samotn\u00e1 zelenomodr\u00e1 \u0159eka So\u010da p\u016fsob\u00ed magicky, jak se vine mezi b\u00edl\u00fdmi kameny \u00fadol\u00edmi pod strm\u00fdmi svahy hor. P\u016fsobiv\u00e9 byly rovn\u011b\u017e hlubok\u00e9 rokle potok\u016f a \u0159ek, jako byla Mostnice u Bohinjsk\u00e9ho jezera nebo \u0159eka Tolminka. Slovinsko jezn\u00e1m\u00e9 sv\u00fdm krasem, kter\u00fd pokr\u00fdv\u00e1 v\u011bt\u0161inu jeho \u00fazem\u00ed a po\u010det jeskyn\u00ed se pohybuje v \u0159\u00e1dech tis\u00edc\u016f. Nejzn\u00e1m\u011bj\u0161\u00ed jeskyn\u011b Postojna Jama je sice n\u00e1dhern\u00e1, ale hodn\u011b poznamenan\u00e1 turismem, kter\u00fd nedovol\u00ed n\u00e1v\u0161t\u011bvn\u00edk\u016fm v klidu jeskyni proj\u00edt a u\u017e\u00edt si ji. O to je potom lep\u0161\u00ed n\u00e1v\u0161t\u011bva nedalek\u00e9 \u0160kocjansk\u00e9 Jamy (UNESCO), kter\u00e1 je neuv\u011b\u0159iteln\u00fdm p\u0159\u00edkladem \u0159\u00ed\u010dn\u00ed krasov\u00e9 \u010dinnosti, rozs\u00e1hl\u00e9 d\u00f3my postupn\u011b sestupuj\u00ed k obrovsk\u00e9mu podzemn\u00edmu ka\u0148onu, kter\u00fd v\u00e1s donut\u00ed nev\u011b\u0159\u00edcn\u011b z\u00edrat. Jeskyn\u011b pro m\u011b byla tak siln\u00fdm z\u00e1\u017eitkem, \u017ee jsem se do n\u00ed musel pod\u00edvat nyn\u00ed znova a pokud se do Slovinska zase n\u011bkdy vyprav\u00edm, p\u016fjdu do n\u00ed i pot\u0159et\u00ed.<\/p>\n<p style=\"text-align: justify;\"><a title=\"Kri\u017en\u00e1 Jama\" rel=\"lightbox[pics589]\" href=\"http:\/\/www.darkart.cz\/wp-content\/2008\/09\/krizna_jama.jpg\"><img loading=\"lazy\" class=\"attachment wp-att-591 alignleft\" style=\"float: left; margin-right: 10px;\" src=\"http:\/\/www.darkart.cz\/wp-content\/2008\/09\/krizna_jama.thumbnail.jpg\" alt=\"\" width=\"200\" height=\"266\" \/><\/a>Krom\u011b t\u011bchto b\u011b\u017en\u011b p\u0159\u00edstupn\u00fdch jeskyn\u00ed se n\u00e1m poda\u0159ila relativn\u011b vz\u00e1cn\u00e1 prohl\u00eddka nejv\u011bt\u0161\u00ed vodn\u00ed jeskyn\u011b ve Slovinsku &#8211; Kri\u017en\u00e9 Jamy. Prohl\u00eddka se mus\u00ed p\u0159edem rezervovat a je omezena na 4 n\u00e1v\u0161t\u011bvn\u00edky. D\u016fle\u017eit\u00e1 je rovn\u011b\u017e \u00farove\u0148 vody, kter\u00e1 m\u016f\u017ee po de\u0161t\u00edch jeskyni znep\u0159\u00edstupnit. Kdy\u017e jsou nakonec v\u0161echny podm\u00ednky spln\u011bny, \u010dek\u00e1 v\u00e1s \u010dty\u0159hodinov\u00e1 plavba po soustav\u011b podzemn\u00edch jezer a \u0159ek, v neosv\u011btlen\u00e9 jeskyni, nijak neupraven\u00e9 pro turisty. Proto je sou\u010d\u00e1st\u00ed prohl\u00eddky oble\u010den\u00ed se do nezbytn\u00e9ho vybaven\u00ed, jako je overal, hol\u00ednky a p\u0159ilba s lampou. Plavba gumov\u00fdmi \u010dluny mez kr\u00e1pn\u00edky, v dlouh\u00fdch koridorech nebo kolem podzemn\u00edch strov\u016f je nezapomenuteln\u00fd z\u00e1\u017eitek. Jeskyni si tak \u010dlov\u011bk u\u017eije \u00fapln\u011b jinak, ne\u017e chozen\u00edm po betonov\u00fdch chodn\u00ed\u010dc\u00edch s v\u0161udyp\u0159\u00edtomn\u00fdm osv\u011btlen\u00edm.<\/p>\n<p style=\"text-align: justify;\"><a title=\"Piran\" rel=\"lightbox[pics589]\" href=\"http:\/\/www.darkart.cz\/wp-content\/2008\/09\/piran.jpg\"><img loading=\"lazy\" class=\"attachment wp-att-593 alignleft\" style=\"float: left; margin-right: 10px;\" src=\"http:\/\/www.darkart.cz\/wp-content\/2008\/09\/piran.thumbnail.jpg\" alt=\"\" width=\"200\" height=\"150\" \/><\/a>Mimo jeskyn\u00ed jsme nav\u0161t\u00edvili i p\u016fsobiv\u00fd Predjamsky Grad zapu\u0161t\u011bn\u00fd do skaln\u00ed dutiny, nebo \u00fadol\u00ed Rakov-\u0160kocjan s krasov\u00fdmi jevy, \u0159ekami a p\u0159irozen\u00fdmi mosty. Velmi zaj\u00edmav\u00e1 byla i prohl\u00eddka rtu\u0165ov\u00fdch dol\u016f ve m\u011bst\u011b Idrija, kde se od prad\u00e1vna t\u011b\u017e\u00ed rtu\u0165 a \u010d\u00e1st dol\u016f je zp\u0159\u00edstupn\u011bna asi jeden a p\u016fl hodinovou prohl\u00eddkou. A\u010d jsme p\u0159ijeli pozd\u011b, pr\u016fvodci n\u00e1m vy\u0161li vst\u0159\u00edc a ud\u011blali pro n\u00e1s speci\u00e1ln\u011b dodate\u010dnou n\u00e1v\u0161t\u011bvu dol\u016f. P\u0159\u00edjemn\u00e9 ubytov\u00e1n\u00ed mezi vinicemi se n\u00e1m opou\u0161t\u011blo t\u011b\u017eko, ale volalo posledn\u00ed m\u00edsto na\u0161\u00ed cesty &#8211; p\u0159\u00edmo\u0159sk\u00fd Piran. Mal\u00e9 m\u011bste\u010dko s \u00fazk\u00fdmi uli\u010dkami a domy s okenicemi v italsk\u00e9m stylu bylo p\u0159\u00edjemn\u00fdm zakon\u010den\u00edm na\u0161\u00ed komorn\u00ed dovolen\u00e9.<\/p>\n<p style=\"text-align: justify;\">Po \u010dty\u0159ech letech jsem si tedy p\u0159ipomn\u011bl Slovinsko znovu, pod\u00edval se na nov\u00e1 m\u00edsta a stejn\u011b jako tehdy si \u0159\u00edk\u00e1m, \u017ee se ur\u010dit\u011b zase vr\u00e1t\u00edm. M\u016f\u017eu opravdu doporu\u010dit.<\/p>\n","protected":false},"excerpt":{"rendered":"<p>P\u0159ed \u010dty\u0159mi lety jsem se do Slovinska vypravil poprv\u00e9. Absolutn\u011b jsem netu\u0161il, co od t\u00e9 zem\u011b \u010dekat a mus\u00edm \u0159\u00edct, \u017ee jsem nelitoval. Jako odp\u016frce klasicky pojat\u00fdch dovolen\u00fdch, kdy se \u010dlov\u011bk jen v\u00e1l\u00ed v hotelov\u00e9m komplexu u mo\u0159e, jsem si Slovinsko u\u017eil po sv\u00e9m, daleko ak\u010dn\u011bji. Proto\u017ee mi tato zem\u011b u\u010darovala, zvl\u00e1\u0161t\u011b jej\u00ed p\u0159\u00edroda, klid [&hellip;]<\/p>\n","protected":false},"author":1,"featured_media":0,"comment_status":"open","ping_status":"open","sticky":false,"template":"","format":"standard","meta":{"ngg_post_thumbnail":0},"categories":[30],"tags":[],"_links":{"self":[{"href":"https:\/\/darkart.cz\/index.php?rest_route=\/wp\/v2\/posts\/589"}],"collection":[{"href":"https:\/\/darkart.cz\/index.php?rest_route=\/wp\/v2\/posts"}],"about":[{"href":"https:\/\/darkart.cz\/index.php?rest_route=\/wp\/v2\/types\/post"}],"author":[{"embeddable":true,"href":"https:\/\/darkart.cz\/index.php?rest_route=\/wp\/v2\/users\/1"}],"replies":[{"embeddable":true,"href":"https:\/\/darkart.cz\/index.php?rest_route=%2Fwp%2Fv2%2Fcomments&post=589"}],"version-history":[{"count":0,"href":"https:\/\/darkart.cz\/index.php?rest_route=\/wp\/v2\/posts\/589\/revisions"}],"wp:attachment":[{"href":"https:\/\/darkart.cz\/index.php?rest_route=%2Fwp%2Fv2%2Fmedia&parent=589"}],"wp:term":[{"taxonomy":"category","embeddable":true,"href":"https:\/\/darkart.cz\/index.php?rest_route=%2Fwp%2Fv2%2Fcategories&post=589"},{"taxonomy":"post_tag","embeddable":true,"href":"https:\/\/darkart.cz\/index.php?rest_route=%2Fwp%2Fv2%2Ftags&post=589"}],"curies":[{"name":"wp","href":"https:\/\/api.w.org\/{rel}","templated":true}]}}