{"id":609,"date":"2008-10-27T02:00:29","date_gmt":"2008-10-27T00:00:29","guid":{"rendered":"http:\/\/www.darkart.cz\/?p=609"},"modified":"2008-10-31T13:17:37","modified_gmt":"2008-10-31T11:17:37","slug":"bimba-v-obecnim-dome","status":"publish","type":"post","link":"https:\/\/darkart.cz\/?p=609","title":{"rendered":"Bimba v Obecn\u00edm dom\u011b"},"content":{"rendered":"<p style=\"text-align: justify;\"><img loading=\"lazy\" class=\"attachment wp-att-611 alignleft\" style=\"float: left; margin-right: 10px;\" src=\"http:\/\/www.darkart.cz\/wp-content\/2008\/10\/a00m.thumbnail.jpg\" alt=\"\" width=\"200\" height=\"263\" \/>P\u0159\u00edznivci \u010desk\u00e9 dobrodru\u017en\u00e9 ilustrace by m\u011bli zpozorn\u011bt &#8211; Obecn\u00ed d\u016fm v Praze host\u00ed p\u0159\u00edjemnou v\u00fdstavu nedocen\u011bn\u00e9ho a skoro zapomenut\u00e9ho Bohumila Kone\u010dn\u00e9ho, kter\u00fd je zn\u00e1m sp\u00ed\u0161e pod svou d\u011btskou p\u0159ezd\u00edvkou Bimba. Jeho d\u00edlo je srovnateln\u00e9 s mistrem \u017e\u00e1nru Zde\u0148kem Burianem a autorovy ilustrace v n\u011bkter\u00fdch ohledech p\u0159edb\u011bhly dobu. Nejen ilustrace pro knihy Otakara Batli\u010dky a Jaroslava Foglara, ale i reklamn\u00ed, budovatelsk\u00e9 a komiksov\u00e9 pr\u00e1ce, fotografie nebo karikatury z doby studi\u00ed &#8211; to, i \u0159adu dal\u0161\u00edch v\u011bc\u00ed m\u016f\u017eete na v\u00fdstav\u011b obdivovat. K dispozici je i p\u011bkn\u00e1 autorova monografie za 348,- K\u010d a pohledy s jeho ilustracemi. Samotn\u00e1 v\u00fdstava za\u010dala 10. \u0159\u00edjna a potrv\u00e1 a\u017e do 11. ledna 2009. V\u00edce o v\u00fdstav\u011b ale i o autorovi se dozv\u00edte <a href=\"http:\/\/www.bimba.cz\/\" target=\"_blank\">ZDE<\/a>.<\/p>\n","protected":false},"excerpt":{"rendered":"<p>P\u0159\u00edznivci \u010desk\u00e9 dobrodru\u017en\u00e9 ilustrace by m\u011bli zpozorn\u011bt &#8211; Obecn\u00ed d\u016fm v Praze host\u00ed p\u0159\u00edjemnou v\u00fdstavu nedocen\u011bn\u00e9ho a skoro zapomenut\u00e9ho Bohumila Kone\u010dn\u00e9ho, kter\u00fd je zn\u00e1m sp\u00ed\u0161e pod svou d\u011btskou p\u0159ezd\u00edvkou Bimba. Jeho d\u00edlo je srovnateln\u00e9 s mistrem \u017e\u00e1nru Zde\u0148kem Burianem a autorovy ilustrace v n\u011bkter\u00fdch ohledech p\u0159edb\u011bhly dobu. Nejen ilustrace pro knihy Otakara Batli\u010dky a Jaroslava [&hellip;]<\/p>\n","protected":false},"author":1,"featured_media":0,"comment_status":"open","ping_status":"open","sticky":false,"template":"","format":"standard","meta":{"ngg_post_thumbnail":0},"categories":[31],"tags":[37],"_links":{"self":[{"href":"https:\/\/darkart.cz\/index.php?rest_route=\/wp\/v2\/posts\/609"}],"collection":[{"href":"https:\/\/darkart.cz\/index.php?rest_route=\/wp\/v2\/posts"}],"about":[{"href":"https:\/\/darkart.cz\/index.php?rest_route=\/wp\/v2\/types\/post"}],"author":[{"embeddable":true,"href":"https:\/\/darkart.cz\/index.php?rest_route=\/wp\/v2\/users\/1"}],"replies":[{"embeddable":true,"href":"https:\/\/darkart.cz\/index.php?rest_route=%2Fwp%2Fv2%2Fcomments&post=609"}],"version-history":[{"count":0,"href":"https:\/\/darkart.cz\/index.php?rest_route=\/wp\/v2\/posts\/609\/revisions"}],"wp:attachment":[{"href":"https:\/\/darkart.cz\/index.php?rest_route=%2Fwp%2Fv2%2Fmedia&parent=609"}],"wp:term":[{"taxonomy":"category","embeddable":true,"href":"https:\/\/darkart.cz\/index.php?rest_route=%2Fwp%2Fv2%2Fcategories&post=609"},{"taxonomy":"post_tag","embeddable":true,"href":"https:\/\/darkart.cz\/index.php?rest_route=%2Fwp%2Fv2%2Ftags&post=609"}],"curies":[{"name":"wp","href":"https:\/\/api.w.org\/{rel}","templated":true}]}}