{"id":658,"date":"2009-10-02T15:17:44","date_gmt":"2009-10-02T13:17:44","guid":{"rendered":"http:\/\/www.darkart.cz\/?p=658"},"modified":"2009-10-02T15:17:44","modified_gmt":"2009-10-02T13:17:44","slug":"petr-gric-rozhovor-na-orf","status":"publish","type":"post","link":"https:\/\/darkart.cz\/?p=658","title":{"rendered":"Petr Gric &#8211; rozhovor na ORF"},"content":{"rendered":"<p style=\"text-align: justify;\"><a title=\"ArtefactIX\" rel=\"lightbox[pics658]\" href=\"http:\/\/www.darkart.cz\/wp-content\/2009\/10\/artefact-ix1.jpg\"><img loading=\"lazy\" class=\"attachment wp-att-659 alignleft\" style=\"float: left; margin-right: 10px;\" src=\"http:\/\/www.darkart.cz\/wp-content\/2009\/10\/artefact-ix1.thumbnail.jpg\" alt=\"\" width=\"200\" height=\"240\" \/><\/a>P\u0159\u00edznivce tvorby \u010desko-rakousk\u00e9ho um\u011blce <a href=\"http:\/\/www.darkart.cz\/?page_id=262\" target=\"_blank\">Petra Grice<\/a> jist\u011b pot\u011b\u0161\u00ed mo\u017enost poslechnout si rozhovor s n\u00edm, vys\u00edlan\u00fd na ORF. A to v \u010de\u0161tin\u011b. Rozhovor si m\u016f\u017eete poslechnout p\u0159es odkaz do zvukov\u00e9ho archivu r\u00e1dia &#8211; <a href=\"http:\/\/vgarchiv.orf.at\/austria\/vg_radio\/090918comenius.mp3\" target=\"_blank\">ZDE<\/a>. Bohu\u017eel nemohu nijak ru\u010dit za to, \u017ee nahr\u00e1vka bude st\u00e1le k dispozici, tak\u017ee pokud n\u00e1hodou p\u0159estane odkaz fungovat, bude nejsp\u00ed\u0161e na vin\u011b pr\u00e1v\u011b ORF. Petr v rozhovoru mluv\u00ed o sv\u00e9m p\u0159\u00edchodu do Rakouska, o studiu, o ran\u011bj\u0161\u00edch pracech, ale i o t\u011bch nejnov\u011bj\u0161\u00edch, kdy zmi\u0148uje i pou\u017e\u00edv\u00e1n\u00ed 3D modela\u010dn\u00edch program\u016f pro koncept sc\u00e9n. Rovn\u011b\u017e se zm\u00edn\u00ed o inspira\u010dn\u00edch zdroj\u00edch a tak\u00e9 o obsahu sv\u00fdch obraz\u016f, kdy zd\u016fraz\u0148uje, \u017ee nemaj\u00ed \u017e\u00e1dn\u00fd symbolick\u00fd v\u00fdznam. Pr\u00e1ci Petra Grice si m\u016f\u017eete prohl\u00e9dnout na jeho internetov\u00e9 prezentaci <a href=\"http:\/\/www.gric.at\">www.gric.at<\/a>.<\/p>\n","protected":false},"excerpt":{"rendered":"<p>P\u0159\u00edznivce tvorby \u010desko-rakousk\u00e9ho um\u011blce Petra Grice jist\u011b pot\u011b\u0161\u00ed mo\u017enost poslechnout si rozhovor s n\u00edm, vys\u00edlan\u00fd na ORF. A to v \u010de\u0161tin\u011b. Rozhovor si m\u016f\u017eete poslechnout p\u0159es odkaz do zvukov\u00e9ho archivu r\u00e1dia &#8211; ZDE. Bohu\u017eel nemohu nijak ru\u010dit za to, \u017ee nahr\u00e1vka bude st\u00e1le k dispozici, tak\u017ee pokud n\u00e1hodou p\u0159estane odkaz fungovat, bude nejsp\u00ed\u0161e na vin\u011b [&hellip;]<\/p>\n","protected":false},"author":1,"featured_media":0,"comment_status":"open","ping_status":"open","sticky":false,"template":"","format":"standard","meta":{"ngg_post_thumbnail":0},"categories":[32],"tags":[76],"_links":{"self":[{"href":"https:\/\/darkart.cz\/index.php?rest_route=\/wp\/v2\/posts\/658"}],"collection":[{"href":"https:\/\/darkart.cz\/index.php?rest_route=\/wp\/v2\/posts"}],"about":[{"href":"https:\/\/darkart.cz\/index.php?rest_route=\/wp\/v2\/types\/post"}],"author":[{"embeddable":true,"href":"https:\/\/darkart.cz\/index.php?rest_route=\/wp\/v2\/users\/1"}],"replies":[{"embeddable":true,"href":"https:\/\/darkart.cz\/index.php?rest_route=%2Fwp%2Fv2%2Fcomments&post=658"}],"version-history":[{"count":0,"href":"https:\/\/darkart.cz\/index.php?rest_route=\/wp\/v2\/posts\/658\/revisions"}],"wp:attachment":[{"href":"https:\/\/darkart.cz\/index.php?rest_route=%2Fwp%2Fv2%2Fmedia&parent=658"}],"wp:term":[{"taxonomy":"category","embeddable":true,"href":"https:\/\/darkart.cz\/index.php?rest_route=%2Fwp%2Fv2%2Fcategories&post=658"},{"taxonomy":"post_tag","embeddable":true,"href":"https:\/\/darkart.cz\/index.php?rest_route=%2Fwp%2Fv2%2Ftags&post=658"}],"curies":[{"name":"wp","href":"https:\/\/api.w.org\/{rel}","templated":true}]}}