{"id":685,"date":"2010-05-17T18:13:03","date_gmt":"2010-05-17T16:13:03","guid":{"rendered":"http:\/\/www.darkart.cz\/?p=685"},"modified":"2010-05-17T18:13:03","modified_gmt":"2010-05-17T16:13:03","slug":"kreta-2009","status":"publish","type":"post","link":"https:\/\/darkart.cz\/?p=685","title":{"rendered":"Kr\u00e9ta 2009"},"content":{"rendered":"<p style=\"text-align: justify;\"><a title=\"Pl\u00e1\u017e Balos\" rel=\"lightbox[pics685]\" href=\"http:\/\/www.darkart.cz\/wp-content\/2010\/05\/kreta_01_balos.jpg\"><img loading=\"lazy\" class=\"attachment wp-att-686 alignleft\" style=\"float: left; margin-right: 10px;\" src=\"http:\/\/www.darkart.cz\/wp-content\/2010\/05\/kreta_01_balos.thumbnail.jpg\" alt=\"\" width=\"200\" height=\"139\" \/><\/a>Proto\u017ee jsem p\u0159ed \u010dasem psal o <a href=\"http:\/\/www.darkart.cz\/?p=589\">v\u00fdprav\u011b do Slovinska<\/a>, rozhodl jsem se, \u017ee budu pokra\u010dovat. V polovin\u011b z\u00e1\u0159\u00ed minul\u00e9ho roku jsme se s p\u0159\u00e1teli vypravili na dal\u0161\u00ed spole\u010dnou cestu, tentokr\u00e1t na Kr\u00e9tu. Dlouho jsme zva\u017eovali, kam se pod\u00edvat, l\u00e1kala n\u00e1s Korsika, Kuba i dal\u0161\u00ed m\u00edsta, ale \u010das na\u0161e mo\u017enosti ne\u00faprosn\u011b zmen\u0161il, a proto jsme si vybrali Kr\u00e9tu, ze kter\u00e9 se v z\u00e1\u0159\u00ed zvolna vytr\u00e1c\u00ed turistick\u00fd zmatek, i dny s tropick\u00fdmi vedry. Ostrov s\u00e1m je turist\u016fm notoricky zn\u00e1m\u00fd, ale p\u0159izn\u00e1m se, \u017ee krom\u011b pam\u00e1tek z m\u00ednojsk\u00e9 civilizace, pl\u00e1\u017e\u00ed a hor jsem toho o Kr\u00e9t\u011b v\u011bd\u011bl m\u00e1lo. Proto jsem si opat\u0159il pr\u016fvodce a s n\u00edm, i s pomoc\u00ed internetu a map jsem se vrhnul do studia tohoto specifick\u00e9ho ostrova, co\u017e se pozd\u011bji uk\u00e1zalo jako dobr\u00fd tah.<!--more--><\/p>\n<p style=\"text-align: justify;\"><a title=\"Poho\u0159\u00ed Lefka Ori\" rel=\"lightbox[pics685]\" href=\"http:\/\/www.darkart.cz\/wp-content\/2010\/05\/kreta_02_lefka_ori.jpg\"><img loading=\"lazy\" class=\"attachment wp-att-687 alignleft\" style=\"float: left; margin-right: 10px;\" src=\"http:\/\/www.darkart.cz\/wp-content\/2010\/05\/kreta_02_lefka_ori.thumbnail.jpg\" alt=\"\" width=\"200\" height=\"139\" \/><\/a>Nesn\u00e1\u0161\u00edm a ani neprovozuji ba\u010dkor\u00e1ck\u00e9 cestov\u00e1n\u00ed stylem, kdy se turist\u00e9 rozvaluj\u00ed v komplexech nebo st\u0159edisc\u00edch a ob\u010das se vyprav\u00ed na fakultativn\u00ed v\u00fdlet. A na druhou stranu zase nejsem bl\u00e1zen, co p\u0159ijede do zem\u011b s ob\u0159\u00ed krosnou na z\u00e1dech a cestuje sem a tam autostopem nebo m\u00edstn\u00ed dopravou a sna\u017e\u00ed se vy\u017e\u00edt z p\u00e1r tis\u00edcovek. Proto byl pl\u00e1n cestky tradi\u010dn\u00ed a ov\u011b\u0159en\u00fd z p\u0159edchoz\u00edch zku\u0161enost\u00ed ze \u0160pan\u011blska a Slovinska &#8211; vlastn\u00ed auto. Tedy &#8220;vlastn\u00ed&#8221;, na Kr\u00e9t\u011b je to celkem probl\u00e9m, ne \u017ee by se tam nedalo s autem dojet, ale proto\u017ee tam funguje velmi mnoho autop\u016fj\u010doven, \u0159e\u0161en\u00ed se p\u0159\u00edmo nab\u00edz\u00ed. Letadlem od Smartwings jsme p\u0159ilet\u011bli do Chanie, kr\u00e1sn\u00e9ho m\u011bsta v z\u00e1padn\u00ed \u010d\u00e1sti Kr\u00e9ty. Ubytovali jsme se na strategick\u00e9m m\u00edst\u011b v Kalamaki, co\u017e je v podstat\u011b p\u0159edm\u011bst\u00ed Chanie na severn\u00edm pob\u0159e\u017e\u00ed, bludi\u0161t\u011b apartm\u00e1n\u016f a komplex\u016f. Proto\u017ee poka\u017ed\u00e9 p\u0159ed cestou studuji podrobn\u011b topografii p\u0159es Google Earth, v\u011bd\u011bl jsem, \u017ee n\u00e1\u0161 apartm\u00e1n je v dobr\u00e9m m\u00edst\u011b, p\u00e1r des\u00edtek metr\u016f od n\u00e1jezdu na jedinou kr\u00e9tskou d\u00e1lnici, kter\u00e1 vede jako p\u00e1te\u0159 cel\u00fdm ostrovem a bez j\u00edzdy po n\u00ed se \u010dlov\u011bk neobejde. Auto jsem si nechal p\u0159iv\u00e9zt z jedn\u00e9 p\u016fj\u010dovny, p\u0159ivezli ho tedy a\u017e z Heraklionu, ale i trochu vy\u0161\u0161\u00ed cena se vyplatila, proto\u017ee \u0161lo o prakticky novou Toyotu Corollu, tak\u017ee pohodl\u00ed cestov\u00e1n\u00ed bylo zaru\u010deno &#8211; nikdy bych nev\u011b\u0159il, co tahle limuz\u00edna zvl\u00e1dne v ter\u00e9nu, proto\u017ee kr\u00e9tsk\u00e9 silnice zvl\u00e1\u0161t\u011b mimo sever jsou \u0161t\u011brkov\u00e9, s v\u00fdtluky a valchovit\u00fdmi plochami, na kter\u00fdch se osv\u011bd\u010duj\u00ed mal\u00e9 ter\u00e9\u0148\u00e1\u010dky, kter\u00e9 si turist\u00e9 p\u016fj\u010duj\u00ed. Pro \u010dty\u0159i lidi jsou v\u0161ak u\u017e p\u0159\u00edli\u0161 mal\u00e9 a nepraktick\u00e9.<\/p>\n<p style=\"text-align: justify;\"><a title=\"Chania\" rel=\"lightbox[pics685]\" href=\"http:\/\/www.darkart.cz\/wp-content\/2010\/05\/kreta_03_chania.jpg\"><img loading=\"lazy\" class=\"attachment wp-att-688 alignleft\" style=\"float: left; margin-right: 10px;\" src=\"http:\/\/www.darkart.cz\/wp-content\/2010\/05\/kreta_03_chania.thumbnail.jpg\" alt=\"\" width=\"200\" height=\"139\" \/><\/a>Kr\u00e9\u0165an\u00e9 v\u011bt\u0161inou mluv\u00ed alespo\u0148 jednoduchou angli\u010dtinou, ale s domluvou nebyl \u017e\u00e1dn\u00fd probl\u00e9m, a tam, kde jsou turist\u00e9 u\u017e v\u016fbec ne. A proto\u017ee je Kr\u00e9ta vysloven\u011b turistick\u00e1, tak to lze vzt\u00e1hnout na cel\u00fd ostrov. Nen\u00ed probl\u00e9m narazit na \u010cechy, ale podobn\u011b jako Kypr je Kr\u00e9ta pohlcov\u00e1na hlavn\u011b rusk\u00fdmi turisty, o nich\u017e se ned\u00e1 mluvit v\u017edy pozitivn\u011b. Samotn\u00ed Kr\u00e9\u0165an\u00e9 jsou tak\u00e9 dost sv\u00e9r\u00e1zn\u00ed a nerad bych je m\u00edchal s ostatn\u00edmi \u0158eky, co\u017e by se jim asi nel\u00edbilo. Na jednu stranu jsou p\u0159\u00edjemn\u00ed, na druhou stranu v n\u011bkter\u00fdch m\u00edstech nev\u00e1haj\u00ed pou\u017e\u00edt podfuky na turisty v podob\u011b p\u0159edra\u017een\u00fdch tax\u00edk\u016f nebo dokonce se zap\u00edr\u00e1n\u00edm \u010das\u016f p\u0159\u00edjezd\u016f a odjezd\u016f m\u00edstn\u00ed dopravy proto, abyste je museli po\u017e\u00e1dat o odvoz, samoz\u0159ejm\u011b za pen\u00edze. Ka\u017ed\u00e1 zem\u011b m\u00e1 n\u011bco a turista je prakticky v\u0161ude br\u00e1n na h\u016fl, tak\u017ee to nep\u0159ekvap\u00ed a dojem z dovolen\u00e9 nepokaz\u00ed, ale ob\u010dasn\u00fd probl\u00e9m lehce na\u0161tve.<\/p>\n<p style=\"text-align: justify;\"><a title=\"Pl\u00e1\u017e Falasarna\" rel=\"lightbox[pics685]\" href=\"http:\/\/www.darkart.cz\/wp-content\/2010\/05\/kreta_05_falasarna.jpg\"><img loading=\"lazy\" class=\"attachment wp-att-690 alignleft\" style=\"float: left; margin-right: 10px;\" src=\"http:\/\/www.darkart.cz\/wp-content\/2010\/05\/kreta_05_falasarna.thumbnail.jpg\" alt=\"\" width=\"200\" height=\"150\" \/><\/a>Dojem z Kr\u00e9ty je ale jednozna\u010dn\u011b kladn\u00fd. U\u017e p\u0159i p\u0159\u00edletu, kdy boeing krou\u017eil nad Chani\u00ed se mezi mraky objevovaly kusy pob\u0159e\u017e\u00ed s tak modrou vodou, \u017ee to bylo neuv\u011b\u0159iteln\u00e9. Na mo\u0159e jsem se vysloven\u011b t\u011b\u0161il, zrovna tak ale i na dal\u0161\u00ed m\u00edsta, na kter\u00e1 jsme se rozhodli vyjet. Byl jsem trochu roz\u010darovan\u00fd z v\u00fd\u0161e zm\u00edn\u011bn\u00e9 d\u00e1lnice, kter\u00e1 se jako \u010dty\u0159proud\u00e1 d\u00e1lnice tv\u00e1\u0159ila jen ve m\u011bstech, mezi nimi to byla oby\u010dejn\u00e1 silnice, s rychlost\u00ed \u010dasto sn\u00ed\u017eenou i na 50km\/hod a s \u0161\u00edlen\u00fdm zp\u016fsobem p\u0159edj\u00ed\u017ed\u011bn\u00ed. Abych nezapomn\u011bl, Kr\u00e9\u0165an\u00e9, obecn\u011b jako \u0158ekov\u00e9, jezd\u00ed jako \u0161\u00edlenci. Zn\u00e1m\u00e9 je jejich riskantn\u00ed p\u0159edj\u00ed\u017ed\u011bn\u00ed, kter\u00e9ho jsem si u\u017eil vic ne\u017e dost. Cesty jsou doslova lemovan\u00e9 mal\u00fdmi kapli\u010dkami, kter\u00e9 ukazuj\u00ed, kde to kdo nevybral. Skoro v ka\u017ed\u00e9m m\u011bst\u011b i vesnici je obchod s kapli\u010dkami, z\u0159ejm\u011b je po nich velk\u00e1 popt\u00e1vka. Probl\u00e9m je, \u017ee na \u00fazk\u00fdch a k\u0159ivolak\u00fdch kr\u00e9tsk\u00fdch silnic\u00edch se bez p\u0159edjet\u00ed nikam nedostanete a jste odsouzeni k dlouh\u00e9 a \u00famorn\u00e9 j\u00edzd\u011b za n\u011bk\u00fdm pomal\u00fdm &#8211; a t\u00edm jsou nej\u010dast\u011bji turist\u00e9, vykulen\u00ed z ciz\u00edho prost\u0159ed\u00ed, plou\u017e\u00edc\u00ed se rychlost\u00ed zran\u011bn\u00e9ho hlem\u00fd\u017ed\u011b. Na\u0161t\u011bst\u00ed jich v toto obdob\u00ed u\u017e nebylo na silnic\u00edch mnoho, ale jak n\u00e1m \u0159ekl taxik\u00e1\u0159 z p\u0159\u00edstavu Sougia &#8211; v sez\u00f3n\u011b je to peklo. Vzhledem k tomu, \u017ee jsme m\u011bli dobr\u00e9 auto, jsem na sob\u011b po p\u00e1r dnech aklimatizace za\u010dal pozorovat prvn\u00ed projevy \u0159eck\u00e9ho \u0161\u00edlenstv\u00ed, kter\u00e9 se b\u011bhem dovolen\u00e9 vypilovaly do dokonalosti. P\u0159edj\u00ed\u017ed\u011bn\u00ed se stalo denn\u00edm chlebem, proto\u017ee jsme autem vyj\u00ed\u017ed\u011bli paprskovit\u011b od ubytov\u00e1n\u00ed do v\u0161ech sm\u011br\u016f ka\u017ed\u00fd den. P\u0159edjet turistu nebyl probl\u00e9m, p\u0159edjet Kr\u00e9\u0165ana nebyl probl\u00e9m, nebyl probl\u00e9m p\u0159edj\u00ed\u017ed\u011bn\u00ed p\u0159es plnou \u010d\u00e1ru, oby\u010dejn\u00e9 p\u0159edj\u00ed\u017ed\u011bn\u00ed, dvojit\u00e9, ani dokonce trojit\u00e9 (to u\u017e jsem se trochu b\u00e1l :). Pokud si \u010dlov\u011bk chce u\u017e\u00edt Kr\u00e9tu, bez auta se neobejde a \u0159idi\u010d se prost\u011b mus\u00ed adaptovat na m\u00edstn\u00ed zp\u016fsoby. Nikdy jsem se ale nec\u00edtil nebezpe\u010dn\u011b, a mimo hodn\u011b os\u00eddlen\u00fd sever je zbytek ostrova na \u0159\u00edzen\u00ed klidn\u00fd a bezprobl\u00e9mov\u00fd.<\/p>\n<p style=\"text-align: justify;\"><a title=\"N\u00e1horn\u00ed planina Lasithi\" rel=\"lightbox[pics685]\" href=\"http:\/\/www.darkart.cz\/wp-content\/2010\/05\/kreta_04_lasithi.jpg\"><img loading=\"lazy\" class=\"attachment wp-att-689 alignleft\" style=\"float: left; margin-right: 10px;\" src=\"http:\/\/www.darkart.cz\/wp-content\/2010\/05\/kreta_04_lasithi.thumbnail.jpg\" alt=\"\" width=\"200\" height=\"139\" \/><\/a>A \u017ee jsme toho najezdili opravdu hodn\u011b, nekone\u010dn\u00e9 serpentiny silnic mohou nat\u00e1hnout zd\u00e1nliv\u011b kr\u00e1tk\u00e9 vzd\u00e1lenosti na opravdu dlouh\u00fd p\u0159ejezd. Nebyl probl\u00e9m denn\u011b ujet 250 kilometr\u016f. N\u00e1\u0161 ubytovatel Majk i jeho \u017eena a jejich sme\u010dka ps\u016f nad n\u00e1mi kroutili hlavou a m\u011bli n\u00e1s za bl\u00e1zny, turistick\u00fd sever se probouz\u00ed nejd\u0159\u00edve kolem dev\u00e1t\u00e9 a\u017e des\u00e1t\u00e9 hodiny, my jsme vyj\u00ed\u017ed\u011bli n\u011bkdy i v osm, abychom se dostali t\u0159eba a\u017e na druh\u00fd konec ostrova. Jednou n\u00e1m navrhovali, kam bychom se mohli pod\u00edvat a s hr\u016fzou zjistili, \u017ee jsme tam v\u0161ude u\u017e byli. I kdy\u017e to bylo n\u00e1ro\u010dn\u00e9, st\u00e1lo to za to, proto\u017ee Kr\u00e9ta je kr\u00e1sn\u00e1. V\u011btrn\u00fd ostrov, s divok\u00fdm a na p\u0159\u00edrodn\u00ed kr\u00e1sy bohat\u00fdm z\u00e1padem, vyprahl\u00fdm st\u0159edem a v\u00fdchodem s archeologick\u00fdmi pam\u00e1tkami. Nejhez\u010d\u00ed m\u011bsto je z\u0159ejm\u011b st\u00e1le Chania, pln\u00e1 uli\u010dek s ben\u00e1tsk\u00fdmi a tureck\u00fdmi domy, podle toho, kdo si zrovna Kr\u00e9tu p\u0159isvojil. Z apartm\u00e1nu jsme za mo\u0159em vyj\u00ed\u017ed\u011bli nejv\u00edce na z\u00e1pad, kde je dob\u0159e p\u0159\u00edstupn\u00e1 pl\u00e1\u017e Falasarna, toho \u010dasu nep\u0159ecpan\u00e1 turisty, s p\u00e1r leh\u00e1tky, p\u00edskem, vlnami a \u00fatesy. Po k\u0159ivolak\u00e9m z\u00e1padn\u00edm pob\u0159e\u017e\u00ed jsme se dostali i na dal\u0161\u00ed vyhl\u00e1\u0161enou pl\u00e1\u017e Elafonisi, s r\u016f\u017eov\u00fdm p\u00edskem a m\u011bl\u010dinami t\u00e1hnouc\u00edmi se daleko do mo\u0159e. Nemohli jsme vynechat turisticky vyhl\u00e1\u0161enou sout\u011bsku Samaria, kter\u00e1 opravdu stoj\u00ed za projit\u00ed, i kdy\u017e je t\u0159eba \u010dasov\u011b dob\u0159e pl\u00e1novat, aby \u010dlov\u011bk stihnul na jej\u00edm konci lo\u010f odj\u00ed\u017ed\u011bj\u00edc\u00ed do p\u0159\u00edstav\u016f na jihu, jinak se toti\u017e ze sout\u011bsky dostat ned\u00e1. Podobn\u011b jsme pro\u0161li i sout\u011bsku Imbros, pod\u00edvali se k star\u00e9mu ben\u00e1tsk\u00e9mu hradu Frangocastello, nav\u0161t\u00edvili jsme kl\u00e1\u0161tery, jednak na poloostrovu nad Chani\u00ed i zn\u00e1m\u00fd Moni Preveli na jihu. Nemohli jsme minout Stavros, pod velk\u00fdm \u00fatesem, kde p\u0159ed 46 lety tan\u010dil \u0158ek Zorba.<\/p>\n<p style=\"text-align: justify;\"><a title=\"Marn\u00e9 \u010di\u0161t\u011bn\u00ed v\u011b\u010dn\u011b zapr\u00e1\u0161en\u00e9ho auta\" rel=\"lightbox[pics685]\" href=\"http:\/\/www.darkart.cz\/wp-content\/2010\/05\/hk_crete4.jpg\"><img loading=\"lazy\" class=\"attachment wp-att-693 alignleft\" style=\"float: left; margin-right: 10px;\" src=\"http:\/\/www.darkart.cz\/wp-content\/2010\/05\/hk_crete4.thumbnail.jpg\" alt=\"\" width=\"200\" height=\"253\" \/><\/a>Vzd\u00e1len\u00e9 cesty vedly p\u0159es ostrov k pam\u00e1tk\u00e1m jako je Knossos, star\u00e1 pevnost v Heraklionu a k v\u016fbec nejvzd\u00e1len\u011bj\u0161\u00edmu c\u00edli &#8211; k n\u00e1horn\u00ed planine Lasithi, kter\u00e1 je nejv\u011bt\u0161\u00ed na Kr\u00e9t\u011b. Planina je zn\u00e1m\u00e1 t\u00edm, \u017ee d\u0159\u00edve na n\u00ed st\u00e1lo obrovsk\u00e9 mno\u017estv\u00ed v\u011btrn\u00fdch ml\u00fdn\u016f, podle pr\u016fvodce a\u017e dvacet tis\u00edc, kter\u00e9 slou\u017eily nej\u010dast\u011bji k poh\u00e1n\u011bn\u00ed \u010derpadel pro zavla\u017eov\u00e1n\u00ed obrovsk\u00e9ho barevn\u00e9ho koberce pol\u00ed a pol\u00ed\u010dek, kter\u00fd je po planin\u011b rozlo\u017een a\u017e k obzoru. Nesm\u00edm zapomenout ani na cestu k p\u0159\u00edrodn\u00edmu jezeru Kournas, kter\u00e9 okupovali ru\u0161t\u00ed turist\u00e9 a kde na\u0161i kamar\u00e1dku m\u00e1lem se\u017eraly husokachny, kter\u00fdm neproz\u0159eteln\u011b n\u011bco hodila. Cesta pokra\u010dovala do Argyroupolis, m\u011bste\u010dka s prameny a vegetac\u00ed, kter\u00e9 bylo d\u00edky vod\u011b v\u00edce, ne\u017e je na Kr\u00e9t\u011b obvykl\u00e9. Ji\u017en\u00ed pl\u00e1\u017ee jsou \u010dast\u011bji kamenit\u00e9, s n\u00e1dhern\u00fdmi valouny s nejrozmanit\u011bj\u0161\u00edmi barvami a vzory, kter\u00e9 poch\u00e1zej\u00ed z hor, sva\u017euj\u00edc\u00edch se k mo\u0159i. Proto je zde mo\u0159e i hlub\u0161\u00ed a \u017eiv\u011bj\u0161\u00ed. Hodn\u011b na m\u011b zap\u016fsobila pl\u00e1\u017e Balos, na polostrov\u011b Gramvusa, kter\u00fd vyb\u00edh\u00e1 na sam\u00e9m severoz\u00e1pad\u011b Kr\u00e9ty. Balos je obt\u00ed\u017en\u011b p\u0159\u00edstupn\u00fd &#8211; bu\u010f je mo\u017en\u00e9 se tam nechat dov\u00e9zt lod\u00ed, ale tak se d\u011bje jen v typicky turistick\u00fdch mantinelech stovek lid\u00ed a limitovan\u00e9ho \u010dasu, po kter\u00fd je mo\u017en\u00e9 na pl\u00e1\u017ei b\u00fdt, ne\u017e lo\u010f odpluje. Dal\u0161\u00ed mo\u017enost\u00ed je doj\u00edt na pl\u00e1\u017e p\u011b\u0161ky, kolem polostrova a p\u0159es jeho h\u0159bet, co\u017e je ale cesta dlouh\u00e1 kolem deseti kilometr\u016f. T\u0159et\u00ed mo\u017enost je autem projet pra\u0161nou cestu na h\u0159eben a pak jen sej\u00edt k pl\u00e1\u017ei. Toyota dostala zabrat &#8211; i kdy\u017e byla p\u016fj\u010den\u00e1, choval jsem se k n\u00ed jako by byla moje vlastn\u00ed, a tak jsem se sna\u017eil jet co nej\u0161etrn\u011bji. J\u00edzda rychlost\u00ed nedosahuj\u00edc\u00ed ani 20km\/hod p\u0159es ostr\u00e9 \u0161pi\u010dat\u00e9 kameny, d\u00edry, valchy a r\u016fzn\u00e9 propadliny byl opravdu z\u00e1\u017eitek. Balos ale ur\u010dit\u011b st\u00e1l za to, proto\u017ee kdy\u017e jsme k n\u011bmu sch\u00e1zeli z h\u0159ebenu, tak jsem si p\u0159ipadal jako v Karibiku, a\u017e na chyb\u011bj\u00edc\u00ed palmy. B\u00edl\u00fd p\u00edsek, skaliska a laguny s tyrkysovou vodou p\u0159ech\u00e1zej\u00edc\u00ed do azurov\u00e9, \u00fapln\u00e1 fantazie. Procestovali jsme i jeskyn\u011b, kter\u00e9 na Kr\u00e9t\u011b jsou, i kdy\u017e s m\u00fdm obl\u00edben\u00fdm Slovinskem se nedaj\u00ed srovnat, p\u016fsob\u00ed i tak zaj\u00edmav\u011b a stoj\u00ed za to se do nich pod\u00edvat.<\/p>\n<p style=\"text-align: justify;\"><a title=\"Horsk\u00e1 vesnice Milia\" rel=\"lightbox[pics685]\" href=\"http:\/\/www.darkart.cz\/wp-content\/2010\/05\/kreta_06_milia.jpg\"><img loading=\"lazy\" class=\"attachment wp-att-691 alignleft\" style=\"float: left; margin-right: 10px;\" src=\"http:\/\/www.darkart.cz\/wp-content\/2010\/05\/kreta_06_milia.thumbnail.jpg\" alt=\"\" width=\"200\" height=\"150\" \/><\/a>Na jedn\u00e9 z posledn\u00edch cest jsme zav\u00edtali i do odlehl\u00e9 z\u00e1padn\u00ed \u010d\u00e1sti ostrova, kde je v hor\u00e1ch ukryt\u00e1 vesnice Milia, takov\u00fd skanzen slo\u017een\u00fd z \u0161estn\u00e1cti dom\u016f, kter\u00fd ukazuje, jak to vypadalo na Kr\u00e9t\u011b p\u0159ed mnoha lety. Cesta k vesnici stoup\u00e1 do hor, nejd\u0159\u00edve asfaltka, potom \u0161terkov\u00e1 cesta, na kter\u00e9 st\u011b\u017e\u00ed projedou dv\u011b auta proti sob\u011b. V hor\u00e1ch je neuv\u011b\u0159iteln\u00e9 ticho, jen v\u00edtr v korun\u00e1ch strom\u016f, n\u00edzk\u00e9 terasovit\u00e9 domky z kamene vypadaj\u00ed, jako by sem pat\u0159ily odjak\u017eiva. Vyt\u00e1hl\u00e9 kom\u00edny, mal\u00e1 okna, m\u00edstnosti, kde je podlaha \u010dasto jen udusan\u00e1 hl\u00edna. Milia nab\u00edz\u00ed ubytov\u00e1n\u00ed i restauraci v kamenn\u00e9m dom\u011b s tr\u00e1mov\u00fdm stropem. Osam\u011blost a odlehlost toho m\u00edsta je c\u00edtit na ka\u017ed\u00e9m kroku a navozuje dojem tradi\u010dn\u00ed kr\u00e9tsk\u00e9 horsk\u00e9 vesnice.<\/p>\n<p style=\"text-align: justify;\">Mohl bych toho napsat je\u0161t\u011b spoustu, ale ani tak by se Kr\u00e9ta nedala popsat takov\u00e1, jak\u00e1 ve skute\u010dnosti je. Proto je nejlep\u0161\u00ed se tam zajet pod\u00edvat osobn\u011b, vid\u011bt v\u0161echno na vlastn\u00ed o\u010di. Nejji\u017en\u011bj\u0161\u00ed \u0159eck\u00fd ostrov za to ur\u010dit\u011b stoj\u00ed, a pokud je \u010dlov\u011bk jen trochu ak\u010dn\u00ed a odm\u00edt\u00e1 primitivn\u00ed tr\u00e1ven\u00ed dovolen\u00e9, bude bohat\u011b odm\u011bn\u011bn.<\/p>\n","protected":false},"excerpt":{"rendered":"<p>Proto\u017ee jsem p\u0159ed \u010dasem psal o v\u00fdprav\u011b do Slovinska, rozhodl jsem se, \u017ee budu pokra\u010dovat. V polovin\u011b z\u00e1\u0159\u00ed minul\u00e9ho roku jsme se s p\u0159\u00e1teli vypravili na dal\u0161\u00ed spole\u010dnou cestu, tentokr\u00e1t na Kr\u00e9tu. Dlouho jsme zva\u017eovali, kam se pod\u00edvat, l\u00e1kala n\u00e1s Korsika, Kuba i dal\u0161\u00ed m\u00edsta, ale \u010das na\u0161e mo\u017enosti ne\u00faprosn\u011b zmen\u0161il, a proto jsme si [&hellip;]<\/p>\n","protected":false},"author":1,"featured_media":0,"comment_status":"open","ping_status":"open","sticky":false,"template":"","format":"standard","meta":{"ngg_post_thumbnail":0},"categories":[30],"tags":[],"_links":{"self":[{"href":"https:\/\/darkart.cz\/index.php?rest_route=\/wp\/v2\/posts\/685"}],"collection":[{"href":"https:\/\/darkart.cz\/index.php?rest_route=\/wp\/v2\/posts"}],"about":[{"href":"https:\/\/darkart.cz\/index.php?rest_route=\/wp\/v2\/types\/post"}],"author":[{"embeddable":true,"href":"https:\/\/darkart.cz\/index.php?rest_route=\/wp\/v2\/users\/1"}],"replies":[{"embeddable":true,"href":"https:\/\/darkart.cz\/index.php?rest_route=%2Fwp%2Fv2%2Fcomments&post=685"}],"version-history":[{"count":0,"href":"https:\/\/darkart.cz\/index.php?rest_route=\/wp\/v2\/posts\/685\/revisions"}],"wp:attachment":[{"href":"https:\/\/darkart.cz\/index.php?rest_route=%2Fwp%2Fv2%2Fmedia&parent=685"}],"wp:term":[{"taxonomy":"category","embeddable":true,"href":"https:\/\/darkart.cz\/index.php?rest_route=%2Fwp%2Fv2%2Fcategories&post=685"},{"taxonomy":"post_tag","embeddable":true,"href":"https:\/\/darkart.cz\/index.php?rest_route=%2Fwp%2Fv2%2Ftags&post=685"}],"curies":[{"name":"wp","href":"https:\/\/api.w.org\/{rel}","templated":true}]}}