{"id":759,"date":"2011-05-13T12:24:49","date_gmt":"2011-05-13T10:24:49","guid":{"rendered":"http:\/\/www.darkart.cz\/?p=759"},"modified":"2011-05-13T12:24:49","modified_gmt":"2011-05-13T10:24:49","slug":"solar-cargo","status":"publish","type":"post","link":"https:\/\/darkart.cz\/?p=759","title":{"rendered":"Solar Cargo"},"content":{"rendered":"<p style=\"text-align: justify;\"><a title=\"Solar Cargo\" rel=\"lightbox[pics759]\" href=\"http:\/\/www.darkart.cz\/wp-content\/2011\/05\/solar_cargo_1200.jpg\"><img loading=\"lazy\" class=\"attachment wp-att-760 alignleft\" style=\"float: left; margin-right: 10px;\" src=\"http:\/\/www.darkart.cz\/wp-content\/2011\/05\/solar_cargo_1200.thumbnail.jpg\" alt=\"\" width=\"200\" height=\"91\" \/><\/a>V z\u00e1plav\u011b pracovn\u00edch v\u011bc\u00ed jsem dostal chu\u0165 si vytvo\u0159it n\u011bco \u010dist\u011b pro sebe. A tak vznikla ilustrace star\u00e9 transportn\u00ed lodi, kter\u00e1 se des\u00edtky let potloukala vesm\u00edrem s nejr\u016fzn\u011bj\u0161\u00edm n\u00e1kladem, od nejr\u016fzn\u011bj\u0161\u00edch korporac\u00ed. Man\u00e9vruj\u00edc\u00ed v gravita\u010dn\u00edm poli velk\u00e9 z\u00e1kladny, kter\u00e1 vis\u00ed v mra\u010dnu prachu, p\u0159\u00edv\u00e1\u017e\u00ed lo\u010f sv\u016fj n\u00e1klad. P\u0159i pr\u00e1ci jsem si po\u0159izoval &#8220;sn\u00edmky&#8221; jednotliv\u00fdch f\u00e1z\u00ed, kter\u00e9 jsem pak primitivn\u011b zanimoval za sebou &#8211; jednoduch\u00e9 video je k vid\u011bn\u00ed na <a href=\"http:\/\/www.youtube.com\/watch?v=5Xq4O7ptdzE\" target=\"_blank\">youtube<\/a>.<\/p>\n","protected":false},"excerpt":{"rendered":"<p>V z\u00e1plav\u011b pracovn\u00edch v\u011bc\u00ed jsem dostal chu\u0165 si vytvo\u0159it n\u011bco \u010dist\u011b pro sebe. A tak vznikla ilustrace star\u00e9 transportn\u00ed lodi, kter\u00e1 se des\u00edtky let potloukala vesm\u00edrem s nejr\u016fzn\u011bj\u0161\u00edm n\u00e1kladem, od nejr\u016fzn\u011bj\u0161\u00edch korporac\u00ed. Man\u00e9vruj\u00edc\u00ed v gravita\u010dn\u00edm poli velk\u00e9 z\u00e1kladny, kter\u00e1 vis\u00ed v mra\u010dnu prachu, p\u0159\u00edv\u00e1\u017e\u00ed lo\u010f sv\u016fj n\u00e1klad. P\u0159i pr\u00e1ci jsem si po\u0159izoval &#8220;sn\u00edmky&#8221; jednotliv\u00fdch f\u00e1z\u00ed, [&hellip;]<\/p>\n","protected":false},"author":1,"featured_media":0,"comment_status":"open","ping_status":"open","sticky":false,"template":"","format":"standard","meta":{"ngg_post_thumbnail":0},"categories":[88,89],"tags":[71],"_links":{"self":[{"href":"https:\/\/darkart.cz\/index.php?rest_route=\/wp\/v2\/posts\/759"}],"collection":[{"href":"https:\/\/darkart.cz\/index.php?rest_route=\/wp\/v2\/posts"}],"about":[{"href":"https:\/\/darkart.cz\/index.php?rest_route=\/wp\/v2\/types\/post"}],"author":[{"embeddable":true,"href":"https:\/\/darkart.cz\/index.php?rest_route=\/wp\/v2\/users\/1"}],"replies":[{"embeddable":true,"href":"https:\/\/darkart.cz\/index.php?rest_route=%2Fwp%2Fv2%2Fcomments&post=759"}],"version-history":[{"count":0,"href":"https:\/\/darkart.cz\/index.php?rest_route=\/wp\/v2\/posts\/759\/revisions"}],"wp:attachment":[{"href":"https:\/\/darkart.cz\/index.php?rest_route=%2Fwp%2Fv2%2Fmedia&parent=759"}],"wp:term":[{"taxonomy":"category","embeddable":true,"href":"https:\/\/darkart.cz\/index.php?rest_route=%2Fwp%2Fv2%2Fcategories&post=759"},{"taxonomy":"post_tag","embeddable":true,"href":"https:\/\/darkart.cz\/index.php?rest_route=%2Fwp%2Fv2%2Ftags&post=759"}],"curies":[{"name":"wp","href":"https:\/\/api.w.org\/{rel}","templated":true}]}}