{"id":769,"date":"2011-06-23T22:03:04","date_gmt":"2011-06-23T20:03:04","guid":{"rendered":"http:\/\/www.darkart.cz\/?p=769"},"modified":"2011-06-23T22:03:04","modified_gmt":"2011-06-23T20:03:04","slug":"rozhovor","status":"publish","type":"post","link":"https:\/\/darkart.cz\/?p=769","title":{"rendered":"Rozhovor"},"content":{"rendered":"<p style=\"text-align: justify;\"><a title=\"p1000975_02\" rel=\"lightbox[pics769]\" href=\"http:\/\/www.darkart.cz\/wp-content\/2011\/06\/p1000975_02.jpg\"><img loading=\"lazy\" class=\"attachment wp-att-770 alignleft\" style=\"float: left;  margin-right: 10px;\" src=\"http:\/\/www.darkart.cz\/wp-content\/2011\/06\/p1000975_02.thumbnail.jpg\" alt=\"\" width=\"200\" height=\"125\" \/><\/a>P\u0159ed p\u00e1r t\u00fddny mne kontaktoval Jarda Sauer z port\u00e1lu Prochlapa.cz s \u017e\u00e1dost\u00ed o rozhovor. Souhlasil jsem, tak\u017ee rozhovor, kter\u00fd je n\u011bkolik dn\u00ed venku, si m\u016f\u017eete p\u0159e\u010d\u00edst <a href=\"http:\/\/www.prochlapa.cz\/rozhovor-meho-prvniho-klienta-zavreli.html\" target=\"_blank\">ZDE<\/a>. Je zam\u011b\u0159en hlavn\u011b na moje p\u016fsoben\u00ed v oblasti kni\u017en\u00ed ilustrace, ale p\u00e1r ot\u00e1zek je i z jin\u00e9ho soudku. Tradi\u010dn\u011b jsem se hodn\u011b rozepsal, tak\u017ee se muselo kr\u00e1tit.<\/p>\n<p style=\"text-align: justify;\">Mimo to DarkArt.cz ned\u00e1vno p\u0159ekonal hranici 100.000 p\u0159\u00edstup\u016f, co\u017e je tak\u00e9 mal\u00fd d\u016fvod k oslav\u011b \ud83d\ude42 Samoz\u0159ejm\u011b, mnoho p\u0159\u00edstup\u016f poch\u00e1z\u00ed od robot\u016f, ale i tak jsem ne\u010dekal, \u017ee t\u00e9hle hranice dos\u00e1hnu prakticky po t\u0159ech letech, co jsem web kompletn\u011b p\u0159ekopal ze star\u00e9 verze.<\/p>\n","protected":false},"excerpt":{"rendered":"<p>P\u0159ed p\u00e1r t\u00fddny mne kontaktoval Jarda Sauer z port\u00e1lu Prochlapa.cz s \u017e\u00e1dost\u00ed o rozhovor. Souhlasil jsem, tak\u017ee rozhovor, kter\u00fd je n\u011bkolik dn\u00ed venku, si m\u016f\u017eete p\u0159e\u010d\u00edst ZDE. Je zam\u011b\u0159en hlavn\u011b na moje p\u016fsoben\u00ed v oblasti kni\u017en\u00ed ilustrace, ale p\u00e1r ot\u00e1zek je i z jin\u00e9ho soudku. Tradi\u010dn\u011b jsem se hodn\u011b rozepsal, tak\u017ee se muselo kr\u00e1tit. Mimo [&hellip;]<\/p>\n","protected":false},"author":1,"featured_media":0,"comment_status":"open","ping_status":"open","sticky":false,"template":"","format":"standard","meta":{"ngg_post_thumbnail":0},"categories":[62,32],"tags":[68],"_links":{"self":[{"href":"https:\/\/darkart.cz\/index.php?rest_route=\/wp\/v2\/posts\/769"}],"collection":[{"href":"https:\/\/darkart.cz\/index.php?rest_route=\/wp\/v2\/posts"}],"about":[{"href":"https:\/\/darkart.cz\/index.php?rest_route=\/wp\/v2\/types\/post"}],"author":[{"embeddable":true,"href":"https:\/\/darkart.cz\/index.php?rest_route=\/wp\/v2\/users\/1"}],"replies":[{"embeddable":true,"href":"https:\/\/darkart.cz\/index.php?rest_route=%2Fwp%2Fv2%2Fcomments&post=769"}],"version-history":[{"count":0,"href":"https:\/\/darkart.cz\/index.php?rest_route=\/wp\/v2\/posts\/769\/revisions"}],"wp:attachment":[{"href":"https:\/\/darkart.cz\/index.php?rest_route=%2Fwp%2Fv2%2Fmedia&parent=769"}],"wp:term":[{"taxonomy":"category","embeddable":true,"href":"https:\/\/darkart.cz\/index.php?rest_route=%2Fwp%2Fv2%2Fcategories&post=769"},{"taxonomy":"post_tag","embeddable":true,"href":"https:\/\/darkart.cz\/index.php?rest_route=%2Fwp%2Fv2%2Ftags&post=769"}],"curies":[{"name":"wp","href":"https:\/\/api.w.org\/{rel}","templated":true}]}}