{"id":853,"date":"2011-12-22T21:06:40","date_gmt":"2011-12-22T19:06:40","guid":{"rendered":"http:\/\/www.darkart.cz\/?p=853"},"modified":"2011-12-22T22:49:05","modified_gmt":"2011-12-22T20:49:05","slug":"maxcon-a-pripravy-na-rocnik-2012","status":"publish","type":"post","link":"https:\/\/darkart.cz\/?p=853","title":{"rendered":"MAXCON a p\u0159\u00edpravy na ro\u010dn\u00edk 2012"},"content":{"rendered":"<p style=\"text-align: justify;\"><a title=\"Maxcon 2012\" rel=\"lightbox[pics853]\" href=\"http:\/\/www.darkart.cz\/wp-content\/2011\/12\/03.jpg\"><img loading=\"lazy\" class=\"attachment wp-att-854 alignleft\" style=\"float: left; margin-right: 10px;\" src=\"http:\/\/www.darkart.cz\/wp-content\/2011\/12\/03.thumbnail.jpg\" alt=\"\" width=\"200\" height=\"150\" \/><\/a>V posledn\u00ed dob\u011b se objevuj\u00ed ur\u010dit\u00e9 n\u00e1znaky, \u017ee zn\u00e1m\u00e1 grafick\u00e1 konference MAXCON by mohla zcela zm\u011bnit svou koncepci. Z m\u00e9ho pohledu je na tom nejzaj\u00edmav\u011bj\u0161\u00ed to, \u017ee by se tak mohlo st\u00e1t i sm\u011brem k 2D v\u00fdtvarn\u00edk\u016fm, tedy i do oblasti digit\u00e1ln\u00ed kresby a malby. Dlouhodob\u011b zanedban\u00fd obor, odk\u00e1zan\u00fd na samostudium, by tak mohl z\u00edskat kone\u010dn\u011b n\u011bjakou ofici\u00e1ln\u00ed podporu a sc\u00e9nu pro prezentaci, v\u00fdm\u011bnu zku\u0161enost\u00ed i nejr\u016fzn\u011bj\u0161\u00ed projekty, jako jsou knihy nebo videa. Organiz\u00e1to\u0159i zve\u0159ejnili \u017e\u00e1dost o \u00fa\u010dast v dotazn\u00edku, kter\u00fd je sou\u010d\u00e1st\u00ed p\u0159\u00edprav na nov\u00fd ro\u010dn\u00edk akce. P\u0159ipojit se m\u016f\u017ee ka\u017ed\u00fd, a\u0165 u\u017e \u00fa\u010dastn\u00edci minul\u00fdch ro\u010dn\u00edk\u016f, nebo i lid\u00e9, kte\u0159\u00ed by cht\u011bli sv\u00fdmi n\u00e1zory a p\u0159ipom\u00ednkami p\u0159isp\u011bt ke zlep\u0161en\u00ed konference. Pokud m\u00e1te z\u00e1jem se z\u00fa\u010dastnit a organiz\u00e1tor\u016fm pomoct, m\u016f\u017eete tak u\u010dinit v dotazn\u00edku, kter\u00fd najdete <a href=\"http:\/\/www.maxarea.com\/article.php?id=686\" target=\"_blank\">ZDE<\/a>.<\/p>\n","protected":false},"excerpt":{"rendered":"<p>V posledn\u00ed dob\u011b se objevuj\u00ed ur\u010dit\u00e9 n\u00e1znaky, \u017ee zn\u00e1m\u00e1 grafick\u00e1 konference MAXCON by mohla zcela zm\u011bnit svou koncepci. Z m\u00e9ho pohledu je na tom nejzaj\u00edmav\u011bj\u0161\u00ed to, \u017ee by se tak mohlo st\u00e1t i sm\u011brem k 2D v\u00fdtvarn\u00edk\u016fm, tedy i do oblasti digit\u00e1ln\u00ed kresby a malby. Dlouhodob\u011b zanedban\u00fd obor, odk\u00e1zan\u00fd na samostudium, by tak mohl z\u00edskat [&hellip;]<\/p>\n","protected":false},"author":1,"featured_media":0,"comment_status":"open","ping_status":"open","sticky":false,"template":"","format":"standard","meta":{"ngg_post_thumbnail":0},"categories":[31,64],"tags":[93],"_links":{"self":[{"href":"https:\/\/darkart.cz\/index.php?rest_route=\/wp\/v2\/posts\/853"}],"collection":[{"href":"https:\/\/darkart.cz\/index.php?rest_route=\/wp\/v2\/posts"}],"about":[{"href":"https:\/\/darkart.cz\/index.php?rest_route=\/wp\/v2\/types\/post"}],"author":[{"embeddable":true,"href":"https:\/\/darkart.cz\/index.php?rest_route=\/wp\/v2\/users\/1"}],"replies":[{"embeddable":true,"href":"https:\/\/darkart.cz\/index.php?rest_route=%2Fwp%2Fv2%2Fcomments&post=853"}],"version-history":[{"count":0,"href":"https:\/\/darkart.cz\/index.php?rest_route=\/wp\/v2\/posts\/853\/revisions"}],"wp:attachment":[{"href":"https:\/\/darkart.cz\/index.php?rest_route=%2Fwp%2Fv2%2Fmedia&parent=853"}],"wp:term":[{"taxonomy":"category","embeddable":true,"href":"https:\/\/darkart.cz\/index.php?rest_route=%2Fwp%2Fv2%2Fcategories&post=853"},{"taxonomy":"post_tag","embeddable":true,"href":"https:\/\/darkart.cz\/index.php?rest_route=%2Fwp%2Fv2%2Ftags&post=853"}],"curies":[{"name":"wp","href":"https:\/\/api.w.org\/{rel}","templated":true}]}}