{"id":861,"date":"2012-04-02T11:26:01","date_gmt":"2012-04-02T09:26:01","guid":{"rendered":"http:\/\/www.darkart.cz\/?p=861"},"modified":"2012-04-02T11:26:01","modified_gmt":"2012-04-02T09:26:01","slug":"rozhovor-fanzine-a-mediatimes","status":"publish","type":"post","link":"https:\/\/darkart.cz\/?p=861","title":{"rendered":"Rozhovor Fanzine a MediaTimes"},"content":{"rendered":"<p style=\"text-align: justify;\"><a title=\"Jan Dole\u017e\u00e1lek\" rel=\"lightbox[pics861]\" href=\"http:\/\/www.darkart.cz\/wp-content\/2012\/04\/jd_01.jpg\"><img loading=\"lazy\" class=\"attachment wp-att-862 alignleft\" style=\"float: left;  margin-right: 10px;\" src=\"http:\/\/www.darkart.cz\/wp-content\/2012\/04\/jd_01.thumbnail.jpg\" alt=\"\" width=\"200\" height=\"160\" \/><\/a>V\u010dera se na port\u00e1lu <a href=\"http:\/\/fanzine.topzine.cz\/\" target=\"_blank\">Fanzine.cz<\/a> objevil pom\u011brn\u011b dlouh\u00fd rozhovor, ve kter\u00e9m mne Martin Pe\u0161ka zpov\u00eddal ot\u00e1zkami nejen z oblasti kni\u017en\u00ed ilustrace. Rozhovor se dot\u00fdk\u00e1 i m\u00e9 profese ilustr\u00e1tora a pokra\u010duje pak na serveru <a href=\"http:\/\/www.mediatimes.cz\/\">MediaTimes.cz<\/a>. Rozhovor si m\u016f\u017eete p\u0159e\u010d\u00edst <a href=\"http:\/\/fanzine.topzine.cz\/vytvarnik-jan-dolezalek-musim-priznat-ze-ceskou-fantastiku-vubec-nectu\" target=\"_blank\">ZDE<\/a>.<\/p>\n<p style=\"text-align: justify;\">Krom\u011b toho se zd\u00e1, \u017ee ur\u010dit\u00e9 ilustrace vyjdou i za oce\u00e1nem, nebo\u0165 jsem dostal zak\u00e1zku od FFG pro Games Workshop na obr\u00e1zky do gamebooku Warhammeru 40k. Zat\u00edm jsou dv\u011b, uvid\u00edme, jak to bude v budoucnu.<\/p>\n","protected":false},"excerpt":{"rendered":"<p>V\u010dera se na port\u00e1lu Fanzine.cz objevil pom\u011brn\u011b dlouh\u00fd rozhovor, ve kter\u00e9m mne Martin Pe\u0161ka zpov\u00eddal ot\u00e1zkami nejen z oblasti kni\u017en\u00ed ilustrace. Rozhovor se dot\u00fdk\u00e1 i m\u00e9 profese ilustr\u00e1tora a pokra\u010duje pak na serveru MediaTimes.cz. Rozhovor si m\u016f\u017eete p\u0159e\u010d\u00edst ZDE. Krom\u011b toho se zd\u00e1, \u017ee ur\u010dit\u00e9 ilustrace vyjdou i za oce\u00e1nem, nebo\u0165 jsem dostal zak\u00e1zku od [&hellip;]<\/p>\n","protected":false},"author":1,"featured_media":0,"comment_status":"open","ping_status":"open","sticky":false,"template":"","format":"standard","meta":{"ngg_post_thumbnail":0},"categories":[62,32],"tags":[68],"_links":{"self":[{"href":"https:\/\/darkart.cz\/index.php?rest_route=\/wp\/v2\/posts\/861"}],"collection":[{"href":"https:\/\/darkart.cz\/index.php?rest_route=\/wp\/v2\/posts"}],"about":[{"href":"https:\/\/darkart.cz\/index.php?rest_route=\/wp\/v2\/types\/post"}],"author":[{"embeddable":true,"href":"https:\/\/darkart.cz\/index.php?rest_route=\/wp\/v2\/users\/1"}],"replies":[{"embeddable":true,"href":"https:\/\/darkart.cz\/index.php?rest_route=%2Fwp%2Fv2%2Fcomments&post=861"}],"version-history":[{"count":0,"href":"https:\/\/darkart.cz\/index.php?rest_route=\/wp\/v2\/posts\/861\/revisions"}],"wp:attachment":[{"href":"https:\/\/darkart.cz\/index.php?rest_route=%2Fwp%2Fv2%2Fmedia&parent=861"}],"wp:term":[{"taxonomy":"category","embeddable":true,"href":"https:\/\/darkart.cz\/index.php?rest_route=%2Fwp%2Fv2%2Fcategories&post=861"},{"taxonomy":"post_tag","embeddable":true,"href":"https:\/\/darkart.cz\/index.php?rest_route=%2Fwp%2Fv2%2Ftags&post=861"}],"curies":[{"name":"wp","href":"https:\/\/api.w.org\/{rel}","templated":true}]}}