{"id":875,"date":"2012-04-15T23:02:41","date_gmt":"2012-04-15T21:02:41","guid":{"rendered":"http:\/\/www.darkart.cz\/?p=875"},"modified":"2012-04-15T23:11:30","modified_gmt":"2012-04-15T21:11:30","slug":"www-jdolezalek-com-profesionalni-portfolio","status":"publish","type":"post","link":"https:\/\/darkart.cz\/?p=875","title":{"rendered":"www.jdolezalek.com &#8211; Profesion\u00e1ln\u00ed portfolio"},"content":{"rendered":"<p style=\"text-align: justify;\"><a href=\"http:\/\/www.jdolezalek.com\"><img loading=\"lazy\" class=\"alignleft size-full wp-image-876\" title=\"www.jdolezalek.com\" src=\"http:\/\/www.darkart.cz\/wp-content\/2012\/04\/jdolezalek_img-e1334520907584.jpg\" alt=\"\" width=\"200\" height=\"98\" \/><\/a>P\u0159ed p\u00e1r dny jsem spustil nov\u00e9 str\u00e1nky, kter\u00e9 jsou zam\u011b\u0159en\u00e9 v\u00fdhradn\u011b na profesion\u00e1ln\u00ed prezentaci, tedy jako webov\u00e9 portfolio. C\u00edlem byla naprost\u00e1 jednoduchost a p\u0159ehlednost, kter\u00e1 umo\u017e\u0148uje snadnou orientaci. Na str\u00e1nk\u00e1ch je mo\u017en\u00e9 naj\u00edt vybran\u00e9 pr\u00e1ce z n\u011bkolika odv\u011btv\u00ed, ve kter\u00fdch pracuji &#8211; od ilustrac\u00ed kni\u017en\u00edch ob\u00e1lek, p\u0159es reklamn\u00ed ilustraci a\u017e po plastiky a vlastn\u00ed pr\u00e1ce. Jde tedy hlavn\u011b o prezentaci sou\u010dasn\u00fdm i potencion\u00e1ln\u00edm klient\u016fm, kte\u0159\u00ed by m\u011bli z\u00e1jem se mnou spolupracovat na sv\u00fdch projektech. Proto budou tyto str\u00e1nky ofici\u00e1ln\u00ed, ale sp\u00ed\u0161e stati\u010dt\u011bj\u0161\u00ed, a t\u011bmi \u017eiv\u011bj\u0161\u00edmi by m\u011bl z\u016fstat nad\u00e1le DarkArt. M\u00e9 nov\u00e9 portfolio najdete na adrese: <a title=\"Jan Dolezalek | Portfolio\" href=\"http:\/\/www.jdolezalek.com\" target=\"_blank\">www.jdolezalek.com<\/a>.<\/p>\n","protected":false},"excerpt":{"rendered":"<p>P\u0159ed p\u00e1r dny jsem spustil nov\u00e9 str\u00e1nky, kter\u00e9 jsou zam\u011b\u0159en\u00e9 v\u00fdhradn\u011b na profesion\u00e1ln\u00ed prezentaci, tedy jako webov\u00e9 portfolio. C\u00edlem byla naprost\u00e1 jednoduchost a p\u0159ehlednost, kter\u00e1 umo\u017e\u0148uje snadnou orientaci. Na str\u00e1nk\u00e1ch je mo\u017en\u00e9 naj\u00edt vybran\u00e9 pr\u00e1ce z n\u011bkolika odv\u011btv\u00ed, ve kter\u00fdch pracuji &#8211; od ilustrac\u00ed kni\u017en\u00edch ob\u00e1lek, p\u0159es reklamn\u00ed ilustraci a\u017e po plastiky a vlastn\u00ed pr\u00e1ce. [&hellip;]<\/p>\n","protected":false},"author":1,"featured_media":0,"comment_status":"open","ping_status":"open","sticky":false,"template":"","format":"standard","meta":{"ngg_post_thumbnail":0},"categories":[62,30],"tags":[165,78],"_links":{"self":[{"href":"https:\/\/darkart.cz\/index.php?rest_route=\/wp\/v2\/posts\/875"}],"collection":[{"href":"https:\/\/darkart.cz\/index.php?rest_route=\/wp\/v2\/posts"}],"about":[{"href":"https:\/\/darkart.cz\/index.php?rest_route=\/wp\/v2\/types\/post"}],"author":[{"embeddable":true,"href":"https:\/\/darkart.cz\/index.php?rest_route=\/wp\/v2\/users\/1"}],"replies":[{"embeddable":true,"href":"https:\/\/darkart.cz\/index.php?rest_route=%2Fwp%2Fv2%2Fcomments&post=875"}],"version-history":[{"count":6,"href":"https:\/\/darkart.cz\/index.php?rest_route=\/wp\/v2\/posts\/875\/revisions"}],"predecessor-version":[{"id":880,"href":"https:\/\/darkart.cz\/index.php?rest_route=\/wp\/v2\/posts\/875\/revisions\/880"}],"wp:attachment":[{"href":"https:\/\/darkart.cz\/index.php?rest_route=%2Fwp%2Fv2%2Fmedia&parent=875"}],"wp:term":[{"taxonomy":"category","embeddable":true,"href":"https:\/\/darkart.cz\/index.php?rest_route=%2Fwp%2Fv2%2Fcategories&post=875"},{"taxonomy":"post_tag","embeddable":true,"href":"https:\/\/darkart.cz\/index.php?rest_route=%2Fwp%2Fv2%2Ftags&post=875"}],"curies":[{"name":"wp","href":"https:\/\/api.w.org\/{rel}","templated":true}]}}